{"id":15321,"date":"2021-05-14T18:29:40","date_gmt":"2021-05-14T16:29:40","guid":{"rendered":"http:\/\/comunitapastoralecassina.org\/ver2\/?p=15321"},"modified":"2021-05-14T18:29:42","modified_gmt":"2021-05-14T16:29:42","slug":"festa-dellausiliatrice","status":"publish","type":"post","link":"https:\/\/comunitapastoralecassina.org\/ver2\/2021\/05\/festa-dellausiliatrice\/","title":{"rendered":"Festa dell\u2019Ausiliatrice"},"content":{"rendered":"\n<div class=\"wp-block-image\"><figure class=\"alignright size-large is-resized\"><img loading=\"lazy\" decoding=\"async\" src=\"http:\/\/comunitapastoralecassina.org\/ver2\/wp-content\/uploads\/maria-ausiliatrice-1-768x1024.png\" alt=\"\" class=\"wp-image-12226\" width=\"352\" height=\"469\" srcset=\"https:\/\/comunitapastoralecassina.org\/ver2\/wp-content\/uploads\/maria-ausiliatrice-1-768x1024.png 768w, https:\/\/comunitapastoralecassina.org\/ver2\/wp-content\/uploads\/maria-ausiliatrice-1-225x300.png 225w\" sizes=\"auto, (max-width: 352px) 100vw, 352px\" \/><\/figure><\/div>\n\n\n\n<p>I primi a <em>\u201cfare festa\u201d <\/em>a <em>Maria Ausiliatrice <\/em>saranno i bimbi della nostra Scuola dell\u2019Infanzia <em>\u201cDon Ambrogio Verderio\u201d <\/em>che <strong>venerd\u00ec 21 maggio<\/strong> porteranno i loro <strong>fiori <\/strong>alla Madonna.<\/p>\n\n\n\n<p><strong>Sabato 22 maggio<\/strong>, nella <em>memoria di <\/em><em>Santa Rita da Cascia<\/em>, verr\u00e0 celebrata una S.Messa alle <strong><em>ore 8.30 <\/em><\/strong>dove, come la tradizione di Cassina ci insegna, verranno benedette le <strong>Rose<\/strong>. Proprio in Chiesa abbiamo una Statua di <em>Santa Rita <\/em>che don Bruno port\u00f2 qui a Cassina dopo un pellegrinaggio fatto con un gruppo di parrocchiani. In questa <strong>mattinata di sabato <\/strong><em>(dalle ore 9.30 alle ore 12.00) <\/em>sar\u00e0 possibile, chiedendo la protezione dell\u2019Ausiliatrice, far benedire la propria auto e soprattutto chiedere la benedizione su chi la conduce. Il tutto verr\u00e0 fatto sul parcheggio parrocchiale, dietro la Chiesa.<\/p>\n\n\n\n<p>Sabato e domenica, durante le SS. Messe, daremo la Benedizione con la Reliquia della B.V.Maria, e la S.Messa delle <strong><em>ore 10.30 <\/em><\/strong>di <strong>domenica 23 maggio <\/strong><em>(non ci saranno le SS.Messe delle ore 10.00 e delle ore 11.30) <\/em>sar\u00e0 celebrata sulla piazza della Chiesa perch\u00e9, al termine della celebrazione, verr\u00e0 intitolata la <em>piazza \u201ccomunale\u201d <\/em>al nostro Don Bruno.<\/p>\n\n\n\n<p><strong>Luned\u00ec 24 maggio<\/strong>, giorno liturgico della Festa dell\u2019Ausiliatrice, oltre alla S.Messa delle <strong><em>ore 8.30 <\/em><\/strong><em>(dove ricorderemo la nostra Comunit\u00e0 Pastorale <\/em><strong><em>\u201cMaria Madre della Chiesa\u201d<\/em><\/strong><em>) <\/em>celebreremo una S.Messa alle <strong><em>ore 10.30 <\/em><\/strong>per tutti i Malati della Comunit\u00e0 e daremo l\u2019Unzione con l\u2019Olio degli Infermi <em>(celebrer\u00e0 l\u2019Eucarestia il cappellano dell\u2019Ospedale di Cernusco)<\/em>.<\/p>\n\n\n\n<p>Alla <strong>sera di luned\u00ec <\/strong>faremo una Veglia particolare in <em>piazza della Chiesa (alle <\/em><strong><em>ore 20.30<\/em><\/strong><em>)<\/em>, con la Statua della Madonna Ausiliatrice dove alcuni <em>Gruppi, Associazioni e Rappresentanti della Comunit\u00e0 <\/em>si affideranno a Maria.<\/p>\n\n\n\n<p>La <strong>conclusione <\/strong>della Festa sar\u00e0 al Cimitero di Camporicco con la recita &nbsp;del S.Rosario, <strong>marted\u00ec 25 maggio<\/strong>, alle <strong><em>ore 20.30<\/em><\/strong>, pregando per i nostri cari Defunti.<\/p>\n\n\n\n<p>Oltre a questi intensi momenti <strong><em>\u201cspirituali\u201d <\/em><\/strong>ci sar\u00e0 la possibilit\u00e0 <em>(nel rispetto delle norme di sicurezza) <\/em>di vivere <em>\u201cin tono minore\u201d (rispetto agli scorsi anni) <\/em>delle occasioni di <strong><em>\u201cfraternit\u00e0\u201d <\/em><\/strong>in <em>Oratorio San Domenico Savio<\/em>.<\/p>\n\n\n\n<p>E come avviene in ogni Festa Patronale avremo la possibilit\u00e0 di <strong><em>\u201csostenere\u201d <\/em><\/strong>i <em>vari impegni <\/em>della Parrocchia<\/p>\n\n\n\n<p>grazie alla <strong>Pesca di beneficenza <\/strong>e alla vendita dei <strong>\u201cgadget della Festa\u201d <\/strong>(che sostituiscono la <em>tradizionale Lotteria<\/em>).<\/p>\n\n\n\n<p><em>Grazie di cuore a tutte e a tutti coloro che in un momento cos\u00ec \u201cparticolare\u201d dedicheranno tempo e passione, mostrando anche in questo \u201cservizio\u201d prezioso per una Festa, affetto e amore a Maria Ausiliatrice e alla nostra Comunit\u00e0.<\/em><em><\/em><\/p>\n\n\n\n<p class=\"has-text-align-center\"><em>Maria Ausiliatrice, Patrona di Cassina, preghi per noi e ci accompagni!<\/em><em><\/em><\/p>\n\n\n\n<p class=\"has-text-align-right\"><em>Don Massimo<\/em><\/p>\n","protected":false},"excerpt":{"rendered":"<p>I primi a \u201cfare festa\u201d a Maria Ausiliatrice saranno i bimbi della nostra Scuola dell\u2019Infanzia \u201cDon Ambrogio Verderio\u201d che venerd\u00ec 21 maggio porteranno i loro fiori alla Madonna. Sabato 22 maggio, nella memoria di Santa Rita da Cascia, verr\u00e0 celebrata una S.Messa alle ore 8.30 dove, come la tradizione di Cassina ci insegna, verranno benedette [&hellip;]<\/p>\n","protected":false},"author":2,"featured_media":0,"comment_status":"closed","ping_status":"open","sticky":false,"template":"","format":"standard","meta":{"footnotes":""},"categories":[19],"tags":[],"class_list":{"0":"post-15321","1":"post","2":"type-post","3":"status-publish","4":"format-standard","6":"category-prima-pagina"},"_links":{"self":[{"href":"https:\/\/comunitapastoralecassina.org\/ver2\/wp-json\/wp\/v2\/posts\/15321","targetHints":{"allow":["GET"]}}],"collection":[{"href":"https:\/\/comunitapastoralecassina.org\/ver2\/wp-json\/wp\/v2\/posts"}],"about":[{"href":"https:\/\/comunitapastoralecassina.org\/ver2\/wp-json\/wp\/v2\/types\/post"}],"author":[{"embeddable":true,"href":"https:\/\/comunitapastoralecassina.org\/ver2\/wp-json\/wp\/v2\/users\/2"}],"replies":[{"embeddable":true,"href":"https:\/\/comunitapastoralecassina.org\/ver2\/wp-json\/wp\/v2\/comments?post=15321"}],"version-history":[{"count":1,"href":"https:\/\/comunitapastoralecassina.org\/ver2\/wp-json\/wp\/v2\/posts\/15321\/revisions"}],"predecessor-version":[{"id":15322,"href":"https:\/\/comunitapastoralecassina.org\/ver2\/wp-json\/wp\/v2\/posts\/15321\/revisions\/15322"}],"wp:attachment":[{"href":"https:\/\/comunitapastoralecassina.org\/ver2\/wp-json\/wp\/v2\/media?parent=15321"}],"wp:term":[{"taxonomy":"category","embeddable":true,"href":"https:\/\/comunitapastoralecassina.org\/ver2\/wp-json\/wp\/v2\/categories?post=15321"},{"taxonomy":"post_tag","embeddable":true,"href":"https:\/\/comunitapastoralecassina.org\/ver2\/wp-json\/wp\/v2\/tags?post=15321"}],"curies":[{"name":"wp","href":"https:\/\/api.w.org\/{rel}","templated":true}]}}