{"id":1603,"date":"2008-04-14T16:03:00","date_gmt":"2008-04-14T15:03:00","guid":{"rendered":"http:\/\/www.parrocchiasmacassina.org\/?p=146"},"modified":"2013-01-25T21:40:45","modified_gmt":"2013-01-25T20:40:45","slug":"natale-2006","status":"publish","type":"post","link":"https:\/\/comunitapastoralecassina.org\/ver2\/2008\/04\/natale-2006\/","title":{"rendered":"Natale 2006"},"content":{"rendered":"<p align=\u201ccenter\u201d>Meno male che c\u2019\u00e8 questa nascita, nella notte,<br \/>\nper farci credere alla vita<br \/>\nche pu\u00f2 sgorgare con freschezza<br \/>\nanche da una terra troppo vecchia! <\/p>\n<p>Meno male che c\u2019\u00e8 questa stella, nella notte,<br \/>\nper farci credere<br \/>\nal chiarore della luce<br \/>\nche pu\u00f2 attraversare tutte<br \/>\nle oscurit\u00e0 che coprono la terra. <\/p>\n<p>Meno male che c\u2019\u00e8 questo bambino, nella notte,<br \/>\nper farci credere a Dio<br \/>\nche mette la sua dimora<br \/>\ntra gli uomini, sulla loro terra. <\/p>\n<p>Meno male che c\u2019\u00e8 Maria, nella notte,<br \/>\nper farci credere<br \/>\nalla tenerezza umana,<br \/>\nfragile culla in cui \u00e8 accolto<br \/>\nil Dio che viene al mondo.<\/p>\n<p>Meno male che c\u2019\u00e8 questo bambino, nella notte,<br \/>\nper farci credere<br \/>\nalla forza stupenda della fragilit\u00e0<br \/>\nperch\u00e9 con questo bambino povero,<br \/>\navvolto in fasce,<br \/>\ncomincia il lento cambiamento<br \/>\nche muta la faccia di questa terra e<br \/>\nla trasforma in un giardino<br \/>\ndi PACE e di FRATERNITA\u2019.<\/p>\n","protected":false},"excerpt":{"rendered":"<p>Meno male che c\u2019\u00e8 questa nascita, nella notte, per farci credere alla vita che pu\u00f2 sgorgare con freschezza anche da una terra troppo vecchia! Meno male che c\u2019\u00e8 questa stella, nella notte, per farci credere al chiarore della luce che pu\u00f2 attraversare tutte le oscurit\u00e0 che coprono la terra. Meno male che c\u2019\u00e8 questo bambino, [&hellip;]<\/p>\n","protected":false},"author":2,"featured_media":0,"comment_status":"closed","ping_status":"open","sticky":false,"template":"","format":"standard","meta":{"footnotes":""},"categories":[22],"tags":[],"class_list":{"0":"post-1603","1":"post","2":"type-post","3":"status-publish","4":"format-standard","6":"category-natale-e-tempo-di-avvento"},"_links":{"self":[{"href":"https:\/\/comunitapastoralecassina.org\/ver2\/wp-json\/wp\/v2\/posts\/1603","targetHints":{"allow":["GET"]}}],"collection":[{"href":"https:\/\/comunitapastoralecassina.org\/ver2\/wp-json\/wp\/v2\/posts"}],"about":[{"href":"https:\/\/comunitapastoralecassina.org\/ver2\/wp-json\/wp\/v2\/types\/post"}],"author":[{"embeddable":true,"href":"https:\/\/comunitapastoralecassina.org\/ver2\/wp-json\/wp\/v2\/users\/2"}],"replies":[{"embeddable":true,"href":"https:\/\/comunitapastoralecassina.org\/ver2\/wp-json\/wp\/v2\/comments?post=1603"}],"version-history":[{"count":1,"href":"https:\/\/comunitapastoralecassina.org\/ver2\/wp-json\/wp\/v2\/posts\/1603\/revisions"}],"predecessor-version":[{"id":5269,"href":"https:\/\/comunitapastoralecassina.org\/ver2\/wp-json\/wp\/v2\/posts\/1603\/revisions\/5269"}],"wp:attachment":[{"href":"https:\/\/comunitapastoralecassina.org\/ver2\/wp-json\/wp\/v2\/media?parent=1603"}],"wp:term":[{"taxonomy":"category","embeddable":true,"href":"https:\/\/comunitapastoralecassina.org\/ver2\/wp-json\/wp\/v2\/categories?post=1603"},{"taxonomy":"post_tag","embeddable":true,"href":"https:\/\/comunitapastoralecassina.org\/ver2\/wp-json\/wp\/v2\/tags?post=1603"}],"curies":[{"name":"wp","href":"https:\/\/api.w.org\/{rel}","templated":true}]}}