{"id":16903,"date":"2022-09-30T09:28:39","date_gmt":"2022-09-30T07:28:39","guid":{"rendered":"http:\/\/comunitapastoralecassina.org\/ver2\/?p=16903"},"modified":"2022-09-30T09:33:11","modified_gmt":"2022-09-30T07:33:11","slug":"unesperienza-ci-introduce-nellottobre-missionario","status":"publish","type":"post","link":"https:\/\/comunitapastoralecassina.org\/ver2\/2022\/09\/unesperienza-ci-introduce-nellottobre-missionario\/","title":{"rendered":"Un\u2019esperienza ci introduce nell\u2019ottobre missionario"},"content":{"rendered":"\n<div class=\"wp-block-image\"><figure class=\"alignright size-large\"><img loading=\"lazy\" decoding=\"async\" width=\"432\" height=\"325\" src=\"http:\/\/comunitapastoralecassina.org\/ver2\/wp-content\/uploads\/missionari.png\" alt=\"\" class=\"wp-image-16908\" srcset=\"https:\/\/comunitapastoralecassina.org\/ver2\/wp-content\/uploads\/missionari.png 432w, https:\/\/comunitapastoralecassina.org\/ver2\/wp-content\/uploads\/missionari-300x226.png 300w\" sizes=\"auto, (max-width: 432px) 100vw, 432px\" \/><\/figure><\/div>\n\n\n\n<p>Iniziando <em>l\u2019ottobre missionario<\/em> ho voluto coinvolgere due giovani della nostra Comunit\u00e0 che la scorsa estate <strong>hanno vissuto una particolare esperienza in Brasile<\/strong> grazie alla Congregazione delle Suore della Misericordia di <em>Suor Alessandra<\/em>. Vi anticipo che avremo modo di incontrarli e ascoltarli in Oratorio nel pomeriggio della Giornata Missionaria (<strong>domenica 23 ottobre<\/strong>). Per ora li ringrazio di cuore <em>(per essere stati disponibili a rispondere a qualche mia domanda)<\/em> e iniziamo cos\u00ec a conoscere qualcosa di loro e soprattutto dell\u2019esperienza intensa che hanno vissuto e desiderano condividere e raccontare\u2026<\/p>\n\n\n\n<p><strong>Ciao,<\/strong><strong> vi presentate in due parole?<\/strong><\/p>\n\n\n\n<p><em>(<\/em><strong>A)<\/strong> Sono Andrea, ho venti anni e studio Scienze Politiche all\u2019Universit\u00e0 Statale di Milano. Sono stato animatore alla CDR e in campeggio e ora sono educatore dei ragazzi del 2007.<\/p>\n\n\n\n<p>(<strong>R<\/strong>) Mi chiamo Rosana, ho 19 anni e frequento l\u2019ultimo anno di liceo delle scienze umane. L\u2019oratorio l\u2019ho sempre visto come un luogo in cui potersi sentire un po\u2019 come a casa, dirvertendosi, rilassandosi, condividendo tante cose e tanto tempo ma anche un luogo in cui poter avere un confronto con l\u2019altro\u2026Motivo per cui ho sempre scelto di farne parte.&nbsp;Da poco sono diventata educatrice dell\u2019annata 2008, scelta di cui non mi pentir\u00f2 mai per il cammino iniziato insieme.&nbsp;<\/p>\n\n\n\n<p><strong>Perch\u00e9<\/strong><strong> avete scelto questa esperienza?<\/strong><\/p>\n\n\n\n<p>(<strong>R<\/strong>) Questa \u00e8 una domanda difficile, a cui per\u00f2 ho sempre cercato di dare una risposta bene o male razionale. Di fatto se parti per questo tipo di esperienza \u00e9 perch\u00e9 desideri essere di aiuto, renderti disponibile all\u2019altro senza chiss\u00e0 quali pretese, ma mi sono resa conto coi giorni, con le settimane che \u00e9 anche un aspetto estremamente personale, un qualcosa che senti dentro\u2026 (Il mio: superare i miei limiti)<\/p>\n\n\n\n<p>(<strong>A<\/strong>) \u201cIl bene genera bene\u201d. Questa frase mi ha accompagnato, e mi accompagna tuttora, in ogni momento della mia vita. Ho deciso di vivere questa esperienza perch\u00e9 credo nella bellezza e nell\u2019importanza di poter aiutare chi ha bisogno di sostegno e sono convinto che queste azioni, se fatte con sincerit\u00e0 e un bel sorriso, sono capaci di restituirti emozioni che difficilmente si possono provare in altri modi.<\/p>\n\n\n\n<p><strong>Ci dite una cosa -tra le tante- che vi ha colpito?<\/strong><\/p>\n\n\n\n<p>(<strong>A<\/strong>) La cosa che pi\u00f9 di tutte mi ha stupito \u00e8 stato vedere l\u2019accoglienza che un\u2019intera comunit\u00e0 ci ha dato. Per tutta la durata della missione non mi sono mai sentito \u201cstraniero\u201d. Non smetter\u00f2 mai di pensare a tutte quelle persone che con semplici gesti come un saluto, una battuta o un piccolo regalo, ci hanno fatto sentire parte di una famiglia riscoprendo in questo modo la bellezza dell\u2019unione e della fratellanza.<\/p>\n\n\n\n<p>(<strong>R<\/strong>) Mi ha colpito questo Paese, questa Comunit\u00e0. Soprattutto per il fatto di essere una realt\u00e0 semplice e non complessa e gonfiata come, a volte, la nostra Societ\u00e0. Ho fatto la scoperta di come, con niente,&nbsp; puoi comunque fare, avere e sentire tutto.&nbsp;<\/p>\n\n\n\n<p><strong>Cosa<\/strong><strong> ha dato alla vostra vita questa particolare \u201cvacanza\u201d in Brasile?<\/strong><\/p>\n\n\n\n<p>(<strong>R<\/strong>) Un\u2019esperienza intensa che mi ha donato maggior consapevolezza rispetto a ci\u00f2 che pienamente rende contenti, felici e pu\u00f2 realmente farti stare bene. Ho sperimentato una gioia \u201cpiena\u201d.<\/p>\n\n\n\n<p>(<strong>A<\/strong>) Da quando sono tornato dal Brasile ho pensato molto a come non \u201cbuttar via\u201d tutte le esperienze che avevo vissuto. L\u2019insegnamento pi\u00f9 grande che ho ricevuto da questi giorni \u00e8 stato quello di aver capito che nella quotidianit\u00e0 \u00e8 fondamentale non essere indifferente a tutte quelle realt\u00e0 e situazioni di difficolt\u00e0 <em>che altre persone stanno vivendo e che troppo spesso siamo portati ad ignorare o, ancora peggio, facciamo finta di <\/em>non vedere. Ho sperimentato il \u201cprendermi a cuore\u201d dell\u2019altro.<\/p>\n\n\n\n<p><strong>Siete giovani e avete vissuto un\u2019esperienza cos\u00ec intensa.<\/strong> <strong>La consigliereste?<\/strong><\/p>\n\n\n\n<p>(<strong>A<\/strong>) Certamente, consiglio a tutti di vivere dei giorni a contatto con una realt\u00e0 completamente diversa dalla propria, ma che sono sicuro \u00e8 capace di insegnarti ad affrontare la vita in un modo diverso e pi\u00f9 maturo sia come uomo che come cristiano.<\/p>\n\n\n\n<p>(R) Naturalmente \u00e8 stata una delle esperienze pi\u00f9 intense e belle della mia vita. Quando uno sperimenta una gioia cos\u00ec grande non pu\u00f2 che augurarsi che siano in tanti a poterla vivere.<\/p>\n\n\n\n<p class=\"has-light-green-cyan-background-color has-background\">Grazie <strong>Rosana<\/strong>! Grazie <strong>Andrea<\/strong>!<br \/>Non c\u2019era modo migliore per iniziare l\u2019<em>ottobre missionario<\/em>.<br \/>Spero che in tanti possano essere presenti in Oratorio quando racconterete di persona e ci mostrerete le immagini della vostra indimenticabile esperienza in Brasile.<\/p>\n\n\n\n<p class=\"has-text-align-right\"><strong>Don Massino<\/strong><\/p>\n","protected":false},"excerpt":{"rendered":"<p>Iniziando l\u2019ottobre missionario ho voluto coinvolgere due giovani della nostra Comunit\u00e0 che la scorsa estate hanno vissuto una particolare esperienza in Brasile grazie alla Congregazione delle Suore della Misericordia di Suor Alessandra. Vi anticipo che avremo modo di incontrarli e ascoltarli in Oratorio nel pomeriggio della Giornata Missionaria (domenica 23 ottobre). Per ora li ringrazio [&hellip;]<\/p>\n","protected":false},"author":2,"featured_media":0,"comment_status":"closed","ping_status":"open","sticky":false,"template":"","format":"standard","meta":{"footnotes":""},"categories":[19],"tags":[],"class_list":{"0":"post-16903","1":"post","2":"type-post","3":"status-publish","4":"format-standard","6":"category-prima-pagina"},"_links":{"self":[{"href":"https:\/\/comunitapastoralecassina.org\/ver2\/wp-json\/wp\/v2\/posts\/16903","targetHints":{"allow":["GET"]}}],"collection":[{"href":"https:\/\/comunitapastoralecassina.org\/ver2\/wp-json\/wp\/v2\/posts"}],"about":[{"href":"https:\/\/comunitapastoralecassina.org\/ver2\/wp-json\/wp\/v2\/types\/post"}],"author":[{"embeddable":true,"href":"https:\/\/comunitapastoralecassina.org\/ver2\/wp-json\/wp\/v2\/users\/2"}],"replies":[{"embeddable":true,"href":"https:\/\/comunitapastoralecassina.org\/ver2\/wp-json\/wp\/v2\/comments?post=16903"}],"version-history":[{"count":2,"href":"https:\/\/comunitapastoralecassina.org\/ver2\/wp-json\/wp\/v2\/posts\/16903\/revisions"}],"predecessor-version":[{"id":16909,"href":"https:\/\/comunitapastoralecassina.org\/ver2\/wp-json\/wp\/v2\/posts\/16903\/revisions\/16909"}],"wp:attachment":[{"href":"https:\/\/comunitapastoralecassina.org\/ver2\/wp-json\/wp\/v2\/media?parent=16903"}],"wp:term":[{"taxonomy":"category","embeddable":true,"href":"https:\/\/comunitapastoralecassina.org\/ver2\/wp-json\/wp\/v2\/categories?post=16903"},{"taxonomy":"post_tag","embeddable":true,"href":"https:\/\/comunitapastoralecassina.org\/ver2\/wp-json\/wp\/v2\/tags?post=16903"}],"curies":[{"name":"wp","href":"https:\/\/api.w.org\/{rel}","templated":true}]}}