{"id":16922,"date":"2022-10-07T15:08:00","date_gmt":"2022-10-07T13:08:00","guid":{"rendered":"http:\/\/comunitapastoralecassina.org\/ver2\/?p=16922"},"modified":"2022-10-07T15:08:02","modified_gmt":"2022-10-07T13:08:02","slug":"perche","status":"publish","type":"post","link":"https:\/\/comunitapastoralecassina.org\/ver2\/2022\/10\/perche\/","title":{"rendered":"Perch\u00e9 ?"},"content":{"rendered":"\n<div class=\"wp-block-image\"><figure class=\"alignright size-large is-resized\"><img loading=\"lazy\" decoding=\"async\" src=\"http:\/\/comunitapastoralecassina.org\/ver2\/wp-content\/uploads\/preghiera.png\" alt=\"\" class=\"wp-image-16923\" width=\"241\" height=\"416\" srcset=\"https:\/\/comunitapastoralecassina.org\/ver2\/wp-content\/uploads\/preghiera.png 522w, https:\/\/comunitapastoralecassina.org\/ver2\/wp-content\/uploads\/preghiera-174x300.png 174w\" sizes=\"auto, (max-width: 241px) 100vw, 241px\" \/><\/figure><\/div>\n\n\n\n<p>In questo <em>Ottobre Missionario<\/em>, come Comunit\u00e0 cristiana, vivremo l\u2019esperienza di una intera <strong>Settimana Eucaristica<\/strong> <em>(da luned\u00ec 17 a venerd\u00ec 21 ottobre)<\/em>. S\u00ec, una settimana di <em>preghiera<\/em>, di <em>ascolto<\/em>, di <em>adorazione<\/em>, di <em>celebrazione<\/em> e di r<em>accoglimento <\/em>davanti all\u2019<strong>Eucarestia<\/strong>.<\/p>\n\n\n\n<p><strong>Perch\u00e9?<\/strong> <em>(qualcuno, giustamente, potrebbe chiederselo)<\/em>.<\/p>\n\n\n\n<p>Il nostro <strong><em>Arcivescovo Mario<\/em><\/strong>, come forse avete gi\u00e0 sentito o avuto modo di conoscere, nella proposta pastorale che ha fatto alla <em>Diocesi <\/em><em>(\u201c<strong>Kyrie<\/strong>, <strong>Alleluia<\/strong>, <strong>Amen<\/strong>. Pregare per vivere, nella Chiesa come discepoli\u201d)<\/em> ci invita a recuperare l\u2019essenziale: la <em>preghiera<\/em>, la <em>celebrazione<\/em> dell\u2019Eucarestia, l\u2019<em>ascolto<\/em> della Parola\u2026<\/p>\n\n\n\n<p>Tra i vari motivi che l\u2019hanno spinto a questa <em>\u201cscelta\u201d<\/em> vorrei condividerne uno, che ritengo significativo per me e per il cammino della nostra Chiesa di Milano: il <em>ricordo<\/em> del <strong><em>cardinal C.M.Martini<\/em><\/strong>.<\/p>\n\n\n\n<p>Pensate, la prima indicazione pastorale che, nel 1980, il neo-Arcivescovo gesuita Martini <em>(nominato, da Giovanni Paolo II, Vescovo a Milano)<\/em> ha offerto alla nostra Chiesa Ambrosiana \u00e8 stata La dimensione contemplativa della vita.<\/p>\n\n\n\n<p>Dice il nostro Arcivescovo Mario che <em>\u201cquella lettera pastorale \u00e8 stata sorprendente e provvidenziale\u201d<\/em>; come pure il Magistero di <strong><em>Papa Francesco<\/em><\/strong> che indica come <em>\u201cessenziale la preghiera per rendere possibile e feconda la missione di annunciare il Vangelo nella gioia\u201d<\/em>.<\/p>\n\n\n\n<p>Infatti facendo riferimento alla <strong><em>Evangelii Gaudium<\/em><\/strong> troviamo: <em><\/em><\/p>\n\n\n\n<p><em>\u201cEvangelizzatori con Spirito significa evangelizzatori che pregano e lavorano. Dal punto di vista dell\u2019evangelizzazione, non servono n\u00e9 le proposte mistiche senza un forte impegno sociale e missionario, n\u00e9 i discorsi e le prassi sociali e pastorali senza una spiritualit\u00e0 che trasformi il cuore. Tali proposte parziali e disgreganti raggiungono solo piccoli gruppi e non hanno una forza di ampia penetrazione, perch\u00e9 mutilano il Vangelo. Occorre sempre coltivare uno spazio interiore che conferisca senso cristiano all\u2019impegno e all\u2019attivit\u00e0. Senza momenti prolungati di adorazione, di incontro orante con la Parola, di dialogo sincero con il Signore, facilmente i compiti si svuotano di significato, ci indeboliamo per la stanchezza e le difficolt\u00e0, e il fervore si spegne. La Chiesa non pu\u00f2 fare a meno del polmone della preghiera, e mi rallegra immensamente che si moltiplichino in tutte le istituzioni ecclesiali i gruppi di preghiera, di intercessione, di lettura orante della Parola, le adorazioni perpetue dell\u2019Eucaristia. Nello stesso tempo \u00absi deve respingere la tentazione di una spiritualit\u00e0 intimistica e individualistica, che mal si comporrebbe con le esigenze della carit\u00e0, oltre che con la logica dell\u2019Incarnazione\u00bb. C\u2019\u00e8 il rischio che alcuni momenti di preghiera diventino una scusa per evitare di donare la vita nella missione, perch\u00e9 la privatizzazione dello stile di vita pu\u00f2 condurre i cristiani a rifugiarsi in qualche falsa spiritualit\u00e0\u201d.&nbsp;&nbsp;&nbsp;&nbsp;&nbsp;&nbsp;&nbsp;&nbsp;&nbsp;<\/em><em>(<strong>EG 262<\/strong>)<\/em><\/p>\n\n\n\n<p>Ecco perch\u00e9 desideriamo invitare i cristiani della nostra Comunit\u00e0 di Cassina a vivere intensamente questa <em>\u201cSettimana Eucaristica\u201d<\/em>. Nel <strong>depliant<\/strong> che potete ritirare con l\u2019<em>Insieme<\/em>, trovate il <em>programma<\/em> di questa esperienza di preghiera con alcuni momenti per la preghiera personale ed altri comunitari, guidati ed accompagnati. Avremo modo di <em>\u201csostare\u201d<\/em> in <strong>silenzio di Adorazione<\/strong> anche per una intera notte.<\/p>\n\n\n\n<p><em>Chiss\u00e0, sarebbe bello trovare in Chiesa, anche per pochi minuti, intere famiglie o coppie di fidanzati o adolescenti e giovani o semplicemente dei pap\u00e0 o delle mamme\u2026 in preghiera davanti a Ges\u00f9 Eucarestia.<\/em><\/p>\n\n\n\n<p>Con l\u2019augurio che possa essere un\u2019occasione di Grazia per ognuno di noi e per il nostro cammino!<\/p>\n\n\n\n<p><strong>Don Massimo<\/strong><\/p>\n","protected":false},"excerpt":{"rendered":"<p>In questo Ottobre Missionario, come Comunit\u00e0 cristiana, vivremo l\u2019esperienza di una intera Settimana Eucaristica (da luned\u00ec 17 a venerd\u00ec 21 ottobre). S\u00ec, una settimana di preghiera, di ascolto, di adorazione, di celebrazione e di raccoglimento davanti all\u2019Eucarestia. Perch\u00e9? (qualcuno, giustamente, potrebbe chiederselo). Il nostro Arcivescovo Mario, come forse avete gi\u00e0 sentito o avuto modo di [&hellip;]<\/p>\n","protected":false},"author":2,"featured_media":0,"comment_status":"closed","ping_status":"open","sticky":false,"template":"","format":"standard","meta":{"footnotes":""},"categories":[19],"tags":[],"class_list":{"0":"post-16922","1":"post","2":"type-post","3":"status-publish","4":"format-standard","6":"category-prima-pagina"},"_links":{"self":[{"href":"https:\/\/comunitapastoralecassina.org\/ver2\/wp-json\/wp\/v2\/posts\/16922","targetHints":{"allow":["GET"]}}],"collection":[{"href":"https:\/\/comunitapastoralecassina.org\/ver2\/wp-json\/wp\/v2\/posts"}],"about":[{"href":"https:\/\/comunitapastoralecassina.org\/ver2\/wp-json\/wp\/v2\/types\/post"}],"author":[{"embeddable":true,"href":"https:\/\/comunitapastoralecassina.org\/ver2\/wp-json\/wp\/v2\/users\/2"}],"replies":[{"embeddable":true,"href":"https:\/\/comunitapastoralecassina.org\/ver2\/wp-json\/wp\/v2\/comments?post=16922"}],"version-history":[{"count":1,"href":"https:\/\/comunitapastoralecassina.org\/ver2\/wp-json\/wp\/v2\/posts\/16922\/revisions"}],"predecessor-version":[{"id":16924,"href":"https:\/\/comunitapastoralecassina.org\/ver2\/wp-json\/wp\/v2\/posts\/16922\/revisions\/16924"}],"wp:attachment":[{"href":"https:\/\/comunitapastoralecassina.org\/ver2\/wp-json\/wp\/v2\/media?parent=16922"}],"wp:term":[{"taxonomy":"category","embeddable":true,"href":"https:\/\/comunitapastoralecassina.org\/ver2\/wp-json\/wp\/v2\/categories?post=16922"},{"taxonomy":"post_tag","embeddable":true,"href":"https:\/\/comunitapastoralecassina.org\/ver2\/wp-json\/wp\/v2\/tags?post=16922"}],"curies":[{"name":"wp","href":"https:\/\/api.w.org\/{rel}","templated":true}]}}