{"id":17024,"date":"2022-11-06T13:32:57","date_gmt":"2022-11-06T12:32:57","guid":{"rendered":"http:\/\/comunitapastoralecassina.org\/ver2\/?p=17024"},"modified":"2024-09-26T11:19:20","modified_gmt":"2024-09-26T09:19:20","slug":"visita-alle-famiglie","status":"publish","type":"post","link":"https:\/\/comunitapastoralecassina.org\/ver2\/2022\/11\/visita-alle-famiglie\/","title":{"rendered":"Visita alle famiglie e appuntamenti per il Natale"},"content":{"rendered":"\n<p>I Sacerdoti e il seminarista passeranno <strong>dalle ore 18.00<\/strong><\/p>\n\n\n\n<h2 class=\"wp-block-heading\"><strong>Sant\u2019Agata v.m.<\/strong><strong><\/strong><\/h2>\n\n\n\n<ul class=\"wp-block-list\"><li>Luned\u00ec <strong>7 novembre &#8211; <\/strong><em>Pertini<\/em><\/li><li>Marted\u00ec <strong>8 novembre<\/strong> &#8211; <em>Colombo e san fermo<\/em><\/li><li>Mercoled\u00ec <strong>9 novembre &#8211;<\/strong> <em>Iv novembre e i maggio<\/em><\/li><li>Gioved\u00ec <strong>10 novembre<\/strong> &#8211; <em>Torrente molgora<\/em><\/li><li>Venerd\u00ec <strong>11 novembre<\/strong> &#8211; <em>Cascinello e artigianato <\/em><\/li><li>Luned\u00ec <strong>28 novembre &#8211; <\/strong><em><\/em><em>Vismara e Largo Cooperativa<\/em><\/li><li>Marted\u00ec <strong>29 novembre<\/strong> &#8211; <em><\/em><em>XXV aprile<\/em><\/li><li>Venerd\u00ec <strong>2 dicembre<\/strong> &#8211; <em><\/em><em>Villa Magri e Cascina Pirotta<\/em><\/li><li>Luned\u00ec <strong>5 dicembre<\/strong> &#8211; <em><\/em><em><\/em><em>Villa Quiete e Caselli <\/em><\/li><li>Luned\u00ec <strong>12 dicembre<\/strong> &#8211; <em><\/em><em><\/em><em>Villa Pompea<\/em><\/li><\/ul>\n\n\n\n<h2 class=\"wp-block-heading\"><strong>Nativit\u00e0 di Maria vergine<\/strong><\/h2>\n\n\n\n<ul class=\"wp-block-list\"><li>Luned\u00ec <strong>14 novembre<\/strong> &#8211; <em>Urano<\/em>, <em>nettuno<\/em>, <em>saturno, giove<\/em>, <em>marte, venere<\/em>, <em>mercurio<\/em><\/li><li>Marted\u00ec <strong>15 novembre &#8211; <\/strong>Plutone, torino, leone, bilancia, acquario, vergine<\/li><li>Mercoled\u00ec <strong>16 novembre &#8211; <\/strong><em>Don gnocchi, michelangelo<\/em>, <em>copernico<\/em>, <em>galileo<\/em>, <em>da vinci<\/em>, <em>meucci<\/em> <\/li><li>Gioved\u00ec <strong>17 novembre &#8211; <\/strong><em>Cassiopea <\/em><\/li><li>Venerd\u00ec <strong>18 novembre<\/strong> &#8211; <em>Sirio (numeri pari), vicolo del toro<\/em><\/li><li>Luned\u00ec <strong>21 novembre<\/strong> &#8211; <em><\/em><em>Sirio (numeri dispari dal 5 al 15), P.zza Europa, Milano n. 1<\/em>, <em>Verderio n. 1 \u00a0e <\/em>\u00a0n.2<\/li><li>Marted\u00ec <strong>22 novembre &#8211; <\/strong><em>Viale Triste n. 5 e n. 7<\/em><\/li><li>Mercoled\u00ec <strong>23 novembre &#8211; <\/strong><em><\/em><em>Antares<\/em>, <em>Centauro<\/em>, <em>Granchio<\/em>, <em>Milano<\/em> n. 3 e <em>n. 5<\/em><\/li><li>Gioved\u00ec <strong>24 novembre &#8211; <\/strong><em><\/em><em>Dell\u2019Orsa Minore e Dell\u2019Orsa Maggiore<\/em> <\/li><li>Venerd\u00ec <strong>25 novembre<\/strong> &#8211; <em><\/em><em>Don Verderio nn. dal 3 al 47<\/em><\/li><li>Mercoled\u00ec <strong>30 novembre &#8211; <\/strong><em><\/em><em>Napoli<\/em><\/li><li>Gioved\u00ec <strong>1 dicembre &#8211; <\/strong><em><\/em><em><\/em><em>Viale Trieste (numeri pari), Vicolo Fiorita<\/em><\/li><li>Marted\u00ec <strong>6 dicembre &#8211; <\/strong><em><\/em><em><\/em><em><\/em><em>Sirio n.3<\/em><\/li><li>Marted\u00ec <strong>13 dicembre &#8211; <\/strong><em><\/em><em><\/em><em><\/em><em><\/em><em>Trento n.1<\/em><\/li><li>Mercoled\u00ec <strong>14 dicembre &#8211; <\/strong><em>Andromeda, Bergamo<\/em><\/li><\/ul>\n\n\n\n<h2 class=\"wp-block-heading\"><strong>S. Maria Ausiliatrice<\/strong><\/h2>\n\n\n\n<p>I Sacerdoti vi aspettano in Chiesa per la Preghiera e la Benedizione Natalizia<\/p>\n\n\n\n<ul class=\"wp-block-list\"><li>Sabato <strong>26 novembre<\/strong> <strong>ore 11.00 in <em>S.M.Ausiliatrice<\/em><\/strong> &#8211; <em>Via Volta, Veneto, Moro, Curiel, Gramsci, Grandi, Venezia, Vicolo della Lira, Marconi, Martesana<\/em><\/li><li>Domenica <strong>27 novembre<\/strong> <strong>ore 17.00 <\/strong>in<strong> <em>S.M.Ausiliatrice<\/em><\/strong> &#8211; <em>Via Puecher, Turati, Matteotti, Dante, Manzoni, Cavour, Pascoli, Kennedy, De Gasperi, Verdi, Puccini, Trento, Quartiere Aurelia, Nenni, Betulle, Ginestre, Roma<\/em><\/li><li>Sabato <strong>3 dicembre<\/strong> <strong>ore 17.00 <\/strong>in<strong> <em>S.M.Ausiliatrice<\/em><\/strong> &#8211; <em>Via Ciclamini, Einaudi, Donatori, Viale Trieste n.1, Dei Tigli, Dalla Chiesa, Cascina Nuova, Mameli, Dei Platani, Magnolie, Delle Rose, Degli Olmi, Vicolo dei Pini<\/em><\/li><li>Domenica <strong>11 dicembre<\/strong> <strong>ore 17.00 <\/strong>in<strong> <em>S.M.Ausiliatrice<\/em><\/strong> &#8211; <em>Via Carducci, Leoncavallo, Mozart, Rossini, Mazzini, Papa Giovanni XXIII, Garibaldi, P.zza Decorati, Naviglio Piccolo, Card. Ferrari, Monte Grappa<\/em><\/li><li>Sabato <strong>17 dicembre<\/strong> <strong>ore 11.00 <\/strong>in<strong> <em>S.M.Ausiliatrice<\/em><\/strong> &#8211; <em>Per chi non ha potuto riceve la benedizione nei giorni indicati<\/em><\/li><\/ul>\n\n\n\n<hr class=\"wp-block-separator has-alpha-channel-opacity\"\/>\n\n\n\n<p class=\"has-text-align-center\"><em>Spegni la&nbsp;<\/em><a href=\"https:\/\/www.frasicelebri.it\/argomento\/elettricit%C3%A0\/\"><em>lampada<\/em><\/a><em>&nbsp;fumante<br \/>nell\u2019angolo della stanza.<br \/>Sul&nbsp;<\/em><a href=\"https:\/\/www.frasicelebri.it\/argomento\/cielo\/\"><em>cielo<\/em><\/a><em>&nbsp;d\u2019oriente<br \/>\u00e8 fiorita la luce dell\u2019<\/em><a href=\"https:\/\/www.frasicelebri.it\/argomento\/universo\/\"><em>universo<\/em><\/a><em>:<br \/>\u00e8 un giorno lieto.<br \/>Sono&nbsp;<\/em><a href=\"https:\/\/www.frasicelebri.it\/argomento\/destino\/\"><em>destinati<\/em><\/a><em>&nbsp;a conoscersi<br \/>tutti coloro che cammineranno<br \/>per&nbsp;<\/em><a href=\"https:\/\/www.frasicelebri.it\/argomento\/strada\/\"><em>strade<\/em><\/a><em>&nbsp;simili.<\/em><em><\/em><\/p>\n\n\n\n<p class=\"has-text-align-center\"><em>(&#8220;E&#8217; finita la notte&#8221; di Rabindranath Tagore)<\/em><em><\/em><\/p>\n\n\n\n<p>Carissimi,<\/p>\n\n\n\n<p>questi <em>semplici versi<\/em> tratti da una poesia di Tagore descrivono bene la <strong><em>gioia<\/em><\/strong> e il <strong><em>desiderio<\/em><\/strong> della nostra Comunit\u00e0 di riprendere una iniziativa carica di tradizione e di valore che \u00e8 la <strong><em>Visita alle Famiglie<\/em><\/strong> in occasione del <strong><em>Natale<\/em><\/strong>.<\/p>\n\n\n\n<p><em>Un nuovo inizio? Una ripartenza?<\/em><\/p>\n\n\n\n<p>Il nostro Arcivescovo Mario ci ricorda che: <em>\u201cLe parole che descrivono il momento che stiamo vivendo delineano una possibilit\u00e0, un\u2019aspettativa. Forse trovano un\u2019umanit\u00e0 che porta segni di stanchezza, piuttosto che di slancio; di esitazione, piuttosto che di entusiasmo; travolta da una promessa affascinante, incerta pi\u00f9 che disponibile\u201d<\/em>.<\/p>\n\n\n\n<p><strong><em>Finalmente<\/em><\/strong>, anche se non ancora sereni <em>(dopo la Pandemia)<\/em> e preoccupati dalla guerra e da non poche circostanze che toccano anche il cammino di ciascuno e la vita quotidiana della propria famiglia, <strong><em>desideriamo farci presenti ed incontrarci anche per un semplice saluto ed una preghiera insieme<\/em><\/strong>.<\/p>\n\n\n\n<p>S\u00ec, il <strong><em>volto<\/em><\/strong> sar\u00e0 quello di noi <strong><em>preti<\/em><\/strong> <em>(e quest\u2019anno sar\u00e0 con noi anche un giovane seminarista)<\/em> ma, ricordiamocelo, \u00e8 il <em>\u201cvolto\u201d<\/em> di una <strong><em>Chiesa<\/em><\/strong> che vuole e desidera <em>\u201cfarsi presente\u201d<\/em> a tutti coloro che vivono ed abitano l\u2019intera nostra Comunit\u00e0 di Cassina.<\/p>\n\n\n\n<p>Per valorizzare al meglio <em>(nei tempi e nelle forze)<\/em> questo <em>\u201cmomento\u201d<\/em> di Comunit\u00e0, con il Consiglio Pastorale abbiamo scelto di riprendere questa Tradizione della Visita alle Famiglie gradualmente. Quest\u2019anno <strong><em>riceveranno<\/em><\/strong> la <em>Visita in Famiglia<\/em> chi abita nelle <strong><em>Parrocchie di Nativit\u00e0 di M.V<\/em><\/strong> e di <strong><em>Sant\u2019Agata V.M.<\/em><\/strong> mentre le famiglie della <strong><em>Parrocchia S.M.Ausiliatrice<\/em><\/strong> saranno <strong><em>invitate<\/em><\/strong> a radunarsi in <strong><em>Chiesa Parrocchiale<\/em><\/strong> per l\u2019<em>incontro<\/em> e la <em>Benedizione<\/em>.<\/p>\n\n\n\n<p><em>Ovviamente l\u2019anno prossimo si alterner\u00e0 questo schema cos\u00ec che nell\u2019arco di due anni ogni famiglia della nostra Comunit\u00e0 potr\u00e0 ricevere ed accogliere nella propria casa la Visita e la Benedizione per il Santo Natale.<\/em><\/p>\n\n\n\n<p>Gi\u00e0 fin d\u2019ora noi <em>\u201cci prepariamo\u201d<\/em> a questa Visita con la nostra <em>preghiera<\/em>.<\/p>\n\n\n\n<p>In attesa di incontrarci, Vi salutiamo con l\u2019augurio di <em>ogni Pace<\/em> e di <em>ogni Bene<\/em>!<\/p>\n\n\n\n<p><strong><em>don Massimo<\/em><\/strong>, <strong><em>don Fabio<\/em><\/strong>, <strong><em>don Bangaly<\/em><\/strong>, <strong><em>don Silvio<\/em><\/strong> e il <strong><em>seminarista Giuseppe<\/em><\/strong><\/p>\n\n\n\n<hr class=\"wp-block-separator has-alpha-channel-opacity\"\/>\n\n\n\n<h2 class=\"wp-block-heading\">In cammino verso il <strong>giorno lieto<\/strong> &#8211; <strong>Dal 14 al 23 dicembre &#8211; <\/strong><em>NOVENA DI NATALE<\/em><\/h2>\n\n\n\n<ul class=\"wp-block-list\"><li><strong>Ore 8.00<\/strong> S.Messa in <em>Nativit\u00e0 di M.V.<\/em><\/li><li><strong>Ore 8.30<\/strong> S.Messa in <em>S.M. Ausiliatrice<\/em><\/li><li><strong>Ore 17.00<\/strong> Incontro bambini e ragazzi in <em>S.M.Ausiliatrice<\/em><\/li><li><strong>Ore 17.00<\/strong> S.Messa in <em>Sant\u2019Agata V.M.<\/em><\/li><li><strong>Ore 18.30<\/strong> S.Messa in <em>S.M.Ausiliatrice<\/em><\/li><\/ul>\n\n\n\n<hr class=\"wp-block-separator has-alpha-channel-opacity\"\/>\n\n\n\n<h2 class=\"wp-block-heading\">Celebriamo la gioia del <strong>Santo Natale<\/strong><\/h2>\n\n\n\n<p><strong>Sabato 24 dicembre<\/strong><\/p>\n\n\n\n<ul class=\"wp-block-list\"><li><strong>Ore 17.00<\/strong> S.Messa <em>Vigilia<\/em> in <em>Sant\u2019Agata V.M.<\/em><\/li><li><strong>Ore 17.00<\/strong> S.Messa per i <strong>Bambini<\/strong> in <em>S.M.Ausiliatrice<\/em><\/li><li><strong>Ore 18.00<\/strong> S.Messa <em>Vigilia <\/em>in <em>Nativit\u00e0 di M.V.<\/em><\/li><li><strong>Ore 18.30<\/strong> S.Messa <em>Vigilia <\/em>in <em>S.M.Ausiliatrice<\/em><\/li><li><strong>Ore 22.00<\/strong> S.Messa della <em>Notte<\/em> in <em>Sant\u2019Agata V.M.<\/em><\/li><li><strong>Ore 24.00<\/strong> S.Messa della <em>Notte<\/em> in <em>S.M.Ausiliatrice<\/em><\/li><\/ul>\n\n\n\n<p><strong>Domenica 25 dicembre<\/strong><\/p>\n\n\n\n<ul class=\"wp-block-list\"><li><strong>Ore 8.00<\/strong>, <strong>10.00<\/strong>, <strong>11.30<\/strong> e <strong>18.30<\/strong> S.Messa di <em>Natale<\/em> in <em>S.M.Ausiliatrice<\/em><\/li><li><strong>Ore 9.00<\/strong> e <strong>11.00<\/strong> S.Messa di <em>Natale<\/em> in <em>Nativit\u00e0 di M.V.<\/em><\/li><li><strong>Ore 10.00<\/strong> S.Messa di <em>Natale<\/em> in <em>Sant\u2019Agata V.M.<\/em><\/li><\/ul>\n\n\n\n<hr class=\"wp-block-separator has-alpha-channel-opacity\"\/>\n\n\n\n<h2 class=\"wp-block-heading\">La luce di Betlemme sia Luce di Pace!<\/h2>\n\n\n\n<p>In vicinanza del Santo Natale, invitiamo la Comunit\u00e0 a portare nelle proprie case la <strong>Luce di Betlemme<\/strong>, <em>segno di pace<\/em> e di <em>incontro tra tutti i popoli<\/em>.<\/p>\n\n\n\n<p>Sar\u00e0 possibile nelle nostre Chiese Parrocchiali <strong>trovare<\/strong> i <em>CERI della PACE<\/em>.<\/p>\n\n\n\n<p><strong>Sabato 17<\/strong> e <strong>domenica 18<\/strong> <strong>dicembre<\/strong> a tutte le <em>SS.Messe<\/em> verrano <strong>benedetti<\/strong> <strong>i Ceri<\/strong> e si potr\u00e0 <em>ricevere<\/em> e <em>portare in famiglia<\/em> la <em>LUCE DI BETLEMME<\/em>!<\/p>\n\n\n\n<hr class=\"wp-block-separator has-alpha-channel-opacity\"\/>\n\n\n\n<div data-wp-interactive=\"core\/file\" class=\"wp-block-file\"><object data-wp-bind--hidden=\"!state.hasPdfPreview\" hidden class=\"wp-block-file__embed\" data=\"http:\/\/comunitapastoralecassina.org\/ver2\/wp-content\/uploads\/avvento-2022.pdf\" type=\"application\/pdf\" style=\"width:100%;height:380px\" aria-label=\"Incorporamento di Incorporamento di &lt;strong&gt;avvento-2022&lt;\/strong&gt;..\"><\/object><a id=\"wp-block-file--media-85dd7629-893b-43e8-baa4-22890b2a15f4\" href=\"http:\/\/comunitapastoralecassina.org\/ver2\/wp-content\/uploads\/avvento-2022.pdf\"><strong>avvento-2022<\/strong><\/a><a href=\"http:\/\/comunitapastoralecassina.org\/ver2\/wp-content\/uploads\/avvento-2022.pdf\" class=\"wp-block-file__button\" download aria-describedby=\"wp-block-file--media-85dd7629-893b-43e8-baa4-22890b2a15f4\">Download<\/a><\/div>\n","protected":false},"excerpt":{"rendered":"<p>I Sacerdoti e il seminarista passeranno dalle ore 18.00 Sant\u2019Agata v.m. Luned\u00ec 7 novembre &#8211; Pertini Marted\u00ec 8 novembre &#8211; Colombo e san fermo Mercoled\u00ec 9 novembre &#8211; Iv novembre e i maggio Gioved\u00ec 10 novembre &#8211; Torrente molgora Venerd\u00ec 11 novembre &#8211; Cascinello e artigianato Luned\u00ec 28 novembre &#8211; Vismara e Largo Cooperativa Marted\u00ec [&hellip;]<\/p>\n","protected":false},"author":2,"featured_media":17021,"comment_status":"closed","ping_status":"open","sticky":false,"template":"","format":"standard","meta":{"footnotes":""},"categories":[23],"tags":[],"class_list":{"0":"post-17024","1":"post","2":"type-post","3":"status-publish","4":"format-standard","5":"has-post-thumbnail","7":"category-avvisi"},"_links":{"self":[{"href":"https:\/\/comunitapastoralecassina.org\/ver2\/wp-json\/wp\/v2\/posts\/17024","targetHints":{"allow":["GET"]}}],"collection":[{"href":"https:\/\/comunitapastoralecassina.org\/ver2\/wp-json\/wp\/v2\/posts"}],"about":[{"href":"https:\/\/comunitapastoralecassina.org\/ver2\/wp-json\/wp\/v2\/types\/post"}],"author":[{"embeddable":true,"href":"https:\/\/comunitapastoralecassina.org\/ver2\/wp-json\/wp\/v2\/users\/2"}],"replies":[{"embeddable":true,"href":"https:\/\/comunitapastoralecassina.org\/ver2\/wp-json\/wp\/v2\/comments?post=17024"}],"version-history":[{"count":9,"href":"https:\/\/comunitapastoralecassina.org\/ver2\/wp-json\/wp\/v2\/posts\/17024\/revisions"}],"predecessor-version":[{"id":17156,"href":"https:\/\/comunitapastoralecassina.org\/ver2\/wp-json\/wp\/v2\/posts\/17024\/revisions\/17156"}],"wp:featuredmedia":[{"embeddable":true,"href":"https:\/\/comunitapastoralecassina.org\/ver2\/wp-json\/wp\/v2\/media\/17021"}],"wp:attachment":[{"href":"https:\/\/comunitapastoralecassina.org\/ver2\/wp-json\/wp\/v2\/media?parent=17024"}],"wp:term":[{"taxonomy":"category","embeddable":true,"href":"https:\/\/comunitapastoralecassina.org\/ver2\/wp-json\/wp\/v2\/categories?post=17024"},{"taxonomy":"post_tag","embeddable":true,"href":"https:\/\/comunitapastoralecassina.org\/ver2\/wp-json\/wp\/v2\/tags?post=17024"}],"curies":[{"name":"wp","href":"https:\/\/api.w.org\/{rel}","templated":true}]}}