{"id":17036,"date":"2022-10-28T09:10:23","date_gmt":"2022-10-28T07:10:23","guid":{"rendered":"http:\/\/comunitapastoralecassina.org\/ver2\/?p=17036"},"modified":"2022-10-28T09:10:26","modified_gmt":"2022-10-28T07:10:26","slug":"celebrazioni-dei-santi-e-di-tutti-i-fedeli-defunti","status":"publish","type":"post","link":"https:\/\/comunitapastoralecassina.org\/ver2\/2022\/10\/celebrazioni-dei-santi-e-di-tutti-i-fedeli-defunti\/","title":{"rendered":"Celebrazioni dei santi e di tutti i fedeli defunti"},"content":{"rendered":"\n<h2 class=\"wp-block-heading\"><strong>Domenica 30 ottobre<\/strong><\/h2>\n\n\n<div class=\"wp-block-image\">\n<figure class=\"alignright size-large is-resized\"><a href=\"http:\/\/comunitapastoralecassina.org\/ver2\/wp-content\/uploads\/Santi-e-defunti.jpg\"><img loading=\"lazy\" decoding=\"async\" src=\"http:\/\/comunitapastoralecassina.org\/ver2\/wp-content\/uploads\/Santi-e-defunti-721x1024.jpg\" alt=\"\" class=\"wp-image-17038\" width=\"265\" height=\"376\" srcset=\"https:\/\/comunitapastoralecassina.org\/ver2\/wp-content\/uploads\/Santi-e-defunti-721x1024.jpg 721w, https:\/\/comunitapastoralecassina.org\/ver2\/wp-content\/uploads\/Santi-e-defunti-211x300.jpg 211w, https:\/\/comunitapastoralecassina.org\/ver2\/wp-content\/uploads\/Santi-e-defunti-768x1090.jpg 768w, https:\/\/comunitapastoralecassina.org\/ver2\/wp-content\/uploads\/Santi-e-defunti-1082x1536.jpg 1082w, https:\/\/comunitapastoralecassina.org\/ver2\/wp-content\/uploads\/Santi-e-defunti-696x988.jpg 696w, https:\/\/comunitapastoralecassina.org\/ver2\/wp-content\/uploads\/Santi-e-defunti-1068x1516.jpg 1068w, https:\/\/comunitapastoralecassina.org\/ver2\/wp-content\/uploads\/Santi-e-defunti.jpg 1127w\" sizes=\"auto, (max-width: 265px) 100vw, 265px\" \/><\/a><\/figure><\/div>\n\n\n<ul class=\"wp-block-list\"><li><strong>LUMINERIO &#8211; <\/strong><em>Ore 20.45<\/em> Cimitero di Sant\u2019Agata<\/li><\/ul>\n\n\n\n<h2 class=\"wp-block-heading\"><strong>Marted\u00ec 1 novembre<\/strong><\/h2>\n\n\n\n<ul class=\"wp-block-list\"><li><strong>TUTTI I SANTI <\/strong>&#8211; (Orario Festivo SS.Messe)<\/li><\/ul>\n\n\n\n<ul class=\"wp-block-list\"><li><strong>PREGHIERA e PROCESSIONE AL CIMITERO<\/strong><ul><li><em>Ore 15.00<\/em> in Chiesa Sant\u2019Agata V.M.<\/li><li><em>Ore 16.30<\/em> in Chiesa in Nativit\u00e0 di M.V.<\/li><\/ul><\/li><\/ul>\n\n\n\n<h2 class=\"wp-block-heading\"><strong>Mercoled\u00ec 2 novembre<\/strong><\/h2>\n\n\n\n<p><strong>RICORDO DI TUTTI I FEDELI DEFUNTI<\/strong><\/p>\n\n\n\n<ul class=\"wp-block-list\"><li><em>Ore 8.00<\/em> in Nativit\u00e0 di M.V.<\/li><li><em>Ore 8.30<\/em> in S.M.Ausiliatrice<\/li><li><em>Ore 10.30<\/em> al Cimitero di Sant\u2019Agata<\/li><li><em>Ore 15.30<\/em> al Cimitero di Camporicco<\/li><li><em>Ore 21.00<\/em> in Sant\u2019Agata V.M. (per i defunti dell\u2019ultimo anno di Sant\u2019Agata V.M.)<\/li><li><em>Ore 21.00<\/em> in S.M. Ausiliatrice (per i defunti dell\u2019ultimo anno di Nativit\u00e0 di M.V. e di s.M.Ausiliatrice)<\/li><\/ul>\n\n\n\n<h2 class=\"wp-block-heading\"><strong>Sabato 5 novembre<\/strong><\/h2>\n\n\n\n<ul class=\"wp-block-list\"><li><strong>PER I MORTI DI TUTTE LE GUERRE &#8211; <\/strong><em>Ore 10.00<\/em> in Sant\u2019Agata V.M.<\/li><\/ul>\n\n\n\n<h2 class=\"wp-block-heading\"><strong>Domenica 6 novembre<\/strong><\/h2>\n\n\n\n<ul class=\"wp-block-list\"><li><strong>LUMINERIO &#8211; <\/strong><em>Ore 20.45<\/em> Cimitero di Camporicco<\/li><\/ul>\n","protected":false},"excerpt":{"rendered":"<p>Domenica 30 ottobre LUMINERIO &#8211; Ore 20.45 Cimitero di Sant\u2019Agata Marted\u00ec 1 novembre TUTTI I SANTI &#8211; (Orario Festivo SS.Messe) PREGHIERA e PROCESSIONE AL CIMITERO Ore 15.00 in Chiesa Sant\u2019Agata V.M. Ore 16.30 in Chiesa in Nativit\u00e0 di M.V. Mercoled\u00ec 2 novembre RICORDO DI TUTTI I FEDELI DEFUNTI Ore 8.00 in Nativit\u00e0 di M.V. Ore [&hellip;]<\/p>\n","protected":false},"author":2,"featured_media":17037,"comment_status":"closed","ping_status":"open","sticky":false,"template":"","format":"standard","meta":{"footnotes":""},"categories":[23],"tags":[],"class_list":{"0":"post-17036","1":"post","2":"type-post","3":"status-publish","4":"format-standard","5":"has-post-thumbnail","7":"category-avvisi"},"_links":{"self":[{"href":"https:\/\/comunitapastoralecassina.org\/ver2\/wp-json\/wp\/v2\/posts\/17036","targetHints":{"allow":["GET"]}}],"collection":[{"href":"https:\/\/comunitapastoralecassina.org\/ver2\/wp-json\/wp\/v2\/posts"}],"about":[{"href":"https:\/\/comunitapastoralecassina.org\/ver2\/wp-json\/wp\/v2\/types\/post"}],"author":[{"embeddable":true,"href":"https:\/\/comunitapastoralecassina.org\/ver2\/wp-json\/wp\/v2\/users\/2"}],"replies":[{"embeddable":true,"href":"https:\/\/comunitapastoralecassina.org\/ver2\/wp-json\/wp\/v2\/comments?post=17036"}],"version-history":[{"count":1,"href":"https:\/\/comunitapastoralecassina.org\/ver2\/wp-json\/wp\/v2\/posts\/17036\/revisions"}],"predecessor-version":[{"id":17039,"href":"https:\/\/comunitapastoralecassina.org\/ver2\/wp-json\/wp\/v2\/posts\/17036\/revisions\/17039"}],"wp:featuredmedia":[{"embeddable":true,"href":"https:\/\/comunitapastoralecassina.org\/ver2\/wp-json\/wp\/v2\/media\/17037"}],"wp:attachment":[{"href":"https:\/\/comunitapastoralecassina.org\/ver2\/wp-json\/wp\/v2\/media?parent=17036"}],"wp:term":[{"taxonomy":"category","embeddable":true,"href":"https:\/\/comunitapastoralecassina.org\/ver2\/wp-json\/wp\/v2\/categories?post=17036"},{"taxonomy":"post_tag","embeddable":true,"href":"https:\/\/comunitapastoralecassina.org\/ver2\/wp-json\/wp\/v2\/tags?post=17036"}],"curies":[{"name":"wp","href":"https:\/\/api.w.org\/{rel}","templated":true}]}}