{"id":17102,"date":"2022-11-06T11:59:51","date_gmt":"2022-11-06T10:59:51","guid":{"rendered":"http:\/\/comunitapastoralecassina.org\/ver2\/?p=17102"},"modified":"2022-11-06T11:59:53","modified_gmt":"2022-11-06T10:59:53","slug":"qualche-anticipazione-sul-cammino-di-avvento","status":"publish","type":"post","link":"https:\/\/comunitapastoralecassina.org\/ver2\/2022\/11\/qualche-anticipazione-sul-cammino-di-avvento\/","title":{"rendered":"Cammino di Avvento"},"content":{"rendered":"<div class=\"wp-block-image\">\n<figure class=\"alignright size-large is-resized\"><a href=\"http:\/\/comunitapastoralecassina.org\/ver2\/wp-content\/uploads\/avvento22.jpg\"><img loading=\"lazy\" decoding=\"async\" src=\"http:\/\/comunitapastoralecassina.org\/ver2\/wp-content\/uploads\/avvento22-728x1024.jpg\" alt=\"\" class=\"wp-image-17126\" width=\"245\" height=\"345\" srcset=\"https:\/\/comunitapastoralecassina.org\/ver2\/wp-content\/uploads\/avvento22-728x1024.jpg 728w, https:\/\/comunitapastoralecassina.org\/ver2\/wp-content\/uploads\/avvento22-213x300.jpg 213w, https:\/\/comunitapastoralecassina.org\/ver2\/wp-content\/uploads\/avvento22-768x1081.jpg 768w, https:\/\/comunitapastoralecassina.org\/ver2\/wp-content\/uploads\/avvento22-1092x1536.jpg 1092w, https:\/\/comunitapastoralecassina.org\/ver2\/wp-content\/uploads\/avvento22-696x979.jpg 696w, https:\/\/comunitapastoralecassina.org\/ver2\/wp-content\/uploads\/avvento22-1068x1503.jpg 1068w, https:\/\/comunitapastoralecassina.org\/ver2\/wp-content\/uploads\/avvento22.jpg 1137w\" sizes=\"auto, (max-width: 245px) 100vw, 245px\" \/><\/a><\/figure><\/div>\n\n\n<p>Il <strong>13 novembre<\/strong> inizia il <em>tempo di Avvento<\/em>. Troverete un Volantino dettagliato sul cammino della nostra Comunit\u00e0 Pastorale. Ecco alcune  <strong>alcune proposte<\/strong> per questo cammino, nate da un confronto col <em>Consiglio Pastorale<\/em> riflettendo sulla Lettera Pastorale del nostro Arcivescovo <em>(Kyrie, Alleluia, Amen)<\/em>.<\/p>\n\n\n\n<h2 class=\"wp-block-heading\"><strong>L\u2019Eucarestia<\/strong><strong><\/strong><\/h2>\n\n\n\n<p><em>Se la S.Messa \u00e8 importante nella vita di un credente occorre offrire la possibilit\u00e0 di parteciparvi, non solo alla domenica ma anche in qualche giorno feriale. Ecco perch\u00e9 durante la Settimana, nel cammino di Avvento ci saranno queste celebrazioni:<\/em><\/p>\n\n\n\n<ul class=\"wp-block-list\"><li><em>Luned\u00ec<\/em>, <strong>ore 18.30<\/strong> S.Messa a <em>Sant\u2019Agata<\/em> (segue l\u2019<em>Adorazione<\/em> <em>fino alle ore 20.00<\/em>)<\/li><li><em>Marted\u00ec<\/em>, <strong>ore 6.30<\/strong> S.Messa in <em>S.M.Ausiliatrice<\/em><\/li><li><em>Mercoled\u00ec<\/em>, <strong>ore 18.30<\/strong> S.Messa in <em>S.M.Ausiliatrice<\/em> (segue l\u2019<em>Adorazione<\/em> <em>fino alle ore 21.00<\/em>)<\/li><li><em>Venerd\u00ec<\/em>, <strong>ore 21.00<\/strong> S.Messa in <em>Nativit\u00e0 di M.V.<\/em><\/li><\/ul>\n\n\n\n<h2 class=\"wp-block-heading\"><strong>La Parola<\/strong><\/h2>\n\n\n\n<p><em>Anche l\u2019Ascolto della Parola \u00e8 un \u201cpilastro\u201d nella vita del discepolo.<\/em><\/p>\n\n\n\n<p><em>Ed \u00e8 bello offrire l\u2019occasione di viverlo insieme, nella preghiera, nel semplice ascolto e nella libera condivisione.<\/em><\/p>\n\n\n\n<p><em>Gioved\u00ec<\/em>, <strong>ore 21.00<\/strong> in <em>Cappellina dell\u2019Oratorio San Domenico Savio<\/em> leggeremo e ci metteremo <em>in Ascolto delle Letture della Messa Domenicale<\/em> e nella preghiera ci sar\u00e0 la possibilit\u00e0 di condividere nella fede ci\u00f2 che la Parola dice alla nostra vita. Il momento termina alle ore 22.00.<\/p>\n\n\n\n<h2 class=\"wp-block-heading\"><strong>Ritiri spirituali in Comunit\u00e0<\/strong> (aperti a tutti)<\/h2>\n\n\n\n<p>\u00a0\u00a0\u00a0\u00a0\u00a0\u00a0\u00a0\u00a0\u00a0\u00a0\u00a0\u00a0\u00a0\u00a0\u00a0\u00a0\u00a0\u00a0\u00a0\u00a0\u00a0\u00a0\u00a0\u00a0\u00a0\u00a0\u00a0\u00a0\u00a0\u00a0\u00a0\u00a0\u00a0\u00a0\u00a0\u00a0\u00a0\u00a0\u00a0\u00a0\u00a0\u00a0\u00a0\u00a0\u00a0\u00a0\u00a0\u00a0\u00a0\u00a0 \u00a0\u00a0\u00a0\u00a0\u00a0\u00a0\u00a0\u00a0\u00a0\u00a0\u00a0\u00a0\u00a0\u00a0\u00a0\u00a0\u00a0\u00a0\u00a0\u00a0\u00a0\u00a0\u00a0\u00a0\u00a0\u00a0\u00a0\u00a0\u00a0\u00a0\u00a0c\/o <em>Chiesa e Oratorio di Camporicco<\/em><\/p>\n\n\n\n<p><strong>Sabato 19 novembre<\/strong><\/p>\n\n\n\n<ul class=\"wp-block-list\"><li>Ore 9.30 <em>Accoglienza<\/em><\/li><li>Ore 9.45 <em>Preghiera iniziale<\/em><\/li><li>Ore 10.00 <em>Meditazione<\/em><\/li><li>Ore 10.45 <em>Silenzio<\/em><\/li><li>Ore 11.15 <em>Ripresa e Condivisione<\/em><\/li><li>Ore 12.00 <em>Angelus e conclusione<\/em><\/li><\/ul>\n\n\n\n<p><strong>Sabato 10 dicembre<\/strong><\/p>\n\n\n\n<ul class=\"wp-block-list\"><li>Ore 17.00 <em>Accoglienza<\/em><\/li><li>Ore 17.15 <em>Preghiera iniziale<\/em><\/li><li>Ore 17.30 <em>Meditazione<\/em><\/li><li>Ore 18.15 <em>Silenzio<\/em><\/li><li>Ore 18.45 <em>Ripresa e Condivisione<\/em> Ore 19.30 <em>Vespero e conclusione<\/em><\/li><\/ul>\n\n\n<div class=\"wp-block-image\">\n<figure class=\"alignright size-large is-resized\"><a href=\"http:\/\/comunitapastoralecassina.org\/ver2\/wp-content\/uploads\/viveri.jpg\"><img loading=\"lazy\" decoding=\"async\" src=\"http:\/\/comunitapastoralecassina.org\/ver2\/wp-content\/uploads\/viveri-512x1024.jpg\" alt=\"\" class=\"wp-image-17129\" width=\"268\" height=\"536\" srcset=\"https:\/\/comunitapastoralecassina.org\/ver2\/wp-content\/uploads\/viveri-512x1024.jpg 512w, https:\/\/comunitapastoralecassina.org\/ver2\/wp-content\/uploads\/viveri-150x300.jpg 150w, https:\/\/comunitapastoralecassina.org\/ver2\/wp-content\/uploads\/viveri-768x1536.jpg 768w, https:\/\/comunitapastoralecassina.org\/ver2\/wp-content\/uploads\/viveri-696x1392.jpg 696w, https:\/\/comunitapastoralecassina.org\/ver2\/wp-content\/uploads\/viveri.jpg 800w\" sizes=\"auto, (max-width: 268px) 100vw, 268px\" \/><\/a><\/figure><\/div>\n\n\n<h2 class=\"wp-block-heading\">Raccolta Viveri<\/h2>\n\n\n\n<ul class=\"wp-block-list\"><li><strong>13 novembre<\/strong> in SMA, Camporicco e S.Agata<br \/>Pesce in scatola<\/li><li><strong>20 novembre <\/strong>in SMA, Camporicco e S.Agata<br \/>Olio<\/li><li><strong>27 novembre <\/strong>in SMA, Camporicco e S.Agata<br \/>Pelati, pesto, sughi pronti<\/li><li><strong>4 dicembre<\/strong> in SMA, Camporicco e S.Agata<br \/>Legumi e frutta in scatola<\/li><li><strong>11 dicembre <\/strong>in SMA, Camporicco e S.Agata<br \/>Riso, zucchero, marmellate, biscotti, fette biscottate, caff\u00e8, th\u00e8<\/li><li><strong>nelle stesse date,<\/strong> nelle Scuole materne<br \/>Riso, zucchero, marmellate, biscotti, fette biscottate, caff\u00e8, th\u00e8<br \/><\/li><\/ul>\n\n\n\n<p>\u00a0\u00a0\u00a0\u00a0\u00a0\u00a0\u00a0\u00a0\u00a0\u00a0\u00a0\u00a0\u00a0\u00a0\u00a0\u00a0\u00a0\u00a0\u00a0\u00a0\u00a0\u00a0\u00a0\u00a0\u00a0\u00a0\u00a0\u00a0\u00a0\u00a0\u00a0\u00a0\u00a0\u00a0\u00a0\u00a0\u00a0\u00a0\u00a0\u00a0\u00a0<\/p>\n\n\n<div class=\"wp-block-image\">\n<figure class=\"alignright size-large is-resized\"><a href=\"http:\/\/comunitapastoralecassina.org\/ver2\/wp-content\/uploads\/nepal.jpg\"><img loading=\"lazy\" decoding=\"async\" src=\"http:\/\/comunitapastoralecassina.org\/ver2\/wp-content\/uploads\/nepal-512x1024.jpg\" alt=\"\" class=\"wp-image-17128\" width=\"313\" height=\"626\" srcset=\"https:\/\/comunitapastoralecassina.org\/ver2\/wp-content\/uploads\/nepal-512x1024.jpg 512w, https:\/\/comunitapastoralecassina.org\/ver2\/wp-content\/uploads\/nepal-150x300.jpg 150w, https:\/\/comunitapastoralecassina.org\/ver2\/wp-content\/uploads\/nepal-768x1536.jpg 768w, https:\/\/comunitapastoralecassina.org\/ver2\/wp-content\/uploads\/nepal-696x1392.jpg 696w, https:\/\/comunitapastoralecassina.org\/ver2\/wp-content\/uploads\/nepal.jpg 800w\" sizes=\"auto, (max-width: 313px) 100vw, 313px\" \/><\/a><\/figure><\/div>\n\n\n<h2 class=\"wp-block-heading\"><strong>Avvento di Carit\u00e0:<\/strong> La nostra Comunit\u00e0 Pastorale adotta il Progetto NEPAL<\/h2>\n\n\n\n<p>fra quelli proposti da Caritas Ambrosiana<\/p>\n\n\n\n<p><strong>Mai cos\u00ec vicini, istruzione nelle valli remote<\/strong><\/p>\n\n\n\n<p><strong>Luogo<\/strong>: Nepal, scuole rurali nei distretti di Sindupalchowk, Kalikot, Bhojpur, Rukhun<\/p>\n\n\n\n<p><strong>Destinatari<\/strong>: Bambini e Adolescenti<\/p>\n\n\n\n<p><strong>Obiettivi<\/strong>: Garantire accesso all&#8217;istruzione di qualit\u00e0 a bambini e adolescenti che vivono nelle valli remote del Nepal.<\/p>\n\n\n\n<p><strong>Contesto<\/strong>: L&#8217;istruzione della popolazione rurale \u00e8 molto importante in Nepal in questo momento di transizione dalla monarchia alla democrazia, dove la popolazione rurale \u00e8 politica\u00ad mente e religiosamente controllata e sfrut\u00adtata dalle classi e caste superiori attraverso l&#8217;uso di miti e leggende .<\/p>\n\n\n\n<p><strong>Importo<\/strong>: 20.000 euro<\/p>\n\n\n\n<figure class=\"wp-block-embed is-type-video is-provider-youtube wp-block-embed-youtube wp-embed-aspect-16-9 wp-has-aspect-ratio\"><div class=\"wp-block-embed__wrapper\">\n<iframe loading=\"lazy\" title=\"Avvento di Carit\u00e0 2022 - Nepal - Mai cos\u00ec vicini, istruzione nelle valli remote\" width=\"696\" height=\"392\" src=\"https:\/\/www.youtube.com\/embed\/X5rykjRJ4HE?feature=oembed\" frameborder=\"0\" allow=\"accelerometer; autoplay; clipboard-write; encrypted-media; gyroscope; picture-in-picture\" allowfullscreen><\/iframe>\n<\/div><\/figure>\n","protected":false},"excerpt":{"rendered":"<p>Il 13 novembre inizia il tempo di Avvento. Troverete un Volantino dettagliato sul cammino della nostra Comunit\u00e0 Pastorale. Ecco alcune alcune proposte per questo cammino, nate da un confronto col Consiglio Pastorale riflettendo sulla Lettera Pastorale del nostro Arcivescovo (Kyrie, Alleluia, Amen). L\u2019Eucarestia Se la S.Messa \u00e8 importante nella vita di un credente occorre offrire [&hellip;]<\/p>\n","protected":false},"author":2,"featured_media":15959,"comment_status":"closed","ping_status":"open","sticky":false,"template":"","format":"standard","meta":{"footnotes":""},"categories":[23],"tags":[],"class_list":{"0":"post-17102","1":"post","2":"type-post","3":"status-publish","4":"format-standard","5":"has-post-thumbnail","7":"category-avvisi"},"_links":{"self":[{"href":"https:\/\/comunitapastoralecassina.org\/ver2\/wp-json\/wp\/v2\/posts\/17102","targetHints":{"allow":["GET"]}}],"collection":[{"href":"https:\/\/comunitapastoralecassina.org\/ver2\/wp-json\/wp\/v2\/posts"}],"about":[{"href":"https:\/\/comunitapastoralecassina.org\/ver2\/wp-json\/wp\/v2\/types\/post"}],"author":[{"embeddable":true,"href":"https:\/\/comunitapastoralecassina.org\/ver2\/wp-json\/wp\/v2\/users\/2"}],"replies":[{"embeddable":true,"href":"https:\/\/comunitapastoralecassina.org\/ver2\/wp-json\/wp\/v2\/comments?post=17102"}],"version-history":[{"count":14,"href":"https:\/\/comunitapastoralecassina.org\/ver2\/wp-json\/wp\/v2\/posts\/17102\/revisions"}],"predecessor-version":[{"id":17143,"href":"https:\/\/comunitapastoralecassina.org\/ver2\/wp-json\/wp\/v2\/posts\/17102\/revisions\/17143"}],"wp:featuredmedia":[{"embeddable":true,"href":"https:\/\/comunitapastoralecassina.org\/ver2\/wp-json\/wp\/v2\/media\/15959"}],"wp:attachment":[{"href":"https:\/\/comunitapastoralecassina.org\/ver2\/wp-json\/wp\/v2\/media?parent=17102"}],"wp:term":[{"taxonomy":"category","embeddable":true,"href":"https:\/\/comunitapastoralecassina.org\/ver2\/wp-json\/wp\/v2\/categories?post=17102"},{"taxonomy":"post_tag","embeddable":true,"href":"https:\/\/comunitapastoralecassina.org\/ver2\/wp-json\/wp\/v2\/tags?post=17102"}],"curies":[{"name":"wp","href":"https:\/\/api.w.org\/{rel}","templated":true}]}}