{"id":17971,"date":"2023-06-01T09:15:12","date_gmt":"2023-06-01T07:15:12","guid":{"rendered":"https:\/\/comunitapastoralecassina.org\/ver2\/?p=17971"},"modified":"2023-06-01T09:15:13","modified_gmt":"2023-06-01T07:15:13","slug":"caritas-cittadina-chiusura-estiva-3","status":"publish","type":"post","link":"https:\/\/comunitapastoralecassina.org\/ver2\/2023\/06\/caritas-cittadina-chiusura-estiva-3\/","title":{"rendered":"Caritas cittadina: chiusura estiva"},"content":{"rendered":"\n<p>Carissimi tutti,<\/p>\n\n\n\n<p>ci avviciniamo alla pausa estiva! La Caritas cittadina come ogni anno si prende una \u201cpausa\u201d \u2026 ebbene s\u00ec anche i volontari vanno in vacanza!<\/p>\n\n\n\n<p><strong>A fine giugno chiuderemo tutte le attivit\u00e0<\/strong>, distribuzione viveri, indumenti, centro ascolto<\/p>\n\n\n\n<p><strong>I servizi dopo scuola seguiranno i calendari scolastici.<\/strong> <\/p>\n\n\n\n<p>Tutto riprender\u00e0 a settembre e precisamente il 13 settembre.<\/p>\n\n\n\n<p>Rimarr\u00e0 attiva, ma solo per le vere urgenze, la possibilit\u00e0 di contattare il numero 329 8966 477 dal quale risponder\u00e0 un\u2019operatrice.<\/p>\n\n\n\n<p><strong>Raccomandiamo di non lasciare sacchi di indumenti davanti al cancellone del sottochiesa: verranno sicuramente gettati!<\/strong><\/p>\n\n\n\n<p>Auguriamo a tutti un tempo di pace, riposo, amore, tranquillit\u00e0, condivisione e anche di accettazione di ci\u00f2 che la vita ci riserva, ma anche, se possibile, un tempo in cui ridere perch\u00e9 la risata arricchisce la vita di chi ride e di chi sta a loro vicino.<\/p>\n\n\n\n<p>Non dimentichiamoci per\u00f2 di chi sta nella tribolazione \u2026 ognuno ricordi e faccia la propria parte.<\/p>\n\n\n\n<p>Buona estate a tutti e come sempre grazie per la vostra condivisione.<\/p>\n\n\n\n<p class=\"has-text-align-right\">Paola<\/p>\n","protected":false},"excerpt":{"rendered":"<p>Carissimi tutti, ci avviciniamo alla pausa estiva! La Caritas cittadina come ogni anno si prende una \u201cpausa\u201d \u2026 ebbene s\u00ec anche i volontari vanno in vacanza! A fine giugno chiuderemo tutte le attivit\u00e0, distribuzione viveri, indumenti, centro ascolto I servizi dopo scuola seguiranno i calendari scolastici. Tutto riprender\u00e0 a settembre e precisamente il 13 settembre. [&hellip;]<\/p>\n","protected":false},"author":2,"featured_media":15593,"comment_status":"closed","ping_status":"open","sticky":false,"template":"","format":"standard","meta":{"footnotes":""},"categories":[23,24],"tags":[],"class_list":{"0":"post-17971","1":"post","2":"type-post","3":"status-publish","4":"format-standard","5":"has-post-thumbnail","7":"category-avvisi","8":"category-caritas-cittadina"},"_links":{"self":[{"href":"https:\/\/comunitapastoralecassina.org\/ver2\/wp-json\/wp\/v2\/posts\/17971","targetHints":{"allow":["GET"]}}],"collection":[{"href":"https:\/\/comunitapastoralecassina.org\/ver2\/wp-json\/wp\/v2\/posts"}],"about":[{"href":"https:\/\/comunitapastoralecassina.org\/ver2\/wp-json\/wp\/v2\/types\/post"}],"author":[{"embeddable":true,"href":"https:\/\/comunitapastoralecassina.org\/ver2\/wp-json\/wp\/v2\/users\/2"}],"replies":[{"embeddable":true,"href":"https:\/\/comunitapastoralecassina.org\/ver2\/wp-json\/wp\/v2\/comments?post=17971"}],"version-history":[{"count":1,"href":"https:\/\/comunitapastoralecassina.org\/ver2\/wp-json\/wp\/v2\/posts\/17971\/revisions"}],"predecessor-version":[{"id":17972,"href":"https:\/\/comunitapastoralecassina.org\/ver2\/wp-json\/wp\/v2\/posts\/17971\/revisions\/17972"}],"wp:featuredmedia":[{"embeddable":true,"href":"https:\/\/comunitapastoralecassina.org\/ver2\/wp-json\/wp\/v2\/media\/15593"}],"wp:attachment":[{"href":"https:\/\/comunitapastoralecassina.org\/ver2\/wp-json\/wp\/v2\/media?parent=17971"}],"wp:term":[{"taxonomy":"category","embeddable":true,"href":"https:\/\/comunitapastoralecassina.org\/ver2\/wp-json\/wp\/v2\/categories?post=17971"},{"taxonomy":"post_tag","embeddable":true,"href":"https:\/\/comunitapastoralecassina.org\/ver2\/wp-json\/wp\/v2\/tags?post=17971"}],"curies":[{"name":"wp","href":"https:\/\/api.w.org\/{rel}","templated":true}]}}