{"id":17977,"date":"2023-06-03T09:28:31","date_gmt":"2023-06-03T07:28:31","guid":{"rendered":"https:\/\/comunitapastoralecassina.org\/ver2\/?p=17977"},"modified":"2023-06-03T09:28:32","modified_gmt":"2023-06-03T07:28:32","slug":"facciamone-tesoro","status":"publish","type":"post","link":"https:\/\/comunitapastoralecassina.org\/ver2\/2023\/06\/facciamone-tesoro\/","title":{"rendered":"<strong>Facciamone tesoro!<\/strong>"},"content":{"rendered":"\n<p>Abbiamo preso spunto <em>(per modo di dire)<\/em> da una <strong>pietra<\/strong> per intraprendere un percorso che <em>(dall\u2019ottobre scorso al maggio appena concluso) <\/em>ci ha offerto, attraverso celebrazioni e incontri, <strong>occasioni<\/strong> preziose per interrogarci e riflettere sull\u2019Essere Chiesa Oggi.<\/p>\n\n\n<div class=\"wp-block-image\">\n<figure class=\"alignright size-full is-resized\"><a href=\"https:\/\/comunitapastoralecassina.org\/ver2\/wp-content\/uploads\/essere-chiesa-oggi.png\"><img loading=\"lazy\" decoding=\"async\" src=\"https:\/\/comunitapastoralecassina.org\/ver2\/wp-content\/uploads\/essere-chiesa-oggi.png\" alt=\"\" class=\"wp-image-17978\" width=\"353\" height=\"139\"\/><\/a><\/figure><\/div>\n\n\n<p>Le Giornate Eucaristiche in preparazione alla <em>Giornata Missionaria<\/em> e la Lectio settimanale in <em>Quaresima<\/em> ci hanno mostrato la <strong>priorit\u00e0<\/strong> di uno <em>\u201cstare\u201d<\/em> davanti a <em>Ges\u00f9<\/em> e di un <em>\u201cdimorare\u201d<\/em> nella <em>Parola<\/em> per poter <em>\u201candare\u201d<\/em> e <em>\u201cabitare\u201d<\/em> la Vita, come <em>sale <\/em>e <em>luce <\/em>del mondo.<\/p>\n\n\n\n<p>Nel momento tradizionale <em>(per la nostra Chiesa ambrosiana)<\/em> della visita alle Famiglie in occasione del <em>Natale<\/em> cogliamo una proposta pastorale che rende visibile ancora oggi il <em>Mistero dell\u2019Incarnazione<\/em>: un Dio che visita l\u2019uomo e che entra nella quotidianit\u00e0.<\/p>\n\n\n\n<p>L\u2019incontro con il Card. Dieudonn\u00e8 Nzapalainga ci ha allargato il cuore e la mente sulla Chiesa che non \u00e8 solo il mio <em>Oratorio<\/em>, la mia <em>Parrocchia<\/em>, il mio <em>Gruppo<\/em>\u2026 ma una Chiesa Universale che pu\u00f2 <em>\u201callargare lo sguardo\u201d<\/em> al nostro essere Chiesa Oggi.<\/p>\n\n\n\n<p>Cos\u00ec pure il percorso artistico ci ha provocati da una parte sull\u2019attenzione ai <em>vari linguaggi<\/em> per annunciare il Vangelo e dall\u2019altra sul lasciarsi interrogare dalla <em>Societ\u00e0<\/em> che ci circonda ed entrare in dialogo con essa.<\/p>\n\n\n\n<p>La prima esperienza di Esercizi Spirituali in Comunit\u00e0 per introdurci nella <em>Settimana Autentica<\/em> \u00e8 stata un dono per interrogarci sul <em>volto<\/em> di una Chiesa, unita, libera e lieta.<\/p>\n\n\n\n<p>Nel <em>Triduo Pasquale<\/em> la solenne Veglia di Risurrezione <em>(a fondamento della nostra fede)<\/em> ha ricordato che ogni testimonianza di fede nasce dalla gioia di un incontro.&nbsp; Come anche i discepoli di Emmaus che ritornano a Gerusalemme dopo aver spezzato il pane con il Risorto e averLo ascoltato.<\/p>\n\n\n\n<p>Infine la Solennit\u00e0 di Pentecoste, nei giorni della Festa dell\u2019Ausiliatrice, e la presenza tra noi del nostro Arcivescovo Mario ci ha confermato nella comunione e ci ha mostrato la bellezza di vivere la Chiesa con Maria e i Giovani avendo il coraggio di \u201cuscire\u201d dal Cenacolo <em>(cos\u00ec provocati da don Epicoco)<\/em>.<\/p>\n\n\n\n<p>Termino con la riflessione del nostro Arcivescovo <em>(marted\u00ec scorso)<\/em> ad essere una Chiesa attraente perch\u00e9 amata: <em>\u201cL\u2019anima si lascia rendere bella dall\u2019amore di Ges\u00f9: la riconoscenza, la stima di s\u00e9, la responsabilit\u00e0 di irradiare la gioia, la gloria di Dio, l\u2019amore che \u00e8 stato riversato nei cuori\u201d<\/em>.<\/p>\n\n\n\n<p>L\u2019<strong>augurio<\/strong> e la<strong> preghiera<\/strong> che faccio \u00e8 che <strong>ciascuno<\/strong> di noi <strong>\u201cpietra viva\u201d<\/strong> possa far tesoro di una <strong>intuizione<\/strong> <em>(fra le tante)<\/em> del cammino fatto e portarla avanti col <strong>desiderio <\/strong>di dare il proprio <em>contributo<\/em>, la sua <em>presenza<\/em> per <em>costruire insieme<\/em> l\u2019<strong>oggi <\/strong>del nostro <em>Essere Chiesa<\/em>.<\/p>\n\n\n\n<p class=\"has-text-align-right\"><strong>Don Massimo<\/strong> <strong><\/strong><\/p>\n","protected":false},"excerpt":{"rendered":"<p>Abbiamo preso spunto (per modo di dire) da una pietra per intraprendere un percorso che (dall\u2019ottobre scorso al maggio appena concluso) ci ha offerto, attraverso celebrazioni e incontri, occasioni preziose per interrogarci e riflettere sull\u2019Essere Chiesa Oggi. Le Giornate Eucaristiche in preparazione alla Giornata Missionaria e la Lectio settimanale in Quaresima ci hanno mostrato la [&hellip;]<\/p>\n","protected":false},"author":2,"featured_media":0,"comment_status":"closed","ping_status":"open","sticky":false,"template":"","format":"standard","meta":{"footnotes":""},"categories":[19],"tags":[],"class_list":{"0":"post-17977","1":"post","2":"type-post","3":"status-publish","4":"format-standard","6":"category-prima-pagina"},"_links":{"self":[{"href":"https:\/\/comunitapastoralecassina.org\/ver2\/wp-json\/wp\/v2\/posts\/17977","targetHints":{"allow":["GET"]}}],"collection":[{"href":"https:\/\/comunitapastoralecassina.org\/ver2\/wp-json\/wp\/v2\/posts"}],"about":[{"href":"https:\/\/comunitapastoralecassina.org\/ver2\/wp-json\/wp\/v2\/types\/post"}],"author":[{"embeddable":true,"href":"https:\/\/comunitapastoralecassina.org\/ver2\/wp-json\/wp\/v2\/users\/2"}],"replies":[{"embeddable":true,"href":"https:\/\/comunitapastoralecassina.org\/ver2\/wp-json\/wp\/v2\/comments?post=17977"}],"version-history":[{"count":1,"href":"https:\/\/comunitapastoralecassina.org\/ver2\/wp-json\/wp\/v2\/posts\/17977\/revisions"}],"predecessor-version":[{"id":17979,"href":"https:\/\/comunitapastoralecassina.org\/ver2\/wp-json\/wp\/v2\/posts\/17977\/revisions\/17979"}],"wp:attachment":[{"href":"https:\/\/comunitapastoralecassina.org\/ver2\/wp-json\/wp\/v2\/media?parent=17977"}],"wp:term":[{"taxonomy":"category","embeddable":true,"href":"https:\/\/comunitapastoralecassina.org\/ver2\/wp-json\/wp\/v2\/categories?post=17977"},{"taxonomy":"post_tag","embeddable":true,"href":"https:\/\/comunitapastoralecassina.org\/ver2\/wp-json\/wp\/v2\/tags?post=17977"}],"curies":[{"name":"wp","href":"https:\/\/api.w.org\/{rel}","templated":true}]}}