{"id":18453,"date":"2023-10-20T14:56:41","date_gmt":"2023-10-20T12:56:41","guid":{"rendered":"https:\/\/comunitapastoralecassina.org\/ver2\/?p=18453"},"modified":"2023-10-20T14:56:42","modified_gmt":"2023-10-20T12:56:42","slug":"preghiera-per-i-malati","status":"publish","type":"post","link":"https:\/\/comunitapastoralecassina.org\/ver2\/2023\/10\/preghiera-per-i-malati\/","title":{"rendered":"<strong>Preghiera per i malati<\/strong>"},"content":{"rendered":"\n<p>La nostra Comunit\u00e0 Pastorale vuole prendere l\u2019impegno di ricordare e pregare per tutti i nostri <strong>malati<\/strong>, durante la <em>S.Messa feriale<\/em> in tutte e tre le nostre Chiese, <em>una volta al mese<\/em>.<\/p>\n\n\n\n<p>Come giorno settimanale scegliamo il mercoled\u00ec cos\u00ec che abbiamo una S.Messa, in Comunit\u00e0, anche alle <strong>ore 18.30<\/strong> in <em>S.M.Ausiliatrice<\/em>.<\/p>\n\n\n\n<p>Invitiamo <strong>mercoled\u00ec 25 ottobre<\/strong> tutti coloro che hanno dei malati <em>(in famiglia o vicini di casa)<\/em> ad iniziare a partecipare alle <strong><em>ore 8.00<\/em><\/strong> a <em>Nativit\u00e0 di M.V.<\/em> oppure alle <strong><em>ore 17.00<\/em><\/strong> a <em>Sant\u2019Agata V.M.<\/em> oppure a <em>S.M.Ausiliatrice<\/em> (<strong><em>ore 8.30<\/em><\/strong> oppure <strong><em>18.30<\/em><\/strong>) ed anche a segnalare al sacerdote celebrante il <em>nome<\/em> o i <em>nomi <\/em>del <strong>malato<\/strong> e sarebbe bello ricevere anche un <strong>indirizzo<\/strong> e un <strong>contatto telefonico<\/strong> cos\u00ec da permettere al sacerdote, successivamente, la visita in casa del malato.<\/p>\n\n\n\n<p><em>Occorre che ciascuno si faccia promotore di questa iniziativa di preghiera e di attenzione ai malati.<\/em><\/p>\n\n\n\n<p><em>Confidiamo nella sensibilizzazione e collaborazione di tutti.<\/em><\/p>\n","protected":false},"excerpt":{"rendered":"<p>La nostra Comunit\u00e0 Pastorale vuole prendere l\u2019impegno di ricordare e pregare per tutti i nostri malati, durante la S.Messa feriale in tutte e tre le nostre Chiese, una volta al mese. Come giorno settimanale scegliamo il mercoled\u00ec cos\u00ec che abbiamo una S.Messa, in Comunit\u00e0, anche alle ore 18.30 in S.M.Ausiliatrice. Invitiamo mercoled\u00ec 25 ottobre tutti [&hellip;]<\/p>\n","protected":false},"author":2,"featured_media":18454,"comment_status":"closed","ping_status":"open","sticky":false,"template":"","format":"standard","meta":{"footnotes":""},"categories":[23],"tags":[],"class_list":{"0":"post-18453","1":"post","2":"type-post","3":"status-publish","4":"format-standard","5":"has-post-thumbnail","7":"category-avvisi"},"_links":{"self":[{"href":"https:\/\/comunitapastoralecassina.org\/ver2\/wp-json\/wp\/v2\/posts\/18453","targetHints":{"allow":["GET"]}}],"collection":[{"href":"https:\/\/comunitapastoralecassina.org\/ver2\/wp-json\/wp\/v2\/posts"}],"about":[{"href":"https:\/\/comunitapastoralecassina.org\/ver2\/wp-json\/wp\/v2\/types\/post"}],"author":[{"embeddable":true,"href":"https:\/\/comunitapastoralecassina.org\/ver2\/wp-json\/wp\/v2\/users\/2"}],"replies":[{"embeddable":true,"href":"https:\/\/comunitapastoralecassina.org\/ver2\/wp-json\/wp\/v2\/comments?post=18453"}],"version-history":[{"count":1,"href":"https:\/\/comunitapastoralecassina.org\/ver2\/wp-json\/wp\/v2\/posts\/18453\/revisions"}],"predecessor-version":[{"id":18455,"href":"https:\/\/comunitapastoralecassina.org\/ver2\/wp-json\/wp\/v2\/posts\/18453\/revisions\/18455"}],"wp:featuredmedia":[{"embeddable":true,"href":"https:\/\/comunitapastoralecassina.org\/ver2\/wp-json\/wp\/v2\/media\/18454"}],"wp:attachment":[{"href":"https:\/\/comunitapastoralecassina.org\/ver2\/wp-json\/wp\/v2\/media?parent=18453"}],"wp:term":[{"taxonomy":"category","embeddable":true,"href":"https:\/\/comunitapastoralecassina.org\/ver2\/wp-json\/wp\/v2\/categories?post=18453"},{"taxonomy":"post_tag","embeddable":true,"href":"https:\/\/comunitapastoralecassina.org\/ver2\/wp-json\/wp\/v2\/tags?post=18453"}],"curies":[{"name":"wp","href":"https:\/\/api.w.org\/{rel}","templated":true}]}}