{"id":18483,"date":"2023-11-02T08:56:18","date_gmt":"2023-11-02T07:56:18","guid":{"rendered":"https:\/\/comunitapastoralecassina.org\/ver2\/?p=18483"},"modified":"2023-11-11T10:26:53","modified_gmt":"2023-11-11T09:26:53","slug":"domenica-prossima-giornata-diocesana-caritas","status":"publish","type":"post","link":"https:\/\/comunitapastoralecassina.org\/ver2\/2023\/11\/domenica-prossima-giornata-diocesana-caritas\/","title":{"rendered":"Giornata diocesana Caritas 2023 &#8211; domenica 5 novembre"},"content":{"rendered":"\n<p>Il tema scelto \u00e8 <strong>\u201cPer non tornare indietro, nessuno sia lasciato indietro\u201d<\/strong><\/p>\n\n\n\n<p>Nella proposta pastorale per questo nuovo anno il nostro vescovo Mario ci ha ricordato che <em>\u201csiamo chiamati a un esercizio del pensiero che sia insieme esercizio di carit\u00e0 fraterna, esercizio di profezia, esercizio di ascolto e di dialogo. \u2026 \u00c8 giunto il momento per un ritorno all\u2019essenziale, per riconoscere nella complessit\u00e0 della situazione la via per rinnovare la nostra relazione con il Padre del Signore nostro Ges\u00f9 Cristo, unico salvatore nostro e di tutti i fratelli e le sorelle che abitano in questo mondo\u201d<\/em>.<\/p>\n\n\n\n<p>Alla <em>S.Messa<\/em> delle <strong>ore 18.30<\/strong>, in S.M.Ausiliatrice, <strong>domenica 5 novembre<\/strong>, alla presenza di <strong>padre Charbel El Khoury <\/strong><em>(un sacerdote libanese con il quale abbiamo pregato per la pace)<\/em>, abbiamo vissuto il <strong>Mandato Pastorale<\/strong> a tutti gli <em>Operatori Caritas<\/em> della nostra Comunit\u00e0.<\/p>\n\n\n\n<p>Il gesto del \u201cmandato\u201d rende visibili quei cristiani che sono chiamati ad essere segno luminoso e vivo della comunit\u00e0 e che si impegnano a testimoniare, nelle opere, il Vangelo della carit\u00e0, attenti al grido di chi soffre nel dolore e nella solitudine. La loro presenza deve essere stimolo affinch\u00e9 tutta la comunit\u00e0 cristiana cammini sulla strada della prossimit\u00e0 e pu\u00f2 essere <em>\u201cforza attraente\u201d<\/em> per molti altri a vivere gesti di amore gratuito nei confronti dei pi\u00f9 poveri ed esclusi.<em><\/em><\/p>\n\n\n\n<div data-wp-interactive=\"core\/file\" class=\"wp-block-file\"><object data-wp-bind--hidden=\"!state.hasPdfPreview\" hidden class=\"wp-block-file__embed\" data=\"https:\/\/comunitapastoralecassina.org\/ver2\/wp-content\/uploads\/GIORNATA-CARITAS-2023.pdf\" type=\"application\/pdf\" style=\"width:100%;height:600px\" aria-label=\"Incorporamento di &lt;strong&gt;GIORNATA CARITAS 2023&lt;\/strong&gt;.\"><\/object><a id=\"wp-block-file--media-23ed6b94-62a5-4322-aba1-71eb5273eae3\" href=\"https:\/\/comunitapastoralecassina.org\/ver2\/wp-content\/uploads\/GIORNATA-CARITAS-2023.pdf\"><strong>GIORNATA CARITAS 2023<\/strong><\/a><a href=\"https:\/\/comunitapastoralecassina.org\/ver2\/wp-content\/uploads\/GIORNATA-CARITAS-2023.pdf\" class=\"wp-block-file__button wp-element-button\" download aria-describedby=\"wp-block-file--media-23ed6b94-62a5-4322-aba1-71eb5273eae3\"><strong>Download<\/strong><\/a><\/div>\n","protected":false},"excerpt":{"rendered":"<p>Il tema scelto \u00e8 \u201cPer non tornare indietro, nessuno sia lasciato indietro\u201d Nella proposta pastorale per questo nuovo anno il nostro vescovo Mario ci ha ricordato che \u201csiamo chiamati a un esercizio del pensiero che sia insieme esercizio di carit\u00e0 fraterna, esercizio di profezia, esercizio di ascolto e di dialogo. \u2026 \u00c8 giunto il momento [&hellip;]<\/p>\n","protected":false},"author":2,"featured_media":15593,"comment_status":"closed","ping_status":"open","sticky":false,"template":"","format":"standard","meta":{"footnotes":""},"categories":[23,24],"tags":[],"class_list":{"0":"post-18483","1":"post","2":"type-post","3":"status-publish","4":"format-standard","5":"has-post-thumbnail","7":"category-avvisi","8":"category-caritas-cittadina"},"_links":{"self":[{"href":"https:\/\/comunitapastoralecassina.org\/ver2\/wp-json\/wp\/v2\/posts\/18483","targetHints":{"allow":["GET"]}}],"collection":[{"href":"https:\/\/comunitapastoralecassina.org\/ver2\/wp-json\/wp\/v2\/posts"}],"about":[{"href":"https:\/\/comunitapastoralecassina.org\/ver2\/wp-json\/wp\/v2\/types\/post"}],"author":[{"embeddable":true,"href":"https:\/\/comunitapastoralecassina.org\/ver2\/wp-json\/wp\/v2\/users\/2"}],"replies":[{"embeddable":true,"href":"https:\/\/comunitapastoralecassina.org\/ver2\/wp-json\/wp\/v2\/comments?post=18483"}],"version-history":[{"count":3,"href":"https:\/\/comunitapastoralecassina.org\/ver2\/wp-json\/wp\/v2\/posts\/18483\/revisions"}],"predecessor-version":[{"id":18559,"href":"https:\/\/comunitapastoralecassina.org\/ver2\/wp-json\/wp\/v2\/posts\/18483\/revisions\/18559"}],"wp:featuredmedia":[{"embeddable":true,"href":"https:\/\/comunitapastoralecassina.org\/ver2\/wp-json\/wp\/v2\/media\/15593"}],"wp:attachment":[{"href":"https:\/\/comunitapastoralecassina.org\/ver2\/wp-json\/wp\/v2\/media?parent=18483"}],"wp:term":[{"taxonomy":"category","embeddable":true,"href":"https:\/\/comunitapastoralecassina.org\/ver2\/wp-json\/wp\/v2\/categories?post=18483"},{"taxonomy":"post_tag","embeddable":true,"href":"https:\/\/comunitapastoralecassina.org\/ver2\/wp-json\/wp\/v2\/tags?post=18483"}],"curies":[{"name":"wp","href":"https:\/\/api.w.org\/{rel}","templated":true}]}}