{"id":18500,"date":"2023-11-03T11:15:49","date_gmt":"2023-11-03T10:15:49","guid":{"rendered":"https:\/\/comunitapastoralecassina.org\/ver2\/?p=18500"},"modified":"2023-11-03T11:21:09","modified_gmt":"2023-11-03T10:21:09","slug":"anche-noi-siamo-benedetti","status":"publish","type":"post","link":"https:\/\/comunitapastoralecassina.org\/ver2\/2023\/11\/anche-noi-siamo-benedetti\/","title":{"rendered":"<strong>Anche noi siamo benedetti<\/strong>"},"content":{"rendered":"\n<p><strong>N<\/strong>ei prossimi giorni <em>(da questo <strong>luned\u00ec<\/strong> <strong>6 novembre<\/strong>)<\/em> noi sacerdoti della Comunit\u00e0 inizieremo la Visita alle famiglie, in occasione del prossimo Santo Natale. E abbiamo fatto la scelta <em>(invertendo lo schema dello scorso anno)<\/em> di <strong>venire <\/strong>nelle vostre case <em>(per la Parrocchia di <\/em><em>S.M.Ausiliatrice<\/em><em>)<\/em> e di invitarvi ad <strong>incontrarci<\/strong>&nbsp; in Chiesa <em>(per le <\/em><em>Parrocchie di Nativit\u00e0 di M.V. <\/em><em>e di <\/em><em>Sant\u2019Agata V.M.<\/em><em>)<\/em>.<\/p>\n\n\n<div class=\"wp-block-image\">\n<figure class=\"alignright size-full is-resized\"><a href=\"https:\/\/comunitapastoralecassina.org\/ver2\/wp-content\/uploads\/immagine-benedizioni.jpg\"><img loading=\"lazy\" decoding=\"async\" src=\"https:\/\/comunitapastoralecassina.org\/ver2\/wp-content\/uploads\/immagine-benedizioni.jpg\" alt=\"\" class=\"wp-image-10511\" width=\"301\" height=\"201\" srcset=\"https:\/\/comunitapastoralecassina.org\/ver2\/wp-content\/uploads\/immagine-benedizioni.jpg 628w, https:\/\/comunitapastoralecassina.org\/ver2\/wp-content\/uploads\/immagine-benedizioni-300x201.jpg 300w\" sizes=\"auto, (max-width: 301px) 100vw, 301px\" \/><\/a><\/figure><\/div>\n\n\n<p>Vivremo un incontro che ci \u00e8 caro perch\u00e9 ci offre la possibilit\u00e0 di <em>sostare<\/em> presso le vostre case, di <em>scambiare<\/em> qualche parola, di <em>ascoltare<\/em> ci\u00f2 che vi sta maggiormente a cuore, di <em>incontrare<\/em> i vostri malati.<\/p>\n\n\n\n<p>Per noi sacerdoti \u00e8 un impegno faticoso e insieme gioioso.<\/p>\n\n\n\n<p>Non visitiamo le famiglie di Cassina per curiosit\u00e0 o per qualche indagine statistica sulla religione. Entrando nella quotidianit\u00e0 della vostra casa e della vostra vita o invitandovi a ritrovarci in Chiesa per pregare, desideriamo semplicemente <em>invocare<\/em><em> <\/em>insieme la benedizione di Dio e <em>(Perch\u00e9 no ?!?)<\/em> <em>farci scaldare<\/em> il cuore a vicenda perch\u00e9 la grazia del Natale tutti ci raggiunga e ci mostri il suo amore ostinato per <em>ciascuno<\/em> di noi.<\/p>\n\n\n\n<p>Ogni famiglia riceve, con la benedizione di Dio, una rivelazione della sua bont\u00e0 e della sua bellezza, cos\u00ec che tutti possano esclamare <em>\u201canche noi siamo benedetti da Dio\u201d<\/em>.<\/p>\n\n\n\n<p>A chi <em>non \u00e8 cristiano<\/em>, in forza dei <em>\u201cFratelli tutti\u201d<\/em> di Papa Francesco, ci piacerebbe rivolgere un fraterno saluto di pace.<\/p>\n\n\n\n<p>A chi <em>non \u00e8 credente<\/em> desidereremmo, in forza dell\u2019arte del <em>\u201cbuon vicinato\u201d<\/em> del nostro Arcivescovo Mario, semplicemente stringere la mano e augurare ogni bene.<\/p>\n\n\n\n<p>E a chi <em>non ci aprir\u00e0<\/em> per partito preso o sar\u00e0 infastidito per il semplice suono del campanello o per aver ricevuto la nostra lettera di invito, chiediamo fin d\u2019ora scusa per il disturbo.<\/p>\n\n\n\n<p>Carissimi, gi\u00e0 fin d\u2019ora noi <em>\u201cci prepariamo\u201d<\/em> a questa Visita con la nostra <em>preghiera<\/em>.<\/p>\n\n\n\n<p>In attesa di incontrarci, Vi salutiamo con l\u2019augurio di <em>ogni Pace<\/em> e di <em>ogni Bene<\/em>!<\/p>\n\n\n\n<p><strong>don Massimo, don Fabio, don Bangaly e don Silvio<\/strong><\/p>\n\n\n\n<p><strong>LUNEDI\u2019 6 NOVEMBRE <\/strong><em>Via Einaudi<\/em><\/p>\n\n\n\n<p><strong>MARTEDI\u2019 7 NOVEMBRE <\/strong><em>V.le Papa Giovanni<br \/>XXIII, Via Garibaldi e P.zza Decorati<\/em><\/p>\n\n\n\n<p><strong>MERCOLEDI\u2019 8 NOVEMBRE <\/strong><strong><br \/><\/strong><em>Via Nenni e Via Grandi<\/em><\/p>\n\n\n\n<p><strong>GIOVEDI\u2019 9 NOVEMBRE<br \/><\/strong><em>Via Naviglio Piccolo<\/em><\/p>\n\n\n\n<p><strong>VENERDI\u2019 10 NOVEMBRE<br \/><\/strong><em>Via Mozart e Via Rossini<\/em><\/p>\n\n\n\n<p><strong>LUNEDI\u2019 6 NOVEMBRE <\/strong><em>Via Einaudi<\/em><\/p>\n\n\n\n<p><strong>MARTEDI\u2019 7 NOVEMBRE <\/strong><em>V.le Papa Giovanni<br \/>XXIII, Via Garibaldi e P.zza Decorati<\/em><\/p>\n\n\n\n<p><strong>MERCOLEDI\u2019 8 NOVEMBRE <\/strong><strong><br \/><\/strong><em>Via Nenni e Via Grandi<\/em><\/p>\n\n\n\n<p><strong>GIOVEDI\u2019 9 NOVEMBRE<br \/><\/strong><em>Via Naviglio Piccolo<\/em><\/p>\n\n\n\n<p><strong>VENERDI\u2019 10 NOVEMBRE<br \/><\/strong><em>Via Mozart e Via Rossini<\/em><\/p>\n\n\n\n<p><strong>LUNEDI\u2019 13 NOVEMBRE<\/strong><strong> <\/strong><strong><br \/><\/strong><em>Via Volta (numeri pari) e Via Alighieri<\/em><\/p>\n\n\n\n<p><strong>MARTEDI\u2019 14 NOVEMBRE<\/strong><strong><br \/><\/strong><em>Via Volta (numeri dispari)<\/em><\/p>\n\n\n\n<p><strong>MERCOLEDI\u2019 15 NOVEMBRE&nbsp;&nbsp;<br \/><\/strong><em>Via Roma (numeri dispari)<\/em><\/p>\n\n\n\n<p><strong>GIOVEDI\u2019 16 NOVEMBRE<br \/><\/strong><em>Via Roma (numeri pari)<\/em><\/p>\n\n\n\n<p><strong>VENERDI\u2019 17 NOVEMBRE<br \/><\/strong><em>Via Card. Ferrari<\/em><\/p>\n","protected":false},"excerpt":{"rendered":"<p>Nei prossimi giorni (da questo luned\u00ec 6 novembre) noi sacerdoti della Comunit\u00e0 inizieremo la Visita alle famiglie, in occasione del prossimo Santo Natale. E abbiamo fatto la scelta (invertendo lo schema dello scorso anno) di venire nelle vostre case (per la Parrocchia di S.M.Ausiliatrice) e di invitarvi ad incontrarci&nbsp; in Chiesa (per le Parrocchie di [&hellip;]<\/p>\n","protected":false},"author":2,"featured_media":0,"comment_status":"closed","ping_status":"open","sticky":false,"template":"","format":"standard","meta":{"footnotes":""},"categories":[19],"tags":[],"class_list":{"0":"post-18500","1":"post","2":"type-post","3":"status-publish","4":"format-standard","6":"category-prima-pagina"},"_links":{"self":[{"href":"https:\/\/comunitapastoralecassina.org\/ver2\/wp-json\/wp\/v2\/posts\/18500","targetHints":{"allow":["GET"]}}],"collection":[{"href":"https:\/\/comunitapastoralecassina.org\/ver2\/wp-json\/wp\/v2\/posts"}],"about":[{"href":"https:\/\/comunitapastoralecassina.org\/ver2\/wp-json\/wp\/v2\/types\/post"}],"author":[{"embeddable":true,"href":"https:\/\/comunitapastoralecassina.org\/ver2\/wp-json\/wp\/v2\/users\/2"}],"replies":[{"embeddable":true,"href":"https:\/\/comunitapastoralecassina.org\/ver2\/wp-json\/wp\/v2\/comments?post=18500"}],"version-history":[{"count":1,"href":"https:\/\/comunitapastoralecassina.org\/ver2\/wp-json\/wp\/v2\/posts\/18500\/revisions"}],"predecessor-version":[{"id":18501,"href":"https:\/\/comunitapastoralecassina.org\/ver2\/wp-json\/wp\/v2\/posts\/18500\/revisions\/18501"}],"wp:attachment":[{"href":"https:\/\/comunitapastoralecassina.org\/ver2\/wp-json\/wp\/v2\/media?parent=18500"}],"wp:term":[{"taxonomy":"category","embeddable":true,"href":"https:\/\/comunitapastoralecassina.org\/ver2\/wp-json\/wp\/v2\/categories?post=18500"},{"taxonomy":"post_tag","embeddable":true,"href":"https:\/\/comunitapastoralecassina.org\/ver2\/wp-json\/wp\/v2\/tags?post=18500"}],"curies":[{"name":"wp","href":"https:\/\/api.w.org\/{rel}","templated":true}]}}