{"id":18514,"date":"2023-11-10T11:30:36","date_gmt":"2023-11-10T10:30:36","guid":{"rendered":"https:\/\/comunitapastoralecassina.org\/ver2\/?p=18514"},"modified":"2023-11-10T11:30:37","modified_gmt":"2023-11-10T10:30:37","slug":"nel-buio-della-notte","status":"publish","type":"post","link":"https:\/\/comunitapastoralecassina.org\/ver2\/2023\/11\/nel-buio-della-notte\/","title":{"rendered":"<strong>Nel buio della notte<\/strong>"},"content":{"rendered":"\n<p>Nel prezioso tempo di Avvento <em>(che iniziamo nel Rito Ambrosiano)<\/em> sono tante le immagini che riaffiorano nel cuore e nella mente pensando a questo cammino. Una pi\u00f9 di tutte, secondo me, esprime il senso di un&#8217;attesa feconda. L\u2019immagine della notte.<\/p>\n\n\n<div class=\"wp-block-image\">\n<figure class=\"alignright size-full is-resized\"><a href=\"https:\/\/comunitapastoralecassina.org\/ver2\/wp-content\/uploads\/faro.png\"><img loading=\"lazy\" decoding=\"async\" src=\"https:\/\/comunitapastoralecassina.org\/ver2\/wp-content\/uploads\/faro.png\" alt=\"\" class=\"wp-image-18516\" width=\"377\" height=\"240\"\/><\/a><\/figure><\/div>\n\n\n<p>Nella liturgia di Avvento saremo spesso provocati da un ritornello continuo:<em> \u201cfate attenzione, vegliate, non addormentatevi \u2026 perch\u00e9 non sapete quando il padrone torner\u00e0, se alla sera, a mezzanotte o all\u2019alba. E se giungendo nel mezzo della notte \u2026 vi trover\u00e0 svegli\u2026 beati voi\u201d<\/em>.&nbsp;<\/p>\n\n\n\n<p>Leggendo alcune pagine della Scrittura, Dio sembra agire sempre all&#8217;inverso di come pensiamo o desideriamo. Non agisce di giorno <em>(come faremmo noi)<\/em> ma agisce di notte, facendo del buio la condizione per esprimere la gioia e la bellezza della sua presenza.<\/p>\n\n\n\n<p>Pensiamo, ad esempio, alla Creazione dove il primo suo atto \u00e8 immerso nella notte finch\u00e9 non far\u00e0 sorgere la luce.&nbsp;Oppure al Natale <em>(conclusione dell\u2019Avvento)<\/em> dove la nascita di suo figlio avviene di notte ed \u00e8 in questa notte che i pastori ricevono l&#8217;annuncio gioioso e i magi sono guidati da una stella.&nbsp;<\/p>\n\n\n\n<p>Potremmo ben dire che <em>\u201cla notte \u00e8 il tempo di Dio\u201d<\/em>. Dio viene di notte, per questo \u00e8 necessario vegliare.<\/p>\n\n\n\n<p>Non \u00e8 solo la notte cronologica o quella in cui non prendiamo sonno, ma anche quella <em>\u201cnotte\u201d<\/em> che ognuno di noi vive. C&#8217;\u00e8 la notte della <em>solitudine<\/em>, c\u2019\u00e8 quella della <em>superficialit\u00e0<\/em>, quella del <em>peccato<\/em>, della <em>paura<\/em>, della <em>malattia<\/em>, della <em>preghiera<\/em>, dell\u2019<em>aridit\u00e0<\/em>, del <em>pianto<\/em>, della <em>sofferenza<\/em>, dei <em>desideri<\/em>, degli <em>affetti<\/em>, del <em>vuoto<\/em>.<\/p>\n\n\n\n<p>Dio abita tutte queste notti. Sta a noi decidere come viverle, se abbandonarci alla rassegnazione o se metterci sulla strada della ricerca e dell\u2019attesa per l&#8217;incontro con Lui.<\/p>\n\n\n\n<p>Nella notte ci \u00e8 dato di trovare o perdere Dio!<\/p>\n\n\n\n<p>L&#8217; Avvento torna ogni anno per chiederci chi e che cosa attendiamo nelle nostre notti. Ecco perch\u00e9 sono le notti pi\u00f9 lunghe dell&#8217;anno, per darci il tempo di illuminarle. Il ritornello di un canto che mi \u00e8 sempre piaciuto fin dagli anni del seminario dice cos\u00ec: \u201c<strong><em>Nella notte o Dio, noi veglieremo, con le lampade, vestiti a festa presto arriverai, e sar\u00e0 giorno\u201d.<\/em><\/strong><em><\/em><\/p>\n\n\n\n<p>Certamente anche per noi, in questo tempo di Avvento che iniziamo, non mancher\u00e0 la sorpresa luminosa della presenza di Dio. Al di l\u00e0 di tutte le preoccupazioni e i problemi che ci assillano, l&#8217;Avvento ci sprona a rinsaldare la nostra speranza, a non farcela rubare <em>(come direbbe papa Francesco)<\/em>.<\/p>\n\n\n\n<p>Buon cammino!<\/p>\n\n\n\n<p class=\"has-text-align-right\"><strong>don Massimo<\/strong><\/p>\n","protected":false},"excerpt":{"rendered":"<p>Nel prezioso tempo di Avvento (che iniziamo nel Rito Ambrosiano) sono tante le immagini che riaffiorano nel cuore e nella mente pensando a questo cammino. Una pi\u00f9 di tutte, secondo me, esprime il senso di un&#8217;attesa feconda. L\u2019immagine della notte. Nella liturgia di Avvento saremo spesso provocati da un ritornello continuo: \u201cfate attenzione, vegliate, non [&hellip;]<\/p>\n","protected":false},"author":2,"featured_media":0,"comment_status":"closed","ping_status":"open","sticky":false,"template":"","format":"standard","meta":{"footnotes":""},"categories":[19],"tags":[],"class_list":{"0":"post-18514","1":"post","2":"type-post","3":"status-publish","4":"format-standard","6":"category-prima-pagina"},"_links":{"self":[{"href":"https:\/\/comunitapastoralecassina.org\/ver2\/wp-json\/wp\/v2\/posts\/18514","targetHints":{"allow":["GET"]}}],"collection":[{"href":"https:\/\/comunitapastoralecassina.org\/ver2\/wp-json\/wp\/v2\/posts"}],"about":[{"href":"https:\/\/comunitapastoralecassina.org\/ver2\/wp-json\/wp\/v2\/types\/post"}],"author":[{"embeddable":true,"href":"https:\/\/comunitapastoralecassina.org\/ver2\/wp-json\/wp\/v2\/users\/2"}],"replies":[{"embeddable":true,"href":"https:\/\/comunitapastoralecassina.org\/ver2\/wp-json\/wp\/v2\/comments?post=18514"}],"version-history":[{"count":1,"href":"https:\/\/comunitapastoralecassina.org\/ver2\/wp-json\/wp\/v2\/posts\/18514\/revisions"}],"predecessor-version":[{"id":18517,"href":"https:\/\/comunitapastoralecassina.org\/ver2\/wp-json\/wp\/v2\/posts\/18514\/revisions\/18517"}],"wp:attachment":[{"href":"https:\/\/comunitapastoralecassina.org\/ver2\/wp-json\/wp\/v2\/media?parent=18514"}],"wp:term":[{"taxonomy":"category","embeddable":true,"href":"https:\/\/comunitapastoralecassina.org\/ver2\/wp-json\/wp\/v2\/categories?post=18514"},{"taxonomy":"post_tag","embeddable":true,"href":"https:\/\/comunitapastoralecassina.org\/ver2\/wp-json\/wp\/v2\/tags?post=18514"}],"curies":[{"name":"wp","href":"https:\/\/api.w.org\/{rel}","templated":true}]}}