{"id":18524,"date":"2023-11-10T11:33:44","date_gmt":"2023-11-10T10:33:44","guid":{"rendered":"https:\/\/comunitapastoralecassina.org\/ver2\/?p=18524"},"modified":"2023-11-10T11:33:45","modified_gmt":"2023-11-10T10:33:45","slug":"a-chi-interessa-il-dopo-di-noi","status":"publish","type":"post","link":"https:\/\/comunitapastoralecassina.org\/ver2\/2023\/11\/a-chi-interessa-il-dopo-di-noi\/","title":{"rendered":"<strong>A chi interessa il dopo di noi?<\/strong>"},"content":{"rendered":"\n<p>La <em>Commissione decanale \u201cComunit\u00e0 cristiana e disabilit\u00e0\u201d <\/em>&nbsp;rivolge a tutti un caloroso invito al Convegno che verr\u00e0 fatto nel nostro Oratorio SDS <strong>sabato 18 novembre<\/strong> (dalle <strong>ore 10.00<\/strong> alle <strong>ore 12.15<\/strong>).<\/p>\n\n\n\n<p>Attraverso relatori competenti si avr\u00e0 l\u2019occasione di conoscere la legge regionale sul diritto alla vita indipendente, alcune richieste del territorio di interventi a favore della fragilit\u00e0 e alcune realt\u00e0 esistenti nel decanato di esperienze gi\u00e0 in atto. Si concluder\u00e0 con un aperitivo finale.<\/p>\n\n\n\n<p><em>Sono invitati i membri dei Consigli Pastorali ed Economici del Decanato, i Sacerdoti, i volontari della Caritas e chi fosse semplicemente interessato.<\/em><\/p>\n","protected":false},"excerpt":{"rendered":"<p>La Commissione decanale \u201cComunit\u00e0 cristiana e disabilit\u00e0\u201d &nbsp;rivolge a tutti un caloroso invito al Convegno che verr\u00e0 fatto nel nostro Oratorio SDS sabato 18 novembre (dalle ore 10.00 alle ore 12.15). Attraverso relatori competenti si avr\u00e0 l\u2019occasione di conoscere la legge regionale sul diritto alla vita indipendente, alcune richieste del territorio di interventi a favore [&hellip;]<\/p>\n","protected":false},"author":2,"featured_media":18525,"comment_status":"closed","ping_status":"open","sticky":false,"template":"","format":"standard","meta":{"footnotes":""},"categories":[23],"tags":[],"class_list":{"0":"post-18524","1":"post","2":"type-post","3":"status-publish","4":"format-standard","5":"has-post-thumbnail","7":"category-avvisi"},"_links":{"self":[{"href":"https:\/\/comunitapastoralecassina.org\/ver2\/wp-json\/wp\/v2\/posts\/18524","targetHints":{"allow":["GET"]}}],"collection":[{"href":"https:\/\/comunitapastoralecassina.org\/ver2\/wp-json\/wp\/v2\/posts"}],"about":[{"href":"https:\/\/comunitapastoralecassina.org\/ver2\/wp-json\/wp\/v2\/types\/post"}],"author":[{"embeddable":true,"href":"https:\/\/comunitapastoralecassina.org\/ver2\/wp-json\/wp\/v2\/users\/2"}],"replies":[{"embeddable":true,"href":"https:\/\/comunitapastoralecassina.org\/ver2\/wp-json\/wp\/v2\/comments?post=18524"}],"version-history":[{"count":1,"href":"https:\/\/comunitapastoralecassina.org\/ver2\/wp-json\/wp\/v2\/posts\/18524\/revisions"}],"predecessor-version":[{"id":18526,"href":"https:\/\/comunitapastoralecassina.org\/ver2\/wp-json\/wp\/v2\/posts\/18524\/revisions\/18526"}],"wp:featuredmedia":[{"embeddable":true,"href":"https:\/\/comunitapastoralecassina.org\/ver2\/wp-json\/wp\/v2\/media\/18525"}],"wp:attachment":[{"href":"https:\/\/comunitapastoralecassina.org\/ver2\/wp-json\/wp\/v2\/media?parent=18524"}],"wp:term":[{"taxonomy":"category","embeddable":true,"href":"https:\/\/comunitapastoralecassina.org\/ver2\/wp-json\/wp\/v2\/categories?post=18524"},{"taxonomy":"post_tag","embeddable":true,"href":"https:\/\/comunitapastoralecassina.org\/ver2\/wp-json\/wp\/v2\/tags?post=18524"}],"curies":[{"name":"wp","href":"https:\/\/api.w.org\/{rel}","templated":true}]}}