{"id":18575,"date":"2023-11-16T17:48:19","date_gmt":"2023-11-16T16:48:19","guid":{"rendered":"https:\/\/comunitapastoralecassina.org\/ver2\/?p=18575"},"modified":"2023-11-16T17:48:20","modified_gmt":"2023-11-16T16:48:20","slug":"come-vivere-lavvento","status":"publish","type":"post","link":"https:\/\/comunitapastoralecassina.org\/ver2\/2023\/11\/come-vivere-lavvento\/","title":{"rendered":"<strong>Come vivere l\u2019avvento?<\/strong>"},"content":{"rendered":"\n<p>Forse te lo stai ancora domandando, da quando domenica scorsa abbiamo iniziato l\u2019Avvento.<\/p>\n\n\n\n<p>Ci sono dei tempi privilegiati che, nella sua antica sapienza, la Chiesa ci offre ogni anno.<\/p>\n\n\n\n<p>Sono tempi per \u201calzarci\u201d, per ricominciare, per riprendere in mano il nostro cammino, i nostri passi, la nostra vita spirituale e trovare nuove energie per ripartire.<\/p>\n\n\n\n<p>Uno di questi tempi forti \u00e8 l\u2019Avvento.<\/p>\n\n\n\n<p>Credo che tutti noi ci siamo ritrovati puntualmente davanti a questa domanda: <em>cosa posso fare in Avvento?<\/em> <em>Come posso vivere questo periodo?<\/em> E \u2013 ammettiamolo \u2013 dobbiamo anche dire che, nella propria esperienza, questa domanda arriva molte volte purtroppo quando l\u2019Avvento \u00e8 gi\u00e0 iniziato. Forse anche oggi, all\u2019inizio della Seconda Settimana di Avvento <em>(per noi ambrosiani)<\/em>.<\/p>\n\n\n\n<p>Proviamo dunque a dare qualche suggerimento. Partirei con un atteggiamento di fondo: ad-ventum \u00e8 una certezza: \u00e8 un participio passato! Dio \u00e8 gi\u00e0 venuto verso di noi!<\/p>\n\n\n\n<p>Questo tempo quindi richiede uno sguardo contemplativo: <em>scoprire Dio gi\u00e0 venuto nel mondo<\/em>.<\/p>\n\n\n\n<p>L\u2019Avvento \u00e8 il tempo in cui cercare Dio nelle cose piccole e semplici.<\/p>\n\n\n\n<p>La liturgia infatti porter\u00e0 subito la nostra attenzione sulla necessit\u00e0 di vigilare: siamo nella notte <em>(l\u2019abbiamo anche sottolineato nell\u2019Insieme, settimana scorsa)<\/em>, ma non ci perdiamo d\u2019animo.<\/p>\n\n\n\n<p><em>Dio \u00e8 presente, anche se a volte non riusciamo a trovarlo con evidenza.<\/em><\/p>\n\n\n\n<p>Ecco una prima indicazione: <em>cercare Dio nella Parola<\/em>. Le letture che accompagnano questo tempo <em>(anche se a volte non semplici)<\/em> ci spingono proprio ad avere questo sguardo di fiducia e di ricerca.<\/p>\n\n\n\n<p>Il secondo atteggiamento pu\u00f2 essere quello di portare lo sguardo <em>su di s\u00e9<\/em>: <em>il Signore continua a venire nella mia vita, ma io come lo sto accogliendo?<\/em><\/p>\n\n\n\n<p>A volte, con disprezzo o rammarico, definiamo il nostro cuore una \u201cstalla\u201d, un luogo in <em>disordine<\/em> e <em>squallido<\/em>\u2026 eppure \u00e8 proprio l\u00ec che Ges\u00f9 ha scelto di nascere. Siamo invitati a non spaventarci per quello che vediamo dentro di noi. Non dobbiamo rimanere bloccati. <em>In questa stalla per\u00f2 possiamo mettere qualcosa che renda questo luogo pi\u00f9 accogliente.<\/em><\/p>\n\n\n\n<p>Da qui l\u2019impegno di questo tempo privilegiato che \u00e8 l\u2019Avvento: <em>in che modo posso prendermi cura del mio cuore?<\/em> Potrei cercare di essere <em>meno orgoglioso<\/em> oppure di essere <em>pi\u00f9 accogliente<\/em> con gli altri oppure di <em>esercitare maggiormente la pazienza<\/em>.<\/p>\n\n\n\n<p>\u00c8 una cosa semplice, ma efficace: come sistemare al meglio il mio cuore, pur sapendo che rimane sempre una stalla, dove per\u00f2 Ges\u00f9 non disprezza di nascere ancora.<\/p>\n\n\n\n<p><strong>don Massimo<\/strong><strong><\/strong><\/p>\n","protected":false},"excerpt":{"rendered":"<p>Forse te lo stai ancora domandando, da quando domenica scorsa abbiamo iniziato l\u2019Avvento. Ci sono dei tempi privilegiati che, nella sua antica sapienza, la Chiesa ci offre ogni anno. Sono tempi per \u201calzarci\u201d, per ricominciare, per riprendere in mano il nostro cammino, i nostri passi, la nostra vita spirituale e trovare nuove energie per ripartire. [&hellip;]<\/p>\n","protected":false},"author":2,"featured_media":18576,"comment_status":"closed","ping_status":"open","sticky":false,"template":"","format":"standard","meta":{"footnotes":""},"categories":[19],"tags":[],"class_list":{"0":"post-18575","1":"post","2":"type-post","3":"status-publish","4":"format-standard","5":"has-post-thumbnail","7":"category-prima-pagina"},"_links":{"self":[{"href":"https:\/\/comunitapastoralecassina.org\/ver2\/wp-json\/wp\/v2\/posts\/18575","targetHints":{"allow":["GET"]}}],"collection":[{"href":"https:\/\/comunitapastoralecassina.org\/ver2\/wp-json\/wp\/v2\/posts"}],"about":[{"href":"https:\/\/comunitapastoralecassina.org\/ver2\/wp-json\/wp\/v2\/types\/post"}],"author":[{"embeddable":true,"href":"https:\/\/comunitapastoralecassina.org\/ver2\/wp-json\/wp\/v2\/users\/2"}],"replies":[{"embeddable":true,"href":"https:\/\/comunitapastoralecassina.org\/ver2\/wp-json\/wp\/v2\/comments?post=18575"}],"version-history":[{"count":1,"href":"https:\/\/comunitapastoralecassina.org\/ver2\/wp-json\/wp\/v2\/posts\/18575\/revisions"}],"predecessor-version":[{"id":18577,"href":"https:\/\/comunitapastoralecassina.org\/ver2\/wp-json\/wp\/v2\/posts\/18575\/revisions\/18577"}],"wp:featuredmedia":[{"embeddable":true,"href":"https:\/\/comunitapastoralecassina.org\/ver2\/wp-json\/wp\/v2\/media\/18576"}],"wp:attachment":[{"href":"https:\/\/comunitapastoralecassina.org\/ver2\/wp-json\/wp\/v2\/media?parent=18575"}],"wp:term":[{"taxonomy":"category","embeddable":true,"href":"https:\/\/comunitapastoralecassina.org\/ver2\/wp-json\/wp\/v2\/categories?post=18575"},{"taxonomy":"post_tag","embeddable":true,"href":"https:\/\/comunitapastoralecassina.org\/ver2\/wp-json\/wp\/v2\/tags?post=18575"}],"curies":[{"name":"wp","href":"https:\/\/api.w.org\/{rel}","templated":true}]}}