{"id":18606,"date":"2023-12-01T13:54:15","date_gmt":"2023-12-01T12:54:15","guid":{"rendered":"https:\/\/comunitapastoralecassina.org\/ver2\/?p=18606"},"modified":"2023-12-01T13:54:17","modified_gmt":"2023-12-01T12:54:17","slug":"vigilare-nelleducare","status":"publish","type":"post","link":"https:\/\/comunitapastoralecassina.org\/ver2\/2023\/12\/vigilare-nelleducare\/","title":{"rendered":"<strong>Vigilare nell\u2019educare<\/strong>"},"content":{"rendered":"\n<p>Cari Genitori di Luca! <em>(ovviamente \u201cLuca\u201d \u00e8 un <\/em><em>nome inventato)<\/em><\/p>\n\n\n<div class=\"wp-block-image\">\n<figure class=\"alignright size-full is-resized\"><a href=\"https:\/\/comunitapastoralecassina.org\/ver2\/wp-content\/uploads\/educare.png\"><img loading=\"lazy\" decoding=\"async\" src=\"https:\/\/comunitapastoralecassina.org\/ver2\/wp-content\/uploads\/educare.png\" alt=\"\" class=\"wp-image-18607\" width=\"243\" height=\"159\" srcset=\"https:\/\/comunitapastoralecassina.org\/ver2\/wp-content\/uploads\/educare.png 419w, https:\/\/comunitapastoralecassina.org\/ver2\/wp-content\/uploads\/educare-300x196.png 300w\" sizes=\"auto, (max-width: 243px) 100vw, 243px\" \/><\/a><\/figure><\/div>\n\n\n<p>Nel cammino di Avvento l\u2019invito a <em>\u201cvigilare\u201d<\/em> \u00e8 davvero forte e carico di significati. Ecco perch\u00e8 oggi, senz\u2019altro colpito come prete ed educatore <em>(come tutti voi)<\/em> da recenti notizie che riguardano <em>\u201cdrammi\u201d<\/em> di ragazze e di giovani, vorrei scrivervi due righe, in questo editoriale, come stimolo ad una riflessione e <em>(perch\u00e9 no?)<\/em> come occasione per voi ad un confronto, un dialogo in famiglia tra le mura di casa.<\/p>\n\n\n\n<p>Credo che una <em>mamma<\/em> ed un <em>pap\u00e0<\/em>, ogni giorno, debbano custodire \u201cquesta\u201d vigilanza nell\u2019educare.<\/p>\n\n\n\n<p>Mi piace sottolineare, come spesso faccio, che subito all\u2019inizio del cammino cristiano <em>(il giorno del Battesimo)<\/em> la Chiesa ricorda ai genitori una fondamentale verit\u00e0: <em>\u201cVoi siete i primi educatori dei vostri figli\u201d<\/em>.<\/p>\n\n\n\n<p>Vedete? Possiamo <em>credere<\/em> o <em>non avere fede<\/em>, <em>essere pronti<\/em> a diventare genitori o <em>esserlo impreparati<\/em>\u2026 ma un dato di fatto \u00e8 questo: <em>Tu, sei il primo educatore di tuo figlio!<\/em><\/p>\n\n\n\n<p>E questa stimolante responsabilit\u00e0 la tieni viva sempre: dal momento che decidi di <em>metterlo al mondo<\/em> al giorno del suo <em>battesimo<\/em>, nel cammino della sua <em>vita<\/em> <em>(Sport, Scuola, Oratorio&#8230;)<\/em>, alla <em>maggiore et\u00e0<\/em>\u2026 <em>\u201cfino alla fine\u201d<\/em> <em>(anche quando <\/em>\u2013 e accadr\u00e0 \u2013 <em>non ti ascolter\u00e0 pi\u00f9 perch\u00e9 Luca si sentir\u00e0 libero di fare le proprie scelte e prendere le sue decisioni)<\/em>.<\/p>\n\n\n\n<p>Quale dono meraviglioso <em>mettere al mondo un figlio<\/em> e quanta vigilante attenzione <em>essere genitore<\/em>!<\/p>\n\n\n\n<p>Vorrei condividere un semplice Decalogo <em>(senza la presunzione di sostituirmi chiss\u00e0 a Chi..!?!)<\/em> che possa, come dicevo prima, stimolare un confronto tra voi e magari anche con altri genitori \u201camici\u201d <em>(con i quali vi accomuna <\/em>&#8211; non spaventatevi &#8211; <em>&nbsp;questa vocazione ad educare)<\/em>. E\u2019 importante <em>\u201csintonizzarsi\u201d<\/em> insieme ad altri genitori soprattutto quando Luca ha una particolare et\u00e0.<\/p>\n\n\n\n<ul class=\"wp-block-list\">\n<li>Luca \u00e8 un dono prezioso. Il fatto che sia un <em>\u201cdono\u201d<\/em> dice tanto.<\/li>\n\n\n\n<li>Noi genitori siamo i primi suoi educatori.<\/li>\n\n\n\n<li>Siamo amici e insieme autorevoli <em>(perch\u00e9 oltre ai \u201cs\u00ec\u201d sono preziosi anche i \u201cno\u201d)<\/em><\/li>\n\n\n\n<li>Ci interessiamo a lui <em>(amicizie, hobby&#8230;)<\/em> anche se indaffarati <em>(il motto \u201cI Care\u201d di don Milani)<\/em><\/li>\n\n\n\n<li>Consapevoli che anche gli sbagli aiutano a crescere, stiamo al suo fianco, sempre.<\/li>\n\n\n\n<li>Ci alleniamo a dialogare tra noi e con lui e saper leggere insieme anche i suoi silenzi.<\/li>\n\n\n\n<li>Con pazienza ci mettiamo in umile discussione di fronte a qualche naturale delusione.<\/li>\n\n\n\n<li>Costruiamo, in sinergia educativa, belle alleanze <em>(conoscendo i valori, gli attori e le proposte)<\/em><\/li>\n\n\n\n<li>Per crescerlo non bastiamo solo noi <em>(un noto proverbio africano: ci vuole un villaggio)<\/em><\/li>\n\n\n\n<li>Non siamo genitori <em>\u201ctuttologi\u201d<\/em> ma non diamo a nessuno <em>delega<\/em> o <em>carta bianca<\/em> per educarlo.<\/li>\n<\/ul>\n\n\n\n<p>Cara mamma e caro pap\u00e0 di Luca!<\/p>\n\n\n\n<p>Non so come avete accolto questo Editoriale sulla <strong>vigilanza <\/strong>nell\u2019educare.<\/p>\n\n\n\n<p>Forse possiamo tenerlo presente e soffermarci \u2013 a giorni alterni \u2013 su uno o l\u2019altro dei punti del Decalogo ricordando anzitutto ci\u00f2 che <strong>Madre Teresa di Calcutta<\/strong> diceva ai genitori: \u201c<em>dovete essere affidabili, non perfetti. I figli devono essere felici, non farvi felici\u201d<\/em><em>.<\/em><\/p>\n\n\n\n<p><em>Da parte mia, credetemi, vi accompagno in questa <strong>vigilanza <\/strong>con la preghiera e, prima ancora, con la promessa della continua vicinanza della Comunit\u00e0, del nostro Oratorio che con voi, anzitutto, desidera fare <strong>alleanza educativa<\/strong> nell\u2019essere genitori e <strong>primi <\/strong>educatori di Luca.<\/em><\/p>\n\n\n\n<p class=\"has-text-align-right\"><strong>don Massimo<\/strong><\/p>\n","protected":false},"excerpt":{"rendered":"<p>Cari Genitori di Luca! (ovviamente \u201cLuca\u201d \u00e8 un nome inventato) Nel cammino di Avvento l\u2019invito a \u201cvigilare\u201d \u00e8 davvero forte e carico di significati. Ecco perch\u00e8 oggi, senz\u2019altro colpito come prete ed educatore (come tutti voi) da recenti notizie che riguardano \u201cdrammi\u201d di ragazze e di giovani, vorrei scrivervi due righe, in questo editoriale, come [&hellip;]<\/p>\n","protected":false},"author":2,"featured_media":0,"comment_status":"closed","ping_status":"open","sticky":false,"template":"","format":"standard","meta":{"footnotes":""},"categories":[19],"tags":[],"class_list":{"0":"post-18606","1":"post","2":"type-post","3":"status-publish","4":"format-standard","6":"category-prima-pagina"},"_links":{"self":[{"href":"https:\/\/comunitapastoralecassina.org\/ver2\/wp-json\/wp\/v2\/posts\/18606","targetHints":{"allow":["GET"]}}],"collection":[{"href":"https:\/\/comunitapastoralecassina.org\/ver2\/wp-json\/wp\/v2\/posts"}],"about":[{"href":"https:\/\/comunitapastoralecassina.org\/ver2\/wp-json\/wp\/v2\/types\/post"}],"author":[{"embeddable":true,"href":"https:\/\/comunitapastoralecassina.org\/ver2\/wp-json\/wp\/v2\/users\/2"}],"replies":[{"embeddable":true,"href":"https:\/\/comunitapastoralecassina.org\/ver2\/wp-json\/wp\/v2\/comments?post=18606"}],"version-history":[{"count":1,"href":"https:\/\/comunitapastoralecassina.org\/ver2\/wp-json\/wp\/v2\/posts\/18606\/revisions"}],"predecessor-version":[{"id":18608,"href":"https:\/\/comunitapastoralecassina.org\/ver2\/wp-json\/wp\/v2\/posts\/18606\/revisions\/18608"}],"wp:attachment":[{"href":"https:\/\/comunitapastoralecassina.org\/ver2\/wp-json\/wp\/v2\/media?parent=18606"}],"wp:term":[{"taxonomy":"category","embeddable":true,"href":"https:\/\/comunitapastoralecassina.org\/ver2\/wp-json\/wp\/v2\/categories?post=18606"},{"taxonomy":"post_tag","embeddable":true,"href":"https:\/\/comunitapastoralecassina.org\/ver2\/wp-json\/wp\/v2\/tags?post=18606"}],"curies":[{"name":"wp","href":"https:\/\/api.w.org\/{rel}","templated":true}]}}