{"id":18709,"date":"2023-12-23T18:08:14","date_gmt":"2023-12-23T17:08:14","guid":{"rendered":"https:\/\/comunitapastoralecassina.org\/ver2\/?p=18709"},"modified":"2023-12-23T18:08:15","modified_gmt":"2023-12-23T17:08:15","slug":"messaggio-di-natale-dalla-caritas-cittadina-3","status":"publish","type":"post","link":"https:\/\/comunitapastoralecassina.org\/ver2\/2023\/12\/messaggio-di-natale-dalla-caritas-cittadina-3\/","title":{"rendered":"Messaggio di Natale dalla Caritas cittadina"},"content":{"rendered":"\n<p>Carissimi tutti,<\/p>\n\n\n\n<p>Il S. Natale \u00e8 alle porte e ci introduce nella parte dell\u2019anno pi\u00f9 dolce, dove attendiamo l\u2019arrivo di Ges\u00f9 Bambino per scaldare nuovamente le nostre vite. Le nostre giornate sono troppo spesso ridotte ad una stancante routine, senza concederci un breve tempo per fermarci a pensare e a riflettere sulle nostre vere necessit\u00e0 e su quelle degli altri e fare \u201cpulizia\u201d dentro di noi; quante volte dovremmo ringraziare il Signore per tutto ci\u00f2 che abbiamo: affetti, sicurezze, beni materiali a cui non prestiamo attenzione!<\/p>\n\n\n\n<p>Noi operatori della Caritas cittadina siamo veramente grati a tutti voi perch\u00e9 anche quest\u2019anno \u2013 soprattutto in questo momento \u201cspeciale\u201d \u2013 ci siete stati vicini e vi siete sentiti parte attiva di questa comunit\u00e0, adoperandovi per chi non sempre \u201cce la fa\u201d.<\/p>\n\n\n\n<p>Ringraziamo i signori G. e P.&nbsp; che negli ultimi anni si sono puntualmente preoccupati di farci avere buoni e appetitosi alimenti per arricchire il pacco di Natale che viene distribuito alle famiglie bisognose. Grazie!! La nostra gratitudine e quella di chi ne fruisce \u00e8 veramente grande. Grazie!!<\/p>\n\n\n\n<p>L\u2019associazione \u201cGenitori in gioco\u201d anche quest\u2019anno si \u00e8 attivata per farci avere pacchi regalo sia per grandi che per piccini: nulla \u00e8 pi\u00f9 piacevole e gioioso che consegnare un colorato pacco dono a chi proprio non se lo aspetta: il loro sorriso \u00e8 il modo migliore per dirvi grazie!!<\/p>\n\n\n\n<p>Grazie al maestro Paolo Oreni che con il suo talento ci ha incantato e trasportato in una dimensione non consueta e travolgente.<\/p>\n\n\n\n<p>Ringraziamo poi tutti gli operatori dei servizi sociali che mai come quest\u2019anno hanno interagito in modo costruttivo con tutti noi!! Il loro contributo \u00e8 veramente prezioso.<\/p>\n\n\n\n<p>Ringraziamo la cooperativa \u201cLa Speranza\u201d per la scuola di italiano per stranieri, il GAS, la segreteria dell\u2019oratorio sempre pronta a collaborare, il gruppo sportivo S.D.S. \u201cArcobaleno\u201d sempre presente ad ogni segnalazione di necessit\u00e0, cos\u00ec come il Cassina Calcio.<\/p>\n\n\n\n<p>E ancora grazie ai nostri servizi doposcuola \u201cIl Girotondo\u201d e \u201cIl Ponte\u201d, preziose e indispensabili realt\u00e0 della nostra caritas. Il mio grazie \u00e8 davvero carico di commossa gratitudine perch\u00e9 conosco la fatica e l\u2019impegno che nasconde questo ormai ventennale servizio: grazie di cuore a tutti voi!!<\/p>\n\n\n\n<p>Grazie a tutti i volontari della distribuzione indumenti: servizio \u201cdi frontiera\u201d non sempre facile e sicuramente faticoso che richiede pazienza, gentilezza, fermezza e fedelt\u00e0.<\/p>\n\n\n\n<p>Grazie agli operatori del centro ascolto: pilastri, sentinelle che ogni giorno devono fortificare la consapevolezza del delicato compito che devono svolgere; grazie per la disponibilit\u00e0 e professionalit\u00e0 di tutti voi.<\/p>\n\n\n\n<p>Grazie a tutti i Sacerdoti!!!<\/p>\n\n\n\n<p>ABBRACCIO TUTTI, TUTTI, nessuno si senta escluso, auguro a tutti un sereno e santo Natale: vi auguro di gustarvi le feste in famiglia, gioire degli affetti pi\u00f9 stretti, per ricordare che non hanno importanza altre cose se non quelle presenti.<\/p>\n\n\n\n<p>Ricarichiamoci con \u201cil Bambino che viene per noi\u201d, per ripartire con un nuovo slancio verso il nuovo anno che ci attende\u2026<\/p>\n\n\n\n<p>\u2026 e ricordiamoci di pregare per la Pace!<\/p>\n\n\n\n<p>Con gratitudine<\/p>\n\n\n\n<p>Paola Cazzola<\/p>\n","protected":false},"excerpt":{"rendered":"<p>Carissimi tutti, Il S. Natale \u00e8 alle porte e ci introduce nella parte dell\u2019anno pi\u00f9 dolce, dove attendiamo l\u2019arrivo di Ges\u00f9 Bambino per scaldare nuovamente le nostre vite. Le nostre giornate sono troppo spesso ridotte ad una stancante routine, senza concederci un breve tempo per fermarci a pensare e a riflettere sulle nostre vere necessit\u00e0 [&hellip;]<\/p>\n","protected":false},"author":2,"featured_media":15593,"comment_status":"closed","ping_status":"open","sticky":false,"template":"","format":"standard","meta":{"footnotes":""},"categories":[115],"tags":[],"class_list":{"0":"post-18709","1":"post","2":"type-post","3":"status-publish","4":"format-standard","5":"has-post-thumbnail","7":"category-in-evidenza"},"_links":{"self":[{"href":"https:\/\/comunitapastoralecassina.org\/ver2\/wp-json\/wp\/v2\/posts\/18709","targetHints":{"allow":["GET"]}}],"collection":[{"href":"https:\/\/comunitapastoralecassina.org\/ver2\/wp-json\/wp\/v2\/posts"}],"about":[{"href":"https:\/\/comunitapastoralecassina.org\/ver2\/wp-json\/wp\/v2\/types\/post"}],"author":[{"embeddable":true,"href":"https:\/\/comunitapastoralecassina.org\/ver2\/wp-json\/wp\/v2\/users\/2"}],"replies":[{"embeddable":true,"href":"https:\/\/comunitapastoralecassina.org\/ver2\/wp-json\/wp\/v2\/comments?post=18709"}],"version-history":[{"count":1,"href":"https:\/\/comunitapastoralecassina.org\/ver2\/wp-json\/wp\/v2\/posts\/18709\/revisions"}],"predecessor-version":[{"id":18710,"href":"https:\/\/comunitapastoralecassina.org\/ver2\/wp-json\/wp\/v2\/posts\/18709\/revisions\/18710"}],"wp:featuredmedia":[{"embeddable":true,"href":"https:\/\/comunitapastoralecassina.org\/ver2\/wp-json\/wp\/v2\/media\/15593"}],"wp:attachment":[{"href":"https:\/\/comunitapastoralecassina.org\/ver2\/wp-json\/wp\/v2\/media?parent=18709"}],"wp:term":[{"taxonomy":"category","embeddable":true,"href":"https:\/\/comunitapastoralecassina.org\/ver2\/wp-json\/wp\/v2\/categories?post=18709"},{"taxonomy":"post_tag","embeddable":true,"href":"https:\/\/comunitapastoralecassina.org\/ver2\/wp-json\/wp\/v2\/tags?post=18709"}],"curies":[{"name":"wp","href":"https:\/\/api.w.org\/{rel}","templated":true}]}}