{"id":18754,"date":"2024-01-04T21:28:57","date_gmt":"2024-01-04T20:28:57","guid":{"rendered":"https:\/\/comunitapastoralecassina.org\/ver2\/?p=18754"},"modified":"2024-01-04T21:28:58","modified_gmt":"2024-01-04T20:28:58","slug":"due-pensieri-per-iniziare","status":"publish","type":"post","link":"https:\/\/comunitapastoralecassina.org\/ver2\/2024\/01\/due-pensieri-per-iniziare\/","title":{"rendered":"<strong>Due pensieri per iniziare\u2026<\/strong>"},"content":{"rendered":"<div class=\"wp-block-image\">\n<figure class=\"alignright size-full\"><a href=\"https:\/\/comunitapastoralecassina.org\/ver2\/wp-content\/uploads\/papa-mattarella.png\"><img loading=\"lazy\" decoding=\"async\" width=\"329\" height=\"185\" src=\"https:\/\/comunitapastoralecassina.org\/ver2\/wp-content\/uploads\/papa-mattarella.png\" alt=\"\" class=\"wp-image-18756\" srcset=\"https:\/\/comunitapastoralecassina.org\/ver2\/wp-content\/uploads\/papa-mattarella.png 329w, https:\/\/comunitapastoralecassina.org\/ver2\/wp-content\/uploads\/papa-mattarella-300x169.png 300w\" sizes=\"auto, (max-width: 329px) 100vw, 329px\" \/><\/a><\/figure><\/div>\n\n\n<p>Voglio condividere con voi, riprendendo l\u2019<em>Insieme<\/em> in questo nuovo anno, due passaggi significativi di alcuni discorsi importanti che abbiamo forse ascoltato in questo inizio del 2024: l\u2019<em>Angelus <\/em>di <strong>Papa Francesco<\/strong> <em>(1 gennaio 2024)<\/em> e il <em>Discorso<\/em> del <strong>Presidente Sergio Mattarella<\/strong> <em>(31 dicembre 2023)<\/em>.<\/p>\n\n\n\n<hr class=\"wp-block-separator has-alpha-channel-opacity\"\/>\n\n\n\n<div class=\"wp-block-group\"><div class=\"wp-block-group__inner-container is-layout-constrained wp-block-group-is-layout-constrained\">\n<p>Oggi il Vangelo ci svela che la grandezza di Maria non consiste nel compiere qualche azione straordinaria; piuttosto, mentre i pastori, ricevuto l\u2019annuncio dagli angeli, si affrettano verso Betlemme (cfr&nbsp;<em>Lc<\/em>&nbsp;2,15-16), lei rimane in silenzio. \u00c8 un bel tratto&nbsp;<em>il silenzio della Madre<\/em>. Non si tratta di una semplice assenza di parole, ma di un silenzio colmo di stupore e di adorazione per le meraviglie che Dio sta operando. <em>\u00abMaria<\/em> \u2013 annota San Luca \u2013 [\u2026] <em>custodiva tutte queste cose, meditandole nel suo cuore\u00bb (2,19)<\/em>. In tal modo ella fa spazio in s\u00e9 a Colui che \u00e8 nato; nel silenzio e nell\u2019adorazione, mette Ges\u00f9 al centro e lo testimonia come Salvatore. Maria, la Madre del silenzio; Maria, la Madre dell\u2019adorazione.<\/p>\n\n\n\n<p>Cos\u00ec \u00e8 Madre non solo perch\u00e9 ha portato Ges\u00f9 in grembo e lo ha partorito, ma perch\u00e9 lo mette in luce, senza occuparne il posto. Star\u00e0 in silenzio anche sotto la croce, nell\u2019ora pi\u00f9 buia, e continuer\u00e0 a fare spazio a Lui e a generarlo per noi. Un religioso e poeta del Novecento ha scritto: <em>\u00abVergine, cattedrale del Silenzio<\/em> \/ [\u2026] <em>tu porti la nostra carne in paradiso<\/em> \/ <em>e Dio nella carne\u00bb<\/em> (D.M. Turoldo,&nbsp;<em>Laudario alla Vergine. \u00abVia pulchritudinis\u00bb<\/em>, Bologna 1980, 35).&nbsp;<em>Cattedrale del silenzio<\/em>: \u00e8 una bella immagine. Col suo silenzio e la sua umilt\u00e0, Maria \u00e8 la prima \u201ccattedrale\u201d di Dio, il luogo in cui Lui e l\u2019uomo possono incontrarsi.<\/p>\n\n\n\n<p>Ma anche le nostre mamme, con la loro cura nascosta, con la loro premura, sono spesso magnifiche cattedrali del silenzio. Ci mettono al mondo e poi continuano a seguirci, tante volte inosservate, perch\u00e9 noi possiamo crescere. Ricordiamoci questo: l\u2019amore non soffoca mai, l\u2019amore fa spazio all\u2019altro. L\u2019amore ci fa crescere.<\/p>\n\n\n\n<p class=\"has-text-align-right\"><em>Papa Francesco<\/em><\/p>\n<\/div><\/div>\n\n\n\n<hr class=\"wp-block-separator has-alpha-channel-opacity\"\/>\n\n\n\n<p>Vorrei rivolgermi ai pi\u00f9 giovani.<\/p>\n\n\n\n<p>Cari ragazzi, ve lo dico con parole semplici: l\u2019amore non \u00e8 egoismo, possesso, dominio, malinteso orgoglio. L\u2019amore \u2013 quello vero \u2013 \u00e8 ben pi\u00f9 che rispetto: \u00e8 dono, gratuit\u00e0, sensibilit\u00e0.<\/p>\n\n\n\n<p class=\"has-text-align-right\"><em>Presidente Sergio Mattarella<\/em><\/p>\n\n\n\n<hr class=\"wp-block-separator has-alpha-channel-opacity\"\/>\n\n\n\n<p>Possano queste <em>\u201csemplici\u201d<\/em> parole trasformarsi in preghiera e augurio per il nostro cammino.<\/p>\n\n\n\n<p class=\"has-text-align-right\"><strong>Don Massimo<\/strong><\/p>\n","protected":false},"excerpt":{"rendered":"<p>Voglio condividere con voi, riprendendo l\u2019Insieme in questo nuovo anno, due passaggi significativi di alcuni discorsi importanti che abbiamo forse ascoltato in questo inizio del 2024: l\u2019Angelus di Papa Francesco (1 gennaio 2024) e il Discorso del Presidente Sergio Mattarella (31 dicembre 2023). Oggi il Vangelo ci svela che la grandezza di Maria non consiste [&hellip;]<\/p>\n","protected":false},"author":2,"featured_media":0,"comment_status":"closed","ping_status":"open","sticky":false,"template":"","format":"standard","meta":{"footnotes":""},"categories":[19],"tags":[],"class_list":{"0":"post-18754","1":"post","2":"type-post","3":"status-publish","4":"format-standard","6":"category-prima-pagina"},"_links":{"self":[{"href":"https:\/\/comunitapastoralecassina.org\/ver2\/wp-json\/wp\/v2\/posts\/18754","targetHints":{"allow":["GET"]}}],"collection":[{"href":"https:\/\/comunitapastoralecassina.org\/ver2\/wp-json\/wp\/v2\/posts"}],"about":[{"href":"https:\/\/comunitapastoralecassina.org\/ver2\/wp-json\/wp\/v2\/types\/post"}],"author":[{"embeddable":true,"href":"https:\/\/comunitapastoralecassina.org\/ver2\/wp-json\/wp\/v2\/users\/2"}],"replies":[{"embeddable":true,"href":"https:\/\/comunitapastoralecassina.org\/ver2\/wp-json\/wp\/v2\/comments?post=18754"}],"version-history":[{"count":1,"href":"https:\/\/comunitapastoralecassina.org\/ver2\/wp-json\/wp\/v2\/posts\/18754\/revisions"}],"predecessor-version":[{"id":18757,"href":"https:\/\/comunitapastoralecassina.org\/ver2\/wp-json\/wp\/v2\/posts\/18754\/revisions\/18757"}],"wp:attachment":[{"href":"https:\/\/comunitapastoralecassina.org\/ver2\/wp-json\/wp\/v2\/media?parent=18754"}],"wp:term":[{"taxonomy":"category","embeddable":true,"href":"https:\/\/comunitapastoralecassina.org\/ver2\/wp-json\/wp\/v2\/categories?post=18754"},{"taxonomy":"post_tag","embeddable":true,"href":"https:\/\/comunitapastoralecassina.org\/ver2\/wp-json\/wp\/v2\/tags?post=18754"}],"curies":[{"name":"wp","href":"https:\/\/api.w.org\/{rel}","templated":true}]}}