{"id":18766,"date":"2024-01-12T09:22:58","date_gmt":"2024-01-12T08:22:58","guid":{"rendered":"https:\/\/comunitapastoralecassina.org\/ver2\/?p=18766"},"modified":"2024-01-12T09:22:59","modified_gmt":"2024-01-12T08:22:59","slug":"occhi-piedi-e-cuore","status":"publish","type":"post","link":"https:\/\/comunitapastoralecassina.org\/ver2\/2024\/01\/occhi-piedi-e-cuore\/","title":{"rendered":"<strong>Occhi, piedi e cuore<\/strong>"},"content":{"rendered":"\n<p>Preparandoci a vivere la <em>Settimana di Preghiera <\/em>per l\u2019Unit\u00e0 dei Cristiani <em>(<\/em><strong><em>18 <\/em><\/strong><strong><em>\u2013 <\/em><\/strong><strong><em>25 gennaio 2023<\/em><\/strong><em>) <\/em>e la Settimana dell\u2019Educazione <strong><em>(21 <\/em><\/strong><strong><em>\u2013 <\/em><\/strong><strong><em>31 gennaio 2023) <\/em><\/strong>con al suo centro la Festa della Famiglia <strong><em>(28 gennaio), <\/em><\/strong>mi piace riprendere come spunto di riflessione alcuni passaggi dell\u2019omelia di Papa Francesco della <em>Festa dell\u2019Epifania<\/em>.<\/p>\n\n\n<div class=\"wp-block-image\">\n<figure class=\"alignright size-full is-resized\"><a href=\"https:\/\/comunitapastoralecassina.org\/ver2\/wp-content\/uploads\/occhi-piedi-cuore.jpg\"><img loading=\"lazy\" decoding=\"async\" src=\"https:\/\/comunitapastoralecassina.org\/ver2\/wp-content\/uploads\/occhi-piedi-cuore.jpg\" alt=\"\" class=\"wp-image-18768\" width=\"283\" height=\"275\"\/><\/a><\/figure><\/div>\n\n\n<p>Anzitutto ricorda che i Magi hanno <em>gli <\/em><strong><em>occhi <\/em><\/strong><em>puntati verso il cielo<\/em>.<\/p>\n\n\n\n<p>Non vivono guardando la punta dei loro piedi, ripiegati su s\u00e9 stessi. Essi <em>alzano il capo<\/em>. E cos\u00ec vedono spuntare una stella che li mette in cammino.<\/p>\n\n\n\n<p>Se viviamo rinchiusi nel ristretto perimetro delle cose terrene invece che cercatori di luce e di amore, la nostra vita si spegne. I Magi, che pure sono stranieri e ancora non hanno incontrato Ges\u00f9, ci insegnano a guardare in alto.<\/p>\n\n\n\n<p><em>Nel vivere la Preghiera per l\u2019Unit\u00e0 dei Cristiani, la Settimana dell\u2019Educazione e la Festa della Famiglia, abbiamo bisogno di aver lo sguardo rivolto verso l\u2019alto anche per imparare a vedere la realt\u00e0 dall\u2019alto.<\/em><\/p>\n\n\n\n<p>Ne abbiamo bisogno nel cammino della <em>vita<\/em>, nel cammino della <em>fede<\/em>, nella <em>Chiesa<\/em>, dove, invece che dividerci in base alle nostre idee, siamo chiamati a rimettere Dio al centro.<\/p>\n\n\n\n<p><strong>Il desiderio di Dio sostiene il cammino!<\/strong><\/p>\n\n\n\n<p>I Magi non solo guardano la stella, le cose alte, ma hanno anche <em>i piedi in cammino sulla terra<\/em>. Essi si mettono in viaggio e chiedono: <em>\u00abDov\u2019\u00e8 colui che \u00e8 nato, il re dei Giudei? Abbiamo visto spuntare la sua stella e siamo venuti ad adorarlo\u00bb <\/em>(<em>Mt <\/em>2,2). Il dono della fede non ci \u00e8 dato per restare a fissare il cielo, ma per camminare come testimoni del Vangelo. Contemplare Dio \u00e8 bello, ma soltanto \u00e8 fecondo se noi rischiamo, il rischio del servizio di portare Dio. <strong>La fede \u00e8 sempre unita alla carit\u00e0!<\/strong><\/p>\n\n\n\n<p>Infine, i Magi hanno <em>il cuore prostrato in adorazione<\/em>. Guardano la stella nel cielo, ma non si rifugiano in una devozione staccata dalla terra; si mettono in viaggio, ma non vagano come turisti senza meta. Essi arrivarono a Betlemme e, quando videro il Bambino, <em>\u00absi prostrarono e lo adorarono\u00bb <\/em>(<em>Mt <\/em>2,11). Abbiamo perso l\u2019abitudine di adorare. Riscopriamo il gusto della preghiera di adorazione. Riconosciamo Ges\u00f9 come nostro Dio, come nostro Signore, e adoriamo. <strong>Il servizio \u00e8 sempre unito alla preghiera!<\/strong><\/p>\n\n\n\n<p>Alziamo gli occhi al cielo, mettiamoci in cammino alla ricerca del Signore, pieghiamo il cuore in adorazione.<\/p>\n\n\n\n<p><strong><em>Cristiani <\/em><\/strong><em>con occhi, piedi e cuore! <\/em><strong><em>Educatori <\/em><\/strong><em>con occhi, piedi e cuore! <\/em><strong><em>Famiglia <\/em><\/strong><em>con occhi, piedi e cuore!<\/em><\/p>\n\n\n\n<p>Chiediamo la grazia di non perdere mai il coraggio: il coraggio di essere cercatori di Dio, uomini di speranza, intrepidi sognatori che scrutano il cielo, il coraggio della perseveranza nel camminare sulle strade del mondo, con la stanchezza del vero cammino, e il coraggio di adorare, il coraggio di guardare il Signore che illumina ogni uomo.<\/p>\n\n\n\n<p>Questa \u00e8 la Comunit\u00e0 Pastorale. Questa \u00e8 la Comunit\u00e0 Educante. Questa \u00e8 la Famiglia!<\/p>\n\n\n\n<p class=\"has-text-align-right\"><strong>Don Massimo<\/strong><\/p>\n","protected":false},"excerpt":{"rendered":"<p>Preparandoci a vivere la Settimana di Preghiera per l\u2019Unit\u00e0 dei Cristiani (18 \u2013 25 gennaio 2023) e la Settimana dell\u2019Educazione (21 \u2013 31 gennaio 2023) con al suo centro la Festa della Famiglia (28 gennaio), mi piace riprendere come spunto di riflessione alcuni passaggi dell\u2019omelia di Papa Francesco della Festa dell\u2019Epifania. Anzitutto ricorda che i [&hellip;]<\/p>\n","protected":false},"author":2,"featured_media":0,"comment_status":"closed","ping_status":"open","sticky":false,"template":"","format":"standard","meta":{"footnotes":""},"categories":[19],"tags":[],"class_list":{"0":"post-18766","1":"post","2":"type-post","3":"status-publish","4":"format-standard","6":"category-prima-pagina"},"_links":{"self":[{"href":"https:\/\/comunitapastoralecassina.org\/ver2\/wp-json\/wp\/v2\/posts\/18766","targetHints":{"allow":["GET"]}}],"collection":[{"href":"https:\/\/comunitapastoralecassina.org\/ver2\/wp-json\/wp\/v2\/posts"}],"about":[{"href":"https:\/\/comunitapastoralecassina.org\/ver2\/wp-json\/wp\/v2\/types\/post"}],"author":[{"embeddable":true,"href":"https:\/\/comunitapastoralecassina.org\/ver2\/wp-json\/wp\/v2\/users\/2"}],"replies":[{"embeddable":true,"href":"https:\/\/comunitapastoralecassina.org\/ver2\/wp-json\/wp\/v2\/comments?post=18766"}],"version-history":[{"count":1,"href":"https:\/\/comunitapastoralecassina.org\/ver2\/wp-json\/wp\/v2\/posts\/18766\/revisions"}],"predecessor-version":[{"id":18769,"href":"https:\/\/comunitapastoralecassina.org\/ver2\/wp-json\/wp\/v2\/posts\/18766\/revisions\/18769"}],"wp:attachment":[{"href":"https:\/\/comunitapastoralecassina.org\/ver2\/wp-json\/wp\/v2\/media?parent=18766"}],"wp:term":[{"taxonomy":"category","embeddable":true,"href":"https:\/\/comunitapastoralecassina.org\/ver2\/wp-json\/wp\/v2\/categories?post=18766"},{"taxonomy":"post_tag","embeddable":true,"href":"https:\/\/comunitapastoralecassina.org\/ver2\/wp-json\/wp\/v2\/tags?post=18766"}],"curies":[{"name":"wp","href":"https:\/\/api.w.org\/{rel}","templated":true}]}}