{"id":18781,"date":"2024-01-12T09:30:15","date_gmt":"2024-01-12T08:30:15","guid":{"rendered":"https:\/\/comunitapastoralecassina.org\/ver2\/?p=18781"},"modified":"2024-01-12T09:30:16","modified_gmt":"2024-01-12T08:30:16","slug":"settimana-delleducazione-3","status":"publish","type":"post","link":"https:\/\/comunitapastoralecassina.org\/ver2\/2024\/01\/settimana-delleducazione-3\/","title":{"rendered":"<strong>Settimana dell\u2019educazione<\/strong>"},"content":{"rendered":"\n<p>Una lunga settimana che inizia <strong>domenica 21 gennaio 2024 <\/strong>e termina il <strong>31 gennaio<\/strong>, nella memoria di san Giovanni Bosco, in cui pregare e riflettere sulla nostra capacit\u00e0 di educare e avere cura di coloro che educano nella nostra Comunit\u00e0.<\/p>\n\n\n\n<p>Il momento centrale della Settimana dell&#8217;educazione sar\u00e0 la Messa degli Oratori <em>(animata anche dal nostro Coro Giovani di Cassina) <\/em>che celebreremo in Duomo la sera di <strong>venerd\u00ec 26 gennaio 2024<\/strong>. <em>Ritrovo per tutti alla Stazione Metro di Cassina alle ore 19.30.<\/em><\/p>\n\n\n\n<p><strong>Domenica 28 gennaio <\/strong>alle <strong>ore 20.45 <\/strong>in <em>Oratorio SDS <\/em><strong>Incontro Formazione <\/strong>per gli <strong>Educatori <\/strong>dei cammini <em>Preado, Ado <\/em>e <em>18\/19enni <\/em>con <strong>don Claudio Burgio<\/strong>.<\/p>\n\n\n<div class=\"wp-block-image\">\n<figure class=\"aligncenter size-full\"><a href=\"https:\/\/comunitapastoralecassina.org\/ver2\/wp-content\/uploads\/settimana-educazione.jpg\"><img loading=\"lazy\" decoding=\"async\" width=\"435\" height=\"327\" src=\"https:\/\/comunitapastoralecassina.org\/ver2\/wp-content\/uploads\/settimana-educazione.jpg\" alt=\"\" class=\"wp-image-18778\" srcset=\"https:\/\/comunitapastoralecassina.org\/ver2\/wp-content\/uploads\/settimana-educazione.jpg 435w, https:\/\/comunitapastoralecassina.org\/ver2\/wp-content\/uploads\/settimana-educazione-300x226.jpg 300w\" sizes=\"auto, (max-width: 435px) 100vw, 435px\" \/><\/a><\/figure><\/div>","protected":false},"excerpt":{"rendered":"<p>Una lunga settimana che inizia domenica 21 gennaio 2024 e termina il 31 gennaio, nella memoria di san Giovanni Bosco, in cui pregare e riflettere sulla nostra capacit\u00e0 di educare e avere cura di coloro che educano nella nostra Comunit\u00e0. Il momento centrale della Settimana dell&#8217;educazione sar\u00e0 la Messa degli Oratori (animata anche dal nostro [&hellip;]<\/p>\n","protected":false},"author":2,"featured_media":18783,"comment_status":"closed","ping_status":"open","sticky":false,"template":"","format":"standard","meta":{"footnotes":""},"categories":[23],"tags":[],"class_list":{"0":"post-18781","1":"post","2":"type-post","3":"status-publish","4":"format-standard","5":"has-post-thumbnail","7":"category-avvisi"},"_links":{"self":[{"href":"https:\/\/comunitapastoralecassina.org\/ver2\/wp-json\/wp\/v2\/posts\/18781","targetHints":{"allow":["GET"]}}],"collection":[{"href":"https:\/\/comunitapastoralecassina.org\/ver2\/wp-json\/wp\/v2\/posts"}],"about":[{"href":"https:\/\/comunitapastoralecassina.org\/ver2\/wp-json\/wp\/v2\/types\/post"}],"author":[{"embeddable":true,"href":"https:\/\/comunitapastoralecassina.org\/ver2\/wp-json\/wp\/v2\/users\/2"}],"replies":[{"embeddable":true,"href":"https:\/\/comunitapastoralecassina.org\/ver2\/wp-json\/wp\/v2\/comments?post=18781"}],"version-history":[{"count":2,"href":"https:\/\/comunitapastoralecassina.org\/ver2\/wp-json\/wp\/v2\/posts\/18781\/revisions"}],"predecessor-version":[{"id":18784,"href":"https:\/\/comunitapastoralecassina.org\/ver2\/wp-json\/wp\/v2\/posts\/18781\/revisions\/18784"}],"wp:featuredmedia":[{"embeddable":true,"href":"https:\/\/comunitapastoralecassina.org\/ver2\/wp-json\/wp\/v2\/media\/18783"}],"wp:attachment":[{"href":"https:\/\/comunitapastoralecassina.org\/ver2\/wp-json\/wp\/v2\/media?parent=18781"}],"wp:term":[{"taxonomy":"category","embeddable":true,"href":"https:\/\/comunitapastoralecassina.org\/ver2\/wp-json\/wp\/v2\/categories?post=18781"},{"taxonomy":"post_tag","embeddable":true,"href":"https:\/\/comunitapastoralecassina.org\/ver2\/wp-json\/wp\/v2\/tags?post=18781"}],"curies":[{"name":"wp","href":"https:\/\/api.w.org\/{rel}","templated":true}]}}