{"id":18794,"date":"2024-01-26T11:19:08","date_gmt":"2024-01-26T10:19:08","guid":{"rendered":"https:\/\/comunitapastoralecassina.org\/ver2\/?p=18794"},"modified":"2024-01-26T11:19:09","modified_gmt":"2024-01-26T10:19:09","slug":"il-dinamismo-della-chiesa","status":"publish","type":"post","link":"https:\/\/comunitapastoralecassina.org\/ver2\/2024\/01\/il-dinamismo-della-chiesa\/","title":{"rendered":"<strong>Il dinamismo della Chiesa<\/strong>"},"content":{"rendered":"\n<p>Settimana scorsa abbiamo celebrato la <em>Domenica della Parola di Dio<\/em>. Cosa \u00e8 rimasto in noi?&nbsp;<\/p>\n\n\n<div class=\"wp-block-image\">\n<figure class=\"alignright size-full is-resized\"><a href=\"https:\/\/comunitapastoralecassina.org\/ver2\/wp-content\/uploads\/lapide-martini.png\"><img loading=\"lazy\" decoding=\"async\" src=\"https:\/\/comunitapastoralecassina.org\/ver2\/wp-content\/uploads\/lapide-martini.png\" alt=\"\" class=\"wp-image-18795\" width=\"279\" height=\"271\"\/><\/a><\/figure><\/div>\n\n\n<p>Parto da un semplice versetto del Vangelo <em>\u00abGes\u00f9 disse loro: \u201cVenite dietro a me\u201d [\u2026].&nbsp;E subito lasciarono le reti e lo seguirono\u00bb<\/em> (<em>Mc<\/em>&nbsp;1,17-18). Ecco cosa la Parola di Dio desidera fare in ognuno di noi!<\/p>\n\n\n\n<p>Come per i primi discepoli, che accogliendo le parole di Ges\u00f9 lasciano le reti e cominciano un\u2019avventura stupenda, cos\u00ec anche sulle rive della nostra vita <em>(carica di impegni)<\/em>, accanto alle barche dei familiari e alle reti del lavoro <em>(con le nostre responsabilit\u00e0)<\/em>, la Parola&nbsp;<em>suscita la chiamata<\/em>&nbsp;di Ges\u00f9 a prendere il largo con Lui per gli altri. S\u00ec, la Parola&nbsp;<em>suscita la missione<\/em>. La Chiesa vive di questo dinamismo: \u00e8 <em>chiamata <\/em>da Cristo, <em>attirata <\/em>da Lui, ed \u00e8 <em>inviata<\/em> nel mondo a testimoniarlo. Questo \u00e8 il dinamismo nella Chiesa.<\/p>\n\n\n\n<p>Se guardiamo agli amici di Dio, ai testimoni del Vangelo nella storia, ai santi, vediamo che per tutti la Parola \u00e8 stata decisiva. Pensiamo al primo monaco, Sant\u2019Antonio, che, colpito da un passo del Vangelo mentre era a Messa, lasci\u00f2 tutto per il Signore; pensiamo a Sant\u2019Agostino, la cui vita svolt\u00f2 quando una parola divina gli risan\u00f2 il cuore; pensiamo a Santa Teresa di Ges\u00f9 Bambino, che scopr\u00ec la sua vocazione leggendo le lettere di San Paolo. E Francesco d\u2019Assisi, il quale, dopo aver pregato, legge nel Vangelo che Ges\u00f9 invia i discepoli a predicare ed esclama:<\/p>\n\n\n\n<p>&nbsp;<em>\u00abQuesto voglio, questo chiedo, questo bramo di fare con tutto il cuore!\u00bb<\/em>.<\/p>\n\n\n\n<p>Sono vite cambiate dalla Parola di vita, dalla Parola del Signore!<\/p>\n\n\n\n<p>Possiamo chiederci: perch\u00e9 per molti di noi non accade lo stesso? Tante volte ascoltiamo la Parola di Dio, entra in un orecchio ed esce dall\u2019altro: perch\u00e9? Forse perch\u00e9, come ci mostrano questi testimoni, bisogna non essere \u201csordi\u201d alla Parola. \u00c8 il nostro rischio: travolti da mille parole, ci lasciamo scivolare addosso pure la Parola di Dio: la sentiamo, ma non la ascoltiamo; la ascoltiamo, ma non la custodiamo; la custodiamo, ma non ci lasciamo provocare per cambiare.<\/p>\n\n\n\n<p>E domandiamoci, infine: <em>Io, quale posto riservo alla Parola di Dio nel luogo dove abito?<\/em> <em>L\u00ec ci saranno libri, giornali, televisori, telefoni, ma dov\u2019\u00e8 la Bibbia? Nella mia stanza, tengo il Vangelo a portata di mano? Lo leggo ogni giorno per ritrovarvi la rotta della vita? Porto nella borsa un piccolo esemplare del Vangelo per leggerlo?<\/em><\/p>\n\n\n\n<p>Papa Francesco tante volte ci consiglia di avere sempre il Vangelo con s\u00e9, in tasca, nella borsa, nel telefonino:<br \/><em>se Cristo mi \u00e8 caro pi\u00f9 di ogni cosa, come posso lasciarlo a casa e non portare con me la sua Parola?<\/em><\/p>\n\n\n\n<p>E un ultimo interrogativo: <em>ho letto per intero almeno uno dei quattro Vangeli?<\/em> Il Vangelo \u00e8 il libro della vita, \u00e8 semplice e breve, eppure tanti credenti non ne hanno mai letto uno dall\u2019inizio alla fine.<\/p>\n\n\n\n<p>La Domenica della Parola di Dio che abbiamo celebrato settimana scorsa possa essere l\u2019occasione per ognuno di noi per verificare il proprio cammino e chiedere insieme il dono di far nostra l\u2019incisione che il card. Martini ha voluto sulla sua tomba: <em>\u201cLampada per i miei passi \u00e8 la tua parola. Luce sul mio cammino\u201d<\/em><em>.<\/em><\/p>\n\n\n\n<p>La nostra Comunit\u00e0, grazie ad ognuno di noi, possa vivere di questo costruttivo <em>\u201cdinamismo\u201d<\/em><em>.<\/em><\/p>\n\n\n\n<p class=\"has-text-align-right\"><strong>Don Massimo<\/strong><\/p>\n","protected":false},"excerpt":{"rendered":"<p>Settimana scorsa abbiamo celebrato la Domenica della Parola di Dio. Cosa \u00e8 rimasto in noi?&nbsp; Parto da un semplice versetto del Vangelo \u00abGes\u00f9 disse loro: \u201cVenite dietro a me\u201d [\u2026].&nbsp;E subito lasciarono le reti e lo seguirono\u00bb (Mc&nbsp;1,17-18). Ecco cosa la Parola di Dio desidera fare in ognuno di noi! Come per i primi discepoli, [&hellip;]<\/p>\n","protected":false},"author":2,"featured_media":0,"comment_status":"closed","ping_status":"open","sticky":false,"template":"","format":"standard","meta":{"footnotes":""},"categories":[19],"tags":[],"class_list":{"0":"post-18794","1":"post","2":"type-post","3":"status-publish","4":"format-standard","6":"category-prima-pagina"},"_links":{"self":[{"href":"https:\/\/comunitapastoralecassina.org\/ver2\/wp-json\/wp\/v2\/posts\/18794","targetHints":{"allow":["GET"]}}],"collection":[{"href":"https:\/\/comunitapastoralecassina.org\/ver2\/wp-json\/wp\/v2\/posts"}],"about":[{"href":"https:\/\/comunitapastoralecassina.org\/ver2\/wp-json\/wp\/v2\/types\/post"}],"author":[{"embeddable":true,"href":"https:\/\/comunitapastoralecassina.org\/ver2\/wp-json\/wp\/v2\/users\/2"}],"replies":[{"embeddable":true,"href":"https:\/\/comunitapastoralecassina.org\/ver2\/wp-json\/wp\/v2\/comments?post=18794"}],"version-history":[{"count":1,"href":"https:\/\/comunitapastoralecassina.org\/ver2\/wp-json\/wp\/v2\/posts\/18794\/revisions"}],"predecessor-version":[{"id":18796,"href":"https:\/\/comunitapastoralecassina.org\/ver2\/wp-json\/wp\/v2\/posts\/18794\/revisions\/18796"}],"wp:attachment":[{"href":"https:\/\/comunitapastoralecassina.org\/ver2\/wp-json\/wp\/v2\/media?parent=18794"}],"wp:term":[{"taxonomy":"category","embeddable":true,"href":"https:\/\/comunitapastoralecassina.org\/ver2\/wp-json\/wp\/v2\/categories?post=18794"},{"taxonomy":"post_tag","embeddable":true,"href":"https:\/\/comunitapastoralecassina.org\/ver2\/wp-json\/wp\/v2\/tags?post=18794"}],"curies":[{"name":"wp","href":"https:\/\/api.w.org\/{rel}","templated":true}]}}