{"id":18797,"date":"2024-01-26T11:23:37","date_gmt":"2024-01-26T10:23:37","guid":{"rendered":"https:\/\/comunitapastoralecassina.org\/ver2\/?p=18797"},"modified":"2024-01-26T11:24:12","modified_gmt":"2024-01-26T10:24:12","slug":"prossime-feste-liturgiche-candelora-san-biagio-e-santagata","status":"publish","type":"post","link":"https:\/\/comunitapastoralecassina.org\/ver2\/2024\/01\/prossime-feste-liturgiche-candelora-san-biagio-e-santagata\/","title":{"rendered":"<strong>Prossime feste liturgiche<\/strong>: Candelora, San Biagio e Sant\u2019Agata"},"content":{"rendered":"\n<p>Nelle prossime settimane, vivremo delle Feste Liturgiche, appartenenti alla <em>Tradizione<\/em> e alla nostra <em>Fede<\/em>.<\/p>\n\n\n\n<p><strong>Venerd\u00ec 2 febbraio<\/strong>, sar\u00e0 la Festa della Presentazione di Ges\u00f9 al Tempio, o meglio conosciuta come la <em>Festa della Candelora<\/em>. Infatti nella celebrazione liturgica si <strong><em>benedicono<\/em><\/strong> <strong>le&nbsp;<\/strong><a href=\"https:\/\/it.wikipedia.org\/wiki\/Candela_(illuminazione)\"><strong><em>candele<\/em><\/strong><\/a>, simbolo di Cristo <em>&#8220;luce per illuminare le genti&#8221;<\/em>, come il bambino Ges\u00f9 venne chiamato dal vecchio&nbsp;<a href=\"https:\/\/it.wikipedia.org\/wiki\/Simeone_il_Vecchio\">Simeone<\/a>&nbsp;al momento della presentazione al&nbsp;<a href=\"https:\/\/it.wikipedia.org\/wiki\/Tempio_di_Gerusalemme\">Tempio di Gerusalemme<\/a>.<\/p>\n\n\n\n<p><strong>Sabato 3 febbraio<\/strong>, sar\u00e0 la <strong>Festa di San Biagio <\/strong>e oltre alla <strong><em>Benedizione dei pani<\/em><\/strong> faremo la <strong><em>Benedizione della gola<\/em><\/strong>. La Tradizione vuole infatti che alla figura di&nbsp;<strong><em>San Biagio Vescovo e Martire<\/em>,<\/strong>&nbsp;sia associata la&nbsp;<strong>protezione della gola e delle vie respiratorie.<\/strong>&nbsp;Infatti viene invocato per il mal di gola. E nella tradizione meneghina,&nbsp;<strong>nella ricorrenza dedicata a San Biagio,<\/strong>&nbsp;\u00e8 usanza mangiare l\u2019<strong><em>ultimo panettone <\/em>avanzato dalle feste natalizie.<\/strong><\/p>\n\n\n\n<p><strong>La Benedizione del pane e della gola verr\u00e0 fatta a tutte le SS.Messe Vigiliari del Sabato<\/strong><\/p>\n\n\n<div class=\"wp-block-image\">\n<figure class=\"alignright size-full is-resized\"><a href=\"https:\/\/comunitapastoralecassina.org\/ver2\/wp-content\/uploads\/sant-agata.jpg\"><img loading=\"lazy\" decoding=\"async\" src=\"https:\/\/comunitapastoralecassina.org\/ver2\/wp-content\/uploads\/sant-agata.jpg\" alt=\"\" class=\"wp-image-17408\" width=\"193\" height=\"180\"\/><\/a><\/figure><\/div>\n\n\n<p><strong>Infine Domenica 4 febbraio celebriamo <\/strong><strong>Sant\u2019Agata V.M. <\/strong>Secondo la tradizione cattolica, una giovane cristiana vissuta nel <em>III secolo<\/em>, martirizzata durante le persecuzioni sotto l&#8217;imperatore Decio. Le vengono amputate le <em>mammelle<\/em>, per questo viene ritenuta la <strong><em>protettrice <\/em><\/strong>delle donne affette da patologie al seno.<\/p>\n","protected":false},"excerpt":{"rendered":"<p>Nelle prossime settimane, vivremo delle Feste Liturgiche, appartenenti alla Tradizione e alla nostra Fede. Venerd\u00ec 2 febbraio, sar\u00e0 la Festa della Presentazione di Ges\u00f9 al Tempio, o meglio conosciuta come la Festa della Candelora. Infatti nella celebrazione liturgica si benedicono le&nbsp;candele, simbolo di Cristo &#8220;luce per illuminare le genti&#8221;, come il bambino Ges\u00f9 venne chiamato [&hellip;]<\/p>\n","protected":false},"author":2,"featured_media":17407,"comment_status":"closed","ping_status":"open","sticky":false,"template":"","format":"standard","meta":{"footnotes":""},"categories":[23],"tags":[],"class_list":{"0":"post-18797","1":"post","2":"type-post","3":"status-publish","4":"format-standard","5":"has-post-thumbnail","7":"category-avvisi"},"_links":{"self":[{"href":"https:\/\/comunitapastoralecassina.org\/ver2\/wp-json\/wp\/v2\/posts\/18797","targetHints":{"allow":["GET"]}}],"collection":[{"href":"https:\/\/comunitapastoralecassina.org\/ver2\/wp-json\/wp\/v2\/posts"}],"about":[{"href":"https:\/\/comunitapastoralecassina.org\/ver2\/wp-json\/wp\/v2\/types\/post"}],"author":[{"embeddable":true,"href":"https:\/\/comunitapastoralecassina.org\/ver2\/wp-json\/wp\/v2\/users\/2"}],"replies":[{"embeddable":true,"href":"https:\/\/comunitapastoralecassina.org\/ver2\/wp-json\/wp\/v2\/comments?post=18797"}],"version-history":[{"count":2,"href":"https:\/\/comunitapastoralecassina.org\/ver2\/wp-json\/wp\/v2\/posts\/18797\/revisions"}],"predecessor-version":[{"id":18799,"href":"https:\/\/comunitapastoralecassina.org\/ver2\/wp-json\/wp\/v2\/posts\/18797\/revisions\/18799"}],"wp:featuredmedia":[{"embeddable":true,"href":"https:\/\/comunitapastoralecassina.org\/ver2\/wp-json\/wp\/v2\/media\/17407"}],"wp:attachment":[{"href":"https:\/\/comunitapastoralecassina.org\/ver2\/wp-json\/wp\/v2\/media?parent=18797"}],"wp:term":[{"taxonomy":"category","embeddable":true,"href":"https:\/\/comunitapastoralecassina.org\/ver2\/wp-json\/wp\/v2\/categories?post=18797"},{"taxonomy":"post_tag","embeddable":true,"href":"https:\/\/comunitapastoralecassina.org\/ver2\/wp-json\/wp\/v2\/tags?post=18797"}],"curies":[{"name":"wp","href":"https:\/\/api.w.org\/{rel}","templated":true}]}}