{"id":18908,"date":"2024-02-16T10:52:32","date_gmt":"2024-02-16T09:52:32","guid":{"rendered":"https:\/\/comunitapastoralecassina.org\/ver2\/?p=18908"},"modified":"2024-02-16T10:52:33","modified_gmt":"2024-02-16T09:52:33","slug":"guardando-la-vita-attorno-a-noi","status":"publish","type":"post","link":"https:\/\/comunitapastoralecassina.org\/ver2\/2024\/02\/guardando-la-vita-attorno-a-noi\/","title":{"rendered":"Guardando la vita attorno a noi"},"content":{"rendered":"\n<p>Ci sar\u00e0 una novit\u00e0 in questo cammino di Quaresima.<\/p>\n\n\n\n<p>Al venerd\u00ec &nbsp;sera proporremo degli incontri (ben quattro) &nbsp;su tematiche che toccano la nostra vita di famiglia e di societ\u00e0. E ci aiuteranno degli ospiti, relatori, di tutto riguardo (per competenza, esperienza e soprattutto passione e conoscenza).<\/p>\n\n\n\n<p>La scelta &nbsp;di vivere questi incontri, all\u2019interno del tempo di Quaresima, non in Chiesa ma nel salone dell\u2019Oratorio vuole essere uno stimolo in pi\u00f9 a ritrovarsi per ascoltare ed anche potersi confrontare.<\/p>\n\n\n\n<p>Trovate il programma \u201cGuardando &nbsp;la vita attorno &nbsp;a noi\u201d &nbsp;su uno &nbsp;specifico &nbsp;pieghevole &nbsp;che &nbsp;potete &nbsp;ritirare &nbsp;in &nbsp;Chiesa &nbsp;o &nbsp;in Oratorio dove oltre al tema c\u2019\u00e8 una presentazione pi\u00f9 dettagliata dei relatori.<\/p>\n\n\n\n<p>Vi aspettiamo questo primo venerd\u00ec di Quaresima (23 febbraio) con don Claudio Burgio (cappellano Carcere Beccaria di Milano) sul tema: Genitori e Educatori. Spettatori o protagonisti? I s\u00ec e i no che fanno crescere.<\/p>\n","protected":false},"excerpt":{"rendered":"<p>Ci sar\u00e0 una novit\u00e0 in questo cammino di Quaresima. Al venerd\u00ec &nbsp;sera proporremo degli incontri (ben quattro) &nbsp;su tematiche che toccano la nostra vita di famiglia e di societ\u00e0. E ci aiuteranno degli ospiti, relatori, di tutto riguardo (per competenza, esperienza e soprattutto passione e conoscenza). La scelta &nbsp;di vivere questi incontri, all\u2019interno del tempo [&hellip;]<\/p>\n","protected":false},"author":2,"featured_media":18909,"comment_status":"closed","ping_status":"open","sticky":false,"template":"","format":"standard","meta":{"footnotes":""},"categories":[23],"tags":[],"class_list":{"0":"post-18908","1":"post","2":"type-post","3":"status-publish","4":"format-standard","5":"has-post-thumbnail","7":"category-avvisi"},"_links":{"self":[{"href":"https:\/\/comunitapastoralecassina.org\/ver2\/wp-json\/wp\/v2\/posts\/18908","targetHints":{"allow":["GET"]}}],"collection":[{"href":"https:\/\/comunitapastoralecassina.org\/ver2\/wp-json\/wp\/v2\/posts"}],"about":[{"href":"https:\/\/comunitapastoralecassina.org\/ver2\/wp-json\/wp\/v2\/types\/post"}],"author":[{"embeddable":true,"href":"https:\/\/comunitapastoralecassina.org\/ver2\/wp-json\/wp\/v2\/users\/2"}],"replies":[{"embeddable":true,"href":"https:\/\/comunitapastoralecassina.org\/ver2\/wp-json\/wp\/v2\/comments?post=18908"}],"version-history":[{"count":1,"href":"https:\/\/comunitapastoralecassina.org\/ver2\/wp-json\/wp\/v2\/posts\/18908\/revisions"}],"predecessor-version":[{"id":18910,"href":"https:\/\/comunitapastoralecassina.org\/ver2\/wp-json\/wp\/v2\/posts\/18908\/revisions\/18910"}],"wp:featuredmedia":[{"embeddable":true,"href":"https:\/\/comunitapastoralecassina.org\/ver2\/wp-json\/wp\/v2\/media\/18909"}],"wp:attachment":[{"href":"https:\/\/comunitapastoralecassina.org\/ver2\/wp-json\/wp\/v2\/media?parent=18908"}],"wp:term":[{"taxonomy":"category","embeddable":true,"href":"https:\/\/comunitapastoralecassina.org\/ver2\/wp-json\/wp\/v2\/categories?post=18908"},{"taxonomy":"post_tag","embeddable":true,"href":"https:\/\/comunitapastoralecassina.org\/ver2\/wp-json\/wp\/v2\/tags?post=18908"}],"curies":[{"name":"wp","href":"https:\/\/api.w.org\/{rel}","templated":true}]}}