{"id":18934,"date":"2024-02-23T10:55:30","date_gmt":"2024-02-23T09:55:30","guid":{"rendered":"https:\/\/comunitapastoralecassina.org\/ver2\/?p=18934"},"modified":"2024-02-23T11:00:22","modified_gmt":"2024-02-23T10:00:22","slug":"le-mani-di-gesu","status":"publish","type":"post","link":"https:\/\/comunitapastoralecassina.org\/ver2\/2024\/02\/le-mani-di-gesu\/","title":{"rendered":"<strong>Le mani di Ges\u00f9<\/strong>"},"content":{"rendered":"\n<p>Mentre preparavo il Breviario per il Tempo di Quaresima e mettevo ordine tra le varie immaginette e foto che <em>(come potete ben intuire)<\/em> occupano immancabilmente i Breviari e i libri di noi don, ho ritrovato un ritaglio di giornale con riportata una storia della Seconda Guerra Mondiale.<\/p>\n\n\n<div class=\"wp-block-image\">\n<figure class=\"alignright size-full is-resized\"><a href=\"https:\/\/comunitapastoralecassina.org\/ver2\/wp-content\/uploads\/crocifisso-3.png\"><img decoding=\"async\" src=\"https:\/\/comunitapastoralecassina.org\/ver2\/wp-content\/uploads\/crocifisso-3.png\" alt=\"\" class=\"wp-image-18944\" width=\"-16\" height=\"-11\" srcset=\"https:\/\/comunitapastoralecassina.org\/ver2\/wp-content\/uploads\/crocifisso-3.png 495w, https:\/\/comunitapastoralecassina.org\/ver2\/wp-content\/uploads\/crocifisso-3-300x221.png 300w\" sizes=\"(max-width: 495px) 100vw, 495px\" \/><\/a><\/figure><\/div>\n\n\n<p><em>Maggio 1945. La Seconda Guerra Mondiale era finita. La Germania, sconfitta, era stata occupata dalle truppe americane, inglesi e russe. In una cittadina tedesca, una compagnia di soldati americani aveva deciso di ricostruire la chiesa, completamente distrutta dalle bombe. Durante lo sgombero delle macerie, un soldato trov\u00f2 fra i calcinacci la testa di un Ges\u00f9 crocifisso molto antico. Colpito dalla bellezza di quel volto, lo mostr\u00f2 ai compagni. \u201cCerchiamo gli altri pezzi e ricostruiamo il crocifisso\u201d, propose uno. Si misero tutti a frugare con pazienza fra le macerie. Rovistando qua e l\u00e0, soprattutto vicino all&#8217;altare, trovarono molti frammenti del crocifisso. Con calma, due soldati tentarono di ricomporre il crocifisso frantumato. Ma nessuno riusc\u00ec a trovare le mani di Ges\u00f9. Quando la chiesa fu ricostruita, anche il crocifisso riprese il suo posto sull&#8217;altare. Mancavano soltanto le mani. Ma un soldato colloc\u00f2 ai piedi del crocifisso un cartello con queste parole: \u201cIch habe keine anderen H\u00e0nde als deine\u201d. Cio\u00e8: <\/em><em>\u201c<strong>Ora ho soltanto pi\u00f9 le tue mani<\/strong>\u201d<\/em><em>.<\/em><\/p>\n\n\n\n<p>Credo che la Quaresima, dove nel Deserto siamo invitati a metterci in ascolto della Parola, a celebrare l\u2019Eucarestia, a valorizzare la nostra preghiera anche sostando davanti al Crocifisso, ci dia l\u2019occasione di riflettere \u2013 <em>come ci ha invitato<\/em> <em>a fare molto bene don Sergio<\/em> <em>nella prima Lectio vissuta<\/em> \u2013 sul fatto che \u201cviviamo di una vita ricevuta\u201d.<\/p>\n\n\n\n<p>Che bello se il cammino che ci prepara alla Pasqua, in queste settimane, riesce a farci riscoprire la bellezza di essere figli <em>(grazie al Battesimo)<\/em> e di essere fratelli in Ges\u00f9 nella nostra Comunit\u00e0.<\/p>\n\n\n\n<p>Che bello se i nostri momenti quaresimali possono aiutarci ad avere uno sguardo speciale su chi \u00e8 accanto a noi o semplicemente incontriamo per diversi motivi nelle nostre giornate.<\/p>\n\n\n\n<p>Che bello se la Grazia di questo tempo liturgico scalda il nostro cuore e lo rende capace di amare come il Suo.<\/p>\n\n\n\n<p>Che bello se gustando la Sua Misericordia ci sentiamo potenti nel donarla in piccoli gesti e semplici parole.<\/p>\n\n\n\n<p>Mi piace concludere offrendovi un testo per la preghiera <em>(che senz\u2019altro gi\u00e0 conoscete)<\/em> che alcuni attribuiscono a <em>Raoul Follereau<\/em>, altri ad un <em>anonimo <\/em>fiammingo del XIV secolo<\/p>\n\n\n\n<p class=\"has-text-align-center\"><br \/>Cristo non ha <strong>mani<\/strong>. Ha soltanto le nostre mani per fare oggi il suo <strong>lavoro<\/strong>.<br \/>&nbsp;Cristo non ha <strong>piedi<\/strong>. Ha soltanto i nostri piedi per guidare gli uomini sui suoi <strong>sentieri<\/strong>.<br \/>Cristo non ha <strong>labbra<\/strong>. Ha soltanto le nostre labbra per <strong>raccontare<\/strong> di s\u00e9 agli uomini di oggi.<\/p>\n\n\n\n<p><em>E s\u00ec!<\/em> Le <em>\u201cmani di Ges\u00f9\u201d<\/em> possono essere le nostre. Possiamo esserlo noi!<\/p>\n\n\n\n<p>Buona Quaresima, il cammino continua\u2026<\/p>\n\n\n\n<p class=\"has-text-align-right\"><strong>Don Massimo<\/strong><\/p>\n","protected":false},"excerpt":{"rendered":"<p>Mentre preparavo il Breviario per il Tempo di Quaresima e mettevo ordine tra le varie immaginette e foto che (come potete ben intuire) occupano immancabilmente i Breviari e i libri di noi don, ho ritrovato un ritaglio di giornale con riportata una storia della Seconda Guerra Mondiale. Maggio 1945. La Seconda Guerra Mondiale era finita. [&hellip;]<\/p>\n","protected":false},"author":2,"featured_media":0,"comment_status":"closed","ping_status":"open","sticky":false,"template":"","format":"standard","meta":{"footnotes":""},"categories":[19],"tags":[],"class_list":{"0":"post-18934","1":"post","2":"type-post","3":"status-publish","4":"format-standard","6":"category-prima-pagina"},"_links":{"self":[{"href":"https:\/\/comunitapastoralecassina.org\/ver2\/wp-json\/wp\/v2\/posts\/18934","targetHints":{"allow":["GET"]}}],"collection":[{"href":"https:\/\/comunitapastoralecassina.org\/ver2\/wp-json\/wp\/v2\/posts"}],"about":[{"href":"https:\/\/comunitapastoralecassina.org\/ver2\/wp-json\/wp\/v2\/types\/post"}],"author":[{"embeddable":true,"href":"https:\/\/comunitapastoralecassina.org\/ver2\/wp-json\/wp\/v2\/users\/2"}],"replies":[{"embeddable":true,"href":"https:\/\/comunitapastoralecassina.org\/ver2\/wp-json\/wp\/v2\/comments?post=18934"}],"version-history":[{"count":2,"href":"https:\/\/comunitapastoralecassina.org\/ver2\/wp-json\/wp\/v2\/posts\/18934\/revisions"}],"predecessor-version":[{"id":18945,"href":"https:\/\/comunitapastoralecassina.org\/ver2\/wp-json\/wp\/v2\/posts\/18934\/revisions\/18945"}],"wp:attachment":[{"href":"https:\/\/comunitapastoralecassina.org\/ver2\/wp-json\/wp\/v2\/media?parent=18934"}],"wp:term":[{"taxonomy":"category","embeddable":true,"href":"https:\/\/comunitapastoralecassina.org\/ver2\/wp-json\/wp\/v2\/categories?post=18934"},{"taxonomy":"post_tag","embeddable":true,"href":"https:\/\/comunitapastoralecassina.org\/ver2\/wp-json\/wp\/v2\/tags?post=18934"}],"curies":[{"name":"wp","href":"https:\/\/api.w.org\/{rel}","templated":true}]}}