{"id":18952,"date":"2024-03-01T09:50:14","date_gmt":"2024-03-01T08:50:14","guid":{"rendered":"https:\/\/comunitapastoralecassina.org\/ver2\/?p=18952"},"modified":"2024-03-01T09:50:15","modified_gmt":"2024-03-01T08:50:15","slug":"prega-confida-e-spera","status":"publish","type":"post","link":"https:\/\/comunitapastoralecassina.org\/ver2\/2024\/03\/prega-confida-e-spera\/","title":{"rendered":"<strong>Prega, confida e spera<\/strong>"},"content":{"rendered":"\n<p>Stiamo celebrando, nel nostro Decanato, un anniversario importante: <em>100 anni dell\u2019Apparizione della Madonna del Divin Pianto <\/em><em>(1924-2024)<\/em> proprio qui accanto a noi, a Cernusco S\/N.<\/p>\n\n\n<div class=\"wp-block-image\">\n<figure class=\"alignright size-full\"><a href=\"https:\/\/comunitapastoralecassina.org\/ver2\/wp-content\/uploads\/madonna-divin-pianto.png\"><img loading=\"lazy\" decoding=\"async\" width=\"351\" height=\"258\" src=\"https:\/\/comunitapastoralecassina.org\/ver2\/wp-content\/uploads\/madonna-divin-pianto.png\" alt=\"\" class=\"wp-image-18953\" srcset=\"https:\/\/comunitapastoralecassina.org\/ver2\/wp-content\/uploads\/madonna-divin-pianto.png 351w, https:\/\/comunitapastoralecassina.org\/ver2\/wp-content\/uploads\/madonna-divin-pianto-300x221.png 300w\" sizes=\"auto, (max-width: 351px) 100vw, 351px\" \/><\/a><\/figure><\/div>\n\n\n<p>E\u2019 appena iniziato l\u2019anno <strong>1924<\/strong>. Nell\u2019Istituto Marcelline, a Cernusco S\/N, una giovane Suora, Sr Elisabetta, da due anni ammalata, \u00e8 in fin di vita: <em>paralizzata, cieca da un anno<\/em>.<\/p>\n\n\n\n<p>Alla sera del <strong>6 gennaio 1924<\/strong> le Consorelle sentono Sr Elisabetta parlare ad alta voce. Pensano che sogni. Ma ella non dorme; conversa, invece, come dir\u00e0 la mattina dopo, con una <em>\u201cbella Signora\u201d<\/em> andata a visitarla. La Signora l\u2019incoraggia: <em>\u201c<strong>Prega<\/strong>, <strong>confida<\/strong> e <strong>spera<\/strong>: torner\u00f2\u201d<\/em>.<\/p>\n\n\n\n<p>Siamo alla notte dal <strong>22<\/strong> al <strong>23 febbraio 1924<\/strong>. La malattia fa passi rapidi. Sr Elisabetta peggiora. Il Medico curante, nella mattina, aveva dichiarato: <em>\u201cE\u2019 questione di ore\u201d<\/em>.<\/p>\n\n\n\n<p>Sono appena passate le <strong>23,45<\/strong> e Sr Elisabetta grida: <em>\u201cOh, la Signora, la Signora!\u201d<\/em><\/p>\n\n\n\n<p>La Vergine Santa sorride. Ma Sr Elisabetta diventa triste e dice: <em>\u201cOh, la Madonna col Bambino\u2026 ma il Bambino piange\u2026 piange per me? Per i miei peccati?\u201d<\/em><\/p>\n\n\n\n<p>La Madonna risponde: <em>\u201cNo, il Bambino piange perch\u00e9 non \u00e8 abbastanza amato, cercato, desiderato anche dalle persone che gli sono consacrate\u2026 tu devi dire questo!\u201d<\/em><\/p>\n\n\n\n<p>E Sr Elisabetta: <em>\u201cIo sono l\u2019ultima di tutte, io non so nulla, sono un peso per la mia Comunit\u00e0, sono un\u2019ignorante.. non sono capace di parlare; chi mi creder\u00e0?\u201d<\/em><\/p>\n\n\n\n<p>La Vergine sorride, s\u2019inchina verso la Suora e dice: <em>\u201c<strong>Ti rendo<\/strong> la salute!\u201d<\/em> e scomparve col <em>Divin Figlio<\/em>.<\/p>\n\n\n\n<p>Sr Elisabetta confess\u00f2 di aver sentito un dolore terribile in tutto il corpo, a cui segu\u00ec un senso di benessere. Balz\u00f2 dal letto ed alle Suore che la stavano vegliando, commosse, che avevano sentito il suo dialogo disse: <em>\u201cSono guarita, sono guarita: la Madonna mi ha guarita!\u201d<\/em>. Erano circa le <strong>00,15<\/strong>.<\/p>\n\n\n\n<p>Viene chiamata la Superiora, che corre in infermeria e una volta entrata, Sr Elisabetta, luminiosa, splendente negli occhi, le butta le braccia al collo e dice: <em>\u201cSuperiora, Superiora, la Madonna mi ha guarita e mi ha detto di dire\u2026 di dire che Ges\u00f9 piange, perch\u00e9 non \u00e8 abbastanza amato, cercato, desiderato anche dalle persone che gli sono consacrate\u201d<\/em>.<\/p>\n\n\n\n<p>E dopo un breve silenzio: <em>\u201cChe lacrimoni, che lacrimoni, povero Ges\u00f9!\u201d<\/em>.<\/p>\n\n\n\n<p>Gioved\u00ec scorso, 22 febbraio, l\u2019<strong>Arcivescovo Mario <\/strong>\u00e8 venuto a Cernusco a presiedere l\u2019Eucarestia nel Centenario dell\u2019Apparizione della Madonna del Divin Pianto concludendo la sua omelia dicendo:<\/p>\n\n\n\n<p><em>\u201cIl misterioso messaggio del Divin Pianto pu\u00f2 quindi visitare ancora la comunit\u00e0 e ogni persona e donare gioia, consolazione, speranza: non sottovalutarti, sei chiamato a diventare santo; non lasciarti confondere, puoi imparare da Ges\u00f9 la verit\u00e0 di Dio; non scoraggiarti, se sei in Cristo sei nuova creatura, puoi ricominciare!\u201d<\/em><\/p>\n\n\n\n<p class=\"has-text-align-right\"><strong>Don Massimo<\/strong><\/p>\n","protected":false},"excerpt":{"rendered":"<p>Stiamo celebrando, nel nostro Decanato, un anniversario importante: 100 anni dell\u2019Apparizione della Madonna del Divin Pianto (1924-2024) proprio qui accanto a noi, a Cernusco S\/N. E\u2019 appena iniziato l\u2019anno 1924. Nell\u2019Istituto Marcelline, a Cernusco S\/N, una giovane Suora, Sr Elisabetta, da due anni ammalata, \u00e8 in fin di vita: paralizzata, cieca da un anno. Alla [&hellip;]<\/p>\n","protected":false},"author":2,"featured_media":0,"comment_status":"closed","ping_status":"open","sticky":false,"template":"","format":"standard","meta":{"footnotes":""},"categories":[19],"tags":[],"class_list":{"0":"post-18952","1":"post","2":"type-post","3":"status-publish","4":"format-standard","6":"category-prima-pagina"},"_links":{"self":[{"href":"https:\/\/comunitapastoralecassina.org\/ver2\/wp-json\/wp\/v2\/posts\/18952","targetHints":{"allow":["GET"]}}],"collection":[{"href":"https:\/\/comunitapastoralecassina.org\/ver2\/wp-json\/wp\/v2\/posts"}],"about":[{"href":"https:\/\/comunitapastoralecassina.org\/ver2\/wp-json\/wp\/v2\/types\/post"}],"author":[{"embeddable":true,"href":"https:\/\/comunitapastoralecassina.org\/ver2\/wp-json\/wp\/v2\/users\/2"}],"replies":[{"embeddable":true,"href":"https:\/\/comunitapastoralecassina.org\/ver2\/wp-json\/wp\/v2\/comments?post=18952"}],"version-history":[{"count":1,"href":"https:\/\/comunitapastoralecassina.org\/ver2\/wp-json\/wp\/v2\/posts\/18952\/revisions"}],"predecessor-version":[{"id":18954,"href":"https:\/\/comunitapastoralecassina.org\/ver2\/wp-json\/wp\/v2\/posts\/18952\/revisions\/18954"}],"wp:attachment":[{"href":"https:\/\/comunitapastoralecassina.org\/ver2\/wp-json\/wp\/v2\/media?parent=18952"}],"wp:term":[{"taxonomy":"category","embeddable":true,"href":"https:\/\/comunitapastoralecassina.org\/ver2\/wp-json\/wp\/v2\/categories?post=18952"},{"taxonomy":"post_tag","embeddable":true,"href":"https:\/\/comunitapastoralecassina.org\/ver2\/wp-json\/wp\/v2\/tags?post=18952"}],"curies":[{"name":"wp","href":"https:\/\/api.w.org\/{rel}","templated":true}]}}