{"id":18958,"date":"2024-03-01T09:57:10","date_gmt":"2024-03-01T08:57:10","guid":{"rendered":"https:\/\/comunitapastoralecassina.org\/ver2\/?p=18958"},"modified":"2024-03-01T09:57:12","modified_gmt":"2024-03-01T08:57:12","slug":"come-chiesa-verso-il-rinnovo-2","status":"publish","type":"post","link":"https:\/\/comunitapastoralecassina.org\/ver2\/2024\/03\/come-chiesa-verso-il-rinnovo-2\/","title":{"rendered":"<strong>Come Chiesa \u2026 verso il rinnovo<\/strong>"},"content":{"rendered":"\n<p>Continuiamo sul cammino di conoscenza e consapevolezza che ci porter\u00e0 al rinnovo del Consiglio Pastorale della Comunit\u00e0 \u201cMaria Madre della Chiesa\u201d.<\/p>\n\n\n\n<p class=\"has-text-align-center\"><strong>Mercoled\u00ec 6 marzo alle ore 21<\/strong><\/p>\n\n\n\n<p class=\"has-text-align-center\"><strong>Oratorio Sant\u2019Agata<\/strong><\/p>\n\n\n\n<p><strong>L\u2019INVITO E\u2019 RIVOLTO A TUTTI I BATTEZZATI DELLA COMUNITA\u2019 IN PARTICOLARE AI GRUPPI<\/strong><br \/><strong>Caritas, Missioni, Filippide, Raggio di Luce, Dopo di Noi, Germoglio, Comunit\u00e0 Filippini<\/strong><\/p>\n\n\n\n<p class=\"has-light-green-cyan-background-color has-background\">La chiesa \u00e8 <strong>popolo di Dio<\/strong> ed \u00e8 costituita da tutti i <strong>battezzati <\/strong>aventi la stessa dignit\u00e0 di figli di Dio e la stessa universale chiamata<br \/>alla santit\u00e0 nelle diversit\u00e0 di vocazioni (ministri ordinati, vita consacrata, <strong>laici)<\/strong><\/p>\n\n\n\n<p>Da questo principio deriva che IL <strong>CONSIGLIO PASTORALE <\/strong>lungi dall\u2019essere un semplice organismo burocratico, mette in rilievo e realizza la centralit\u00e0 del Popolo di Dio come soggetto e protagonista attivo della missione evangelizzatrice in virt\u00f9 del fatto che <strong>ogni fedele<\/strong> ha ricevuto i doni dello Spirito Santo attraverso il <strong>Battesimo e la Cresima.<\/strong><\/p>\n\n\n\n<p class=\"has-vivid-red-color has-text-color\">\u00abIl consiglio pastorale della comunit\u00e0 pastorale \u00e8 l\u2019organismo che ha la responsabilit\u00e0 di orientare la vita della comunit\u00e0 affinch\u00e9 sia corrispondente all\u2019intenzione missionaria e pratichi lo stile evangelico della comunione, avendo cura&nbsp; di definire le iniziative che mantengono la vivacit\u00e0 e la identit\u00e0 delle singole parrocchie, di favorire la condivisione dei doni, delle risorse e delle proposte che definiscono la comunit\u00e0 pastorale e \u2013 al tempo stesso \u2013 ne mettono in evidenza i vantaggi per il bene delle singole parrocchie, delle diverse forme di aggregazioni e dell\u2019insieme della comunit\u00e0 pastorale\u00bb.<\/p>\n\n\n\n<p class=\"has-vivid-red-color has-text-color\">Da questo deriva che il CPCP \u00e8 \u00abil soggetto primario nel rappresentare l\u2019intera comunit\u00e0 e nell\u2019azione di discernimento e definizione delle priorit\u00e0 pastorali<\/p>\n\n\n\n<p class=\"has-vivid-red-color has-text-color\">(Tratto dal Direttorio delle Comunit\u00e0 Pastorali)<\/p>\n\n\n\n<hr class=\"wp-block-separator has-alpha-channel-opacity\"\/>\n\n\n\n<h2 class=\"wp-block-heading\"><strong>Save the date<\/strong><\/h2>\n\n\n\n<p>\u00a0<strong>AMBITO CARITA\u2019<\/strong> <br \/>Caritas, Missioni, Filippide, Raggio di Luce, Dopo di Noi, Germoglio, Comunit\u00e0 Filippini<br \/><strong>Mercoled\u00ec 6 marzo<\/strong>, ore 21 in Oratorio Sant\u2019Agata<\/p>\n\n\n\n<p><strong>AMBITO VOLONTARIATO \u2013 SERVIZIO<\/strong><br \/>Bar, Cucina, Campeggio, Manutenzioni, Segreteria SDS, Croce Bianca<br \/><strong>Sabato 23 marzo<\/strong>, ore 14.30 in Salone Oratorio SDS<\/p>\n\n\n\n<p><strong>AMBITO CULTURA \u2013 SPORT \u2013 SCUOLA<\/strong><br \/>Gruppo Teatrale In Cammino, Centro Culturale Camporicco, ASD SDS Arcobaleno, Scuole dell&#8217;Infanzia Parrocchiali, Movimenti, Confraternit\u00e0<br \/><strong>Mercoled\u00ec 3 aprile<\/strong>, ore 21 in Oratorio Camporicco<\/p>\n\n\n\n<p><strong>AMBITO LITURGIA<\/strong> <br \/>Cori, Sacrestani, Ministri dell\u2019Eucarestia, Lettori<br \/><strong>Mercoled\u00ec 17 aprile<\/strong>, ore 21 in Salone Oratorio SDS<\/p>\n\n\n\n<p>&nbsp;<\/p>\n\n\n\n<p>Questi incontri, anche se divisi per ambiti, sono aperti a TUTTI i fedeli in quanto membri della comunit\u00e0 stessa.<\/p>\n\n\n\n<p>Tutti, con il Battesimo siamo chiamati ad essere corresponsabili nel cammino della Chiesa presente sul territorio.<\/p>\n\n\n\n<div data-wp-interactive=\"core\/file\" class=\"wp-block-file\"><object data-wp-bind--hidden=\"!state.hasPdfPreview\" hidden class=\"wp-block-file__embed\" data=\"https:\/\/comunitapastoralecassina.org\/ver2\/wp-content\/uploads\/RINNOVO-CONSIGLIO-PASTORALE.pdf\" type=\"application\/pdf\" style=\"width:100%;height:600px\" aria-label=\"Incorporamento di RINNOVO-CONSIGLIO-PASTORALE.\"><\/object><a id=\"wp-block-file--media-cd5b3d8c-1d49-4150-96d9-99032349a0c3\" href=\"https:\/\/comunitapastoralecassina.org\/ver2\/wp-content\/uploads\/RINNOVO-CONSIGLIO-PASTORALE.pdf\">RINNOVO-CONSIGLIO-PASTORALE<\/a><a href=\"https:\/\/comunitapastoralecassina.org\/ver2\/wp-content\/uploads\/RINNOVO-CONSIGLIO-PASTORALE.pdf\" class=\"wp-block-file__button wp-element-button\" download aria-describedby=\"wp-block-file--media-cd5b3d8c-1d49-4150-96d9-99032349a0c3\">Download<\/a><\/div>\n","protected":false},"excerpt":{"rendered":"<p>Continuiamo sul cammino di conoscenza e consapevolezza che ci porter\u00e0 al rinnovo del Consiglio Pastorale della Comunit\u00e0 \u201cMaria Madre della Chiesa\u201d. Mercoled\u00ec 6 marzo alle ore 21 Oratorio Sant\u2019Agata L\u2019INVITO E\u2019 RIVOLTO A TUTTI I BATTEZZATI DELLA COMUNITA\u2019 IN PARTICOLARE AI GRUPPICaritas, Missioni, Filippide, Raggio di Luce, Dopo di Noi, Germoglio, Comunit\u00e0 Filippini La chiesa [&hellip;]<\/p>\n","protected":false},"author":2,"featured_media":18880,"comment_status":"closed","ping_status":"open","sticky":false,"template":"","format":"standard","meta":{"footnotes":""},"categories":[115],"tags":[],"class_list":{"0":"post-18958","1":"post","2":"type-post","3":"status-publish","4":"format-standard","5":"has-post-thumbnail","7":"category-in-evidenza"},"_links":{"self":[{"href":"https:\/\/comunitapastoralecassina.org\/ver2\/wp-json\/wp\/v2\/posts\/18958","targetHints":{"allow":["GET"]}}],"collection":[{"href":"https:\/\/comunitapastoralecassina.org\/ver2\/wp-json\/wp\/v2\/posts"}],"about":[{"href":"https:\/\/comunitapastoralecassina.org\/ver2\/wp-json\/wp\/v2\/types\/post"}],"author":[{"embeddable":true,"href":"https:\/\/comunitapastoralecassina.org\/ver2\/wp-json\/wp\/v2\/users\/2"}],"replies":[{"embeddable":true,"href":"https:\/\/comunitapastoralecassina.org\/ver2\/wp-json\/wp\/v2\/comments?post=18958"}],"version-history":[{"count":1,"href":"https:\/\/comunitapastoralecassina.org\/ver2\/wp-json\/wp\/v2\/posts\/18958\/revisions"}],"predecessor-version":[{"id":18960,"href":"https:\/\/comunitapastoralecassina.org\/ver2\/wp-json\/wp\/v2\/posts\/18958\/revisions\/18960"}],"wp:featuredmedia":[{"embeddable":true,"href":"https:\/\/comunitapastoralecassina.org\/ver2\/wp-json\/wp\/v2\/media\/18880"}],"wp:attachment":[{"href":"https:\/\/comunitapastoralecassina.org\/ver2\/wp-json\/wp\/v2\/media?parent=18958"}],"wp:term":[{"taxonomy":"category","embeddable":true,"href":"https:\/\/comunitapastoralecassina.org\/ver2\/wp-json\/wp\/v2\/categories?post=18958"},{"taxonomy":"post_tag","embeddable":true,"href":"https:\/\/comunitapastoralecassina.org\/ver2\/wp-json\/wp\/v2\/tags?post=18958"}],"curies":[{"name":"wp","href":"https:\/\/api.w.org\/{rel}","templated":true}]}}