{"id":18963,"date":"2024-03-08T09:26:34","date_gmt":"2024-03-08T08:26:34","guid":{"rendered":"https:\/\/comunitapastoralecassina.org\/ver2\/?p=18963"},"modified":"2024-03-08T09:26:35","modified_gmt":"2024-03-08T08:26:35","slug":"come-sta-andando-la-quaresima","status":"publish","type":"post","link":"https:\/\/comunitapastoralecassina.org\/ver2\/2024\/03\/come-sta-andando-la-quaresima\/","title":{"rendered":"<strong>Come sta andando la Quaresima?<\/strong>"},"content":{"rendered":"\n<p>Mentre preparavo l\u2019<em>Insieme <\/em>di questa settimana e guardavo il <em>Calendario<\/em> cos\u00ec da scegliere i momenti particolari da mettere in evidenza in questo numero, constatavo che siamo gi\u00e0 arrivati a met\u00e0 del nostro cammino di Quaresima. Ecco perch\u00e9 mi sembrava bello anzitutto pormi questo interrogativo <em>(che ho messo come titolo dell\u2019Editoriale)<\/em> e senz\u2019altro cogliere <em>(perch\u00e8 no?!?)<\/em> l\u2019occasione per rivolgere a tutti noi l\u2019invito a fermarsi un attimo e a guardare alle scelte fatte, agli impegni presi e ai passi ancora da fare per arrivare a celebrare la <em>Pasqua di Resurrezione<\/em>. Festa cristiana <em>per eccellenza<\/em>!<\/p>\n\n\n<div class=\"wp-block-image\">\n<figure class=\"alignright size-full is-resized\"><a href=\"https:\/\/comunitapastoralecassina.org\/ver2\/wp-content\/uploads\/crocifisso-4.png\"><img loading=\"lazy\" decoding=\"async\" src=\"https:\/\/comunitapastoralecassina.org\/ver2\/wp-content\/uploads\/crocifisso-4.png\" alt=\"\" class=\"wp-image-18965\" width=\"297\" height=\"218\" srcset=\"https:\/\/comunitapastoralecassina.org\/ver2\/wp-content\/uploads\/crocifisso-4.png 420w, https:\/\/comunitapastoralecassina.org\/ver2\/wp-content\/uploads\/crocifisso-4-300x220.png 300w\" sizes=\"auto, (max-width: 297px) 100vw, 297px\" \/><\/a><\/figure><\/div>\n\n\n<p>Forse, dopo queste poche righe, a qualcuno di noi riaffiora alla mente quel famoso passo della Divina Commedia dove gi\u00e0 l\u2019illustre Dante Alighieri, iniziando il primo canto dell\u2019<em>Inferno<\/em> scrive: <em>\u201cNel mezzo del cammin di nostra vita mi ritrovai per una selva oscura, ch\u00e9 la diritta via era smarrita\u201d<\/em>. Ovviamente spero <em>(e credo)<\/em> che nessuno di noi si trovi in questo <em>\u201cstato\u201d<\/em> nel rispondere a questo interrogativo.<\/p>\n\n\n\n<p>Anch&#8217;io mi sono fermato a guardare alle settimane trascorse e mi piacerebbe condividere con voi alcune semplici testimonianze di come stiamo camminando.<\/p>\n\n\n\n<p>Mi ha colpito la confidenza che mi ha fatto una nostra parrocchiana quando ringraziando per l\u2019Editoriale <em>\u201cLezione di vita\u201d<\/em> sull\u2019esperienza della malattia del maestro <em>Giovanni Allevi<\/em> mi diceva che trovata in questo esempio un incoraggiamento ed una forza per affrontare anche Lei un altro, inaspettato, <em>ciclo di chemio<\/em>.<\/p>\n\n\n\n<p>Un pomeriggio mentre ero in Chiesa mi sono lasciato distrarre da un ragazzo delle medie <em>(non ricordo il nome, ma<\/em><\/p>\n\n\n\n<p><em>il volto s\u00ec perch\u00e9 ha appena fatto la Cresima)<\/em> che \u00e8 entrato, \u00e8 andato davanti alla Statua della Madonna Ausiliatrice e dopo aver acceso una candela \u00e8 stato in ginocchio a pregare per un po&#8217; di minuti. Poi, fatto il segno della Croce \u00e8 uscito.<\/p>\n\n\n\n<p>In questi Quaresimali del Venerd\u00ec in Oratorio, dopo l\u2019incontro sul tema dello Sport, un pap\u00e0 mi ha fermato mentre stavo ritornando in Parrocchia e mi dice: <em>\u201cGrazie per questi quaresimali particolari. Oggi porto a casa un messaggio che mi aiuta ad essere maggiormente coerente con la mia fede e credibile con i miei figli\u201d<\/em>.<\/p>\n\n\n\n<p>Una nonna, domenica scorsa, prima della S.Messa delle ore 8.00, entrando in Chiesa mi ringrazia e mi dice che per lei \u00e8 un <em>\u201crespiro\u201d<\/em> venire nella nostra Chiesa in settimana e mettersi in fondo, nell\u2019angolo della preghiera, davanti al Crocifisso.<\/p>\n\n\n\n<p>Una coppia di giovani del Sud che vivono ora a Cassina e si sposeranno l\u2019anno prossimo al loro Paese, venuti da me per chiedere informazioni per il Percorso al Matrimonio e i passi da fare, mi dicono felici: <em>\u201cPer noi \u00e8 un dono partecipare alla S.Messa qui, in questa Comunit\u00e0, con i canti cos\u00ec belli del Coro\u201d<\/em>.<\/p>\n\n\n\n<p>Potrei aggiungere altre semplici testimonianze di chi, nella propria quotidianit\u00e0, sta cogliendo questo Tempo forte di Quaresima come un <em>momento favorevole<\/em> per il suo cammino, <em>\u201cper ritornare al Signore\u201d<\/em> come ci ricorda l\u2019apostolo Paolo.<\/p>\n\n\n\n<p>Guardando <em>\u201cai passi ancora da fare\u201d<\/em> mi piacerebbe lanciare un esercizio quaresimale che ci rivolge Papa Francesco nella sua enciclica <em>Fratelli tutti<\/em>.<\/p>\n\n\n\n<p>L\u2019impegno ad avere attenzione a <em>\u201cdire parole di incoraggiamento, che confortano, che danno forza, che consolano, che stimolano, invece di parole che umiliano, che rattristano, che irritano, che disprezzano\u201d<\/em> (Fratelli tutti , 223).<\/p>\n\n\n\n<p>A volte, per dare speranza, basta essere <em>\u201cuna persona gentile, che mette da parte le sue preoccupazioni e le sue urgenze per prestare attenzione, per regalare un sorriso, per dire una parola di stimolo, per rendere possibile uno spazio di ascolto in mezzo a tanta indifferenza\u201d<\/em> (ibid., 224).<\/p>\n\n\n\n<p>Nel<em> <\/em><em>raccoglimento<\/em><em> <\/em>e nella<em> <\/em><em>preghiera silenziosa<\/em>, la speranza ci viene donata come ispirazione e luce interiore, che illumina sfide e scelte della nostra vita: ecco perch\u00e9 \u00e8 fondamentale raccogliersi per pregare (cfr&nbsp;<em>Mt<\/em>&nbsp;6,6) e incontrare, nel segreto, il Padre della tenerezza.<\/p>\n\n\n\n<p>Buona continuazione!<\/p>\n\n\n\n<p class=\"has-text-align-right\"><strong>Don Massimo<\/strong><\/p>\n","protected":false},"excerpt":{"rendered":"<p>Mentre preparavo l\u2019Insieme di questa settimana e guardavo il Calendario cos\u00ec da scegliere i momenti particolari da mettere in evidenza in questo numero, constatavo che siamo gi\u00e0 arrivati a met\u00e0 del nostro cammino di Quaresima. Ecco perch\u00e9 mi sembrava bello anzitutto pormi questo interrogativo (che ho messo come titolo dell\u2019Editoriale) e senz\u2019altro cogliere (perch\u00e8 no?!?) [&hellip;]<\/p>\n","protected":false},"author":2,"featured_media":0,"comment_status":"closed","ping_status":"open","sticky":false,"template":"","format":"standard","meta":{"footnotes":""},"categories":[19],"tags":[],"class_list":{"0":"post-18963","1":"post","2":"type-post","3":"status-publish","4":"format-standard","6":"category-prima-pagina"},"_links":{"self":[{"href":"https:\/\/comunitapastoralecassina.org\/ver2\/wp-json\/wp\/v2\/posts\/18963","targetHints":{"allow":["GET"]}}],"collection":[{"href":"https:\/\/comunitapastoralecassina.org\/ver2\/wp-json\/wp\/v2\/posts"}],"about":[{"href":"https:\/\/comunitapastoralecassina.org\/ver2\/wp-json\/wp\/v2\/types\/post"}],"author":[{"embeddable":true,"href":"https:\/\/comunitapastoralecassina.org\/ver2\/wp-json\/wp\/v2\/users\/2"}],"replies":[{"embeddable":true,"href":"https:\/\/comunitapastoralecassina.org\/ver2\/wp-json\/wp\/v2\/comments?post=18963"}],"version-history":[{"count":1,"href":"https:\/\/comunitapastoralecassina.org\/ver2\/wp-json\/wp\/v2\/posts\/18963\/revisions"}],"predecessor-version":[{"id":18966,"href":"https:\/\/comunitapastoralecassina.org\/ver2\/wp-json\/wp\/v2\/posts\/18963\/revisions\/18966"}],"wp:attachment":[{"href":"https:\/\/comunitapastoralecassina.org\/ver2\/wp-json\/wp\/v2\/media?parent=18963"}],"wp:term":[{"taxonomy":"category","embeddable":true,"href":"https:\/\/comunitapastoralecassina.org\/ver2\/wp-json\/wp\/v2\/categories?post=18963"},{"taxonomy":"post_tag","embeddable":true,"href":"https:\/\/comunitapastoralecassina.org\/ver2\/wp-json\/wp\/v2\/tags?post=18963"}],"curies":[{"name":"wp","href":"https:\/\/api.w.org\/{rel}","templated":true}]}}