{"id":18974,"date":"2024-03-08T09:31:05","date_gmt":"2024-03-08T08:31:05","guid":{"rendered":"https:\/\/comunitapastoralecassina.org\/ver2\/?p=18974"},"modified":"2024-09-26T11:19:18","modified_gmt":"2024-09-26T09:19:18","slug":"prossimi-esercizi-spirituali-in-comunita","status":"publish","type":"post","link":"https:\/\/comunitapastoralecassina.org\/ver2\/2024\/03\/prossimi-esercizi-spirituali-in-comunita\/","title":{"rendered":"<strong>Prossimi esercizi spirituali in comunit\u00e0<\/strong>"},"content":{"rendered":"\n<p>Qualcuno si chieder\u00e0 come mai, mancando ancora ben tre settimane alla <em>celebrazione della Pasqua<\/em>, gi\u00e0 settimana prossima si conclude la Lectio del <em>gioved\u00ec <\/em>e il Quaresimale serale del <em>venerd\u00ec<\/em>.<\/p>\n\n\n\n<p>Infatti la Settimana che precede quella Autentica, vivremo la Settimana di Esercizi Spirituali (<strong>18 \u2013 22 marzo<\/strong>) in Comunit\u00e0 come preparazione alla Settimana Autentica <em>(che inizier\u00e0 con la domenica delle Palme)<\/em>.<\/p>\n\n\n\n<p>Il <strong>tema<\/strong> scelto per quei giorni sar\u00e0 <em>la Preghiera<\/em>. Infatti, Papa Francesco ci ha invitato a vivere l\u2019anno della Preghiera in preparazione al Giubileo del 2025.<\/p>\n\n\n\n<p>Sar\u00e0 con noi per le prime tre serate <em>(ore 21, in S.M.Ausiliatrice)<\/em> <strong>don Paolo Aliata<\/strong> che \u00e8 il <em>Responsabile diocesano dell\u2019Apostolato Biblico<\/em>.<\/p>\n\n\n\n<p><strong>Luned\u00ec 18 marzo<\/strong>: <em>La soglia della Preghiera; il cammino verso il tesoro<\/em><\/p>\n\n\n\n<p><strong>Marted\u00ec 19 marzo<\/strong>: <em>La sorgente interiore<\/em><\/p>\n\n\n<div class=\"wp-block-image\">\n<figure class=\"alignright size-full is-resized\"><a href=\"https:\/\/comunitapastoralecassina.org\/ver2\/wp-content\/uploads\/Edoardo-2.jpg\"><img loading=\"lazy\" decoding=\"async\" src=\"https:\/\/comunitapastoralecassina.org\/ver2\/wp-content\/uploads\/Edoardo-2.jpg\" alt=\"\" class=\"wp-image-14791\" width=\"137\" height=\"206\" srcset=\"https:\/\/comunitapastoralecassina.org\/ver2\/wp-content\/uploads\/Edoardo-2.jpg 244w, https:\/\/comunitapastoralecassina.org\/ver2\/wp-content\/uploads\/Edoardo-2-200x300.jpg 200w\" sizes=\"auto, (max-width: 137px) 100vw, 137px\" \/><\/a><\/figure><\/div>\n\n\n<p><strong>Mercoled\u00ec 20 marzo<\/strong>: <em>Il dono del respiro<\/em><\/p>\n\n\n\n<p>Nella Settimana di Esercizi vivremo la Giornata dell\u2019Eucarestia (<strong>gioved\u00ec 21 marzo<\/strong>) con l\u2019Adorazione a tutte le SS.Messe del giorno e alla sera l\u2019Adorazione Comunitaria <em>(ore 21, in S.M.Ausliatrice)<\/em> guidati dal futuro prete novello <strong><em>don Edoardo Mauri<\/em><\/strong> <em>(che \u00e8 stato seminarista da noi in 3^ Teologia)<\/em>. E concluderemo la Settimana con la Giornata della Croce (<strong>venerd\u00ec 22 marzo<\/strong>) con i momenti quaresimali come ogni venerd\u00ec e alla sera la <em>Via Crucis dei <strong>Martiri Missionari<\/strong><\/em> <em>(ore 21, in S.M.Ausiliatrice)<\/em>.<\/p>\n","protected":false},"excerpt":{"rendered":"<p>Qualcuno si chieder\u00e0 come mai, mancando ancora ben tre settimane alla celebrazione della Pasqua, gi\u00e0 settimana prossima si conclude la Lectio del gioved\u00ec e il Quaresimale serale del venerd\u00ec. Infatti la Settimana che precede quella Autentica, vivremo la Settimana di Esercizi Spirituali (18 \u2013 22 marzo) in Comunit\u00e0 come preparazione alla Settimana Autentica (che inizier\u00e0 [&hellip;]<\/p>\n","protected":false},"author":2,"featured_media":18975,"comment_status":"closed","ping_status":"open","sticky":false,"template":"","format":"standard","meta":{"footnotes":""},"categories":[23],"tags":[],"class_list":{"0":"post-18974","1":"post","2":"type-post","3":"status-publish","4":"format-standard","5":"has-post-thumbnail","7":"category-avvisi"},"_links":{"self":[{"href":"https:\/\/comunitapastoralecassina.org\/ver2\/wp-json\/wp\/v2\/posts\/18974","targetHints":{"allow":["GET"]}}],"collection":[{"href":"https:\/\/comunitapastoralecassina.org\/ver2\/wp-json\/wp\/v2\/posts"}],"about":[{"href":"https:\/\/comunitapastoralecassina.org\/ver2\/wp-json\/wp\/v2\/types\/post"}],"author":[{"embeddable":true,"href":"https:\/\/comunitapastoralecassina.org\/ver2\/wp-json\/wp\/v2\/users\/2"}],"replies":[{"embeddable":true,"href":"https:\/\/comunitapastoralecassina.org\/ver2\/wp-json\/wp\/v2\/comments?post=18974"}],"version-history":[{"count":3,"href":"https:\/\/comunitapastoralecassina.org\/ver2\/wp-json\/wp\/v2\/posts\/18974\/revisions"}],"predecessor-version":[{"id":18978,"href":"https:\/\/comunitapastoralecassina.org\/ver2\/wp-json\/wp\/v2\/posts\/18974\/revisions\/18978"}],"wp:featuredmedia":[{"embeddable":true,"href":"https:\/\/comunitapastoralecassina.org\/ver2\/wp-json\/wp\/v2\/media\/18975"}],"wp:attachment":[{"href":"https:\/\/comunitapastoralecassina.org\/ver2\/wp-json\/wp\/v2\/media?parent=18974"}],"wp:term":[{"taxonomy":"category","embeddable":true,"href":"https:\/\/comunitapastoralecassina.org\/ver2\/wp-json\/wp\/v2\/categories?post=18974"},{"taxonomy":"post_tag","embeddable":true,"href":"https:\/\/comunitapastoralecassina.org\/ver2\/wp-json\/wp\/v2\/tags?post=18974"}],"curies":[{"name":"wp","href":"https:\/\/api.w.org\/{rel}","templated":true}]}}