{"id":19004,"date":"2024-03-22T15:34:17","date_gmt":"2024-03-22T14:34:17","guid":{"rendered":"https:\/\/comunitapastoralecassina.org\/ver2\/?p=19004"},"modified":"2024-03-22T15:34:18","modified_gmt":"2024-03-22T14:34:18","slug":"buona-pasqua-dalla-caritas","status":"publish","type":"post","link":"https:\/\/comunitapastoralecassina.org\/ver2\/2024\/03\/buona-pasqua-dalla-caritas\/","title":{"rendered":"Buona Pasqua dalla Caritas"},"content":{"rendered":"\n<p class=\"has-text-align-center\">\u201c<strong><em>Qualcuno ci attende:<br \/>La seconda Persona della S:S: Trinit\u00e0,<br \/>il figlio che si \u00e8 fatto uomo come noi<br \/>per la salvezza di tutta l\u2019umanit\u00e0<\/em><\/strong>\u201d<\/p>\n\n\n\n<p>Carissimi tutti,<\/p>\n\n\n\n<p>tra pochi giorni si compir\u00e0 per tutti noi \u201cla dolce speranza\u201d che si manifesta nell\u2019evento mirabile della Pasqua!<\/p>\n\n\n\n<p>Questi pochi mesi dall\u2019inizio del nuovo anno li abbiamo trascorsi continuando a prenderci cura di coloro che si affidano alla nostra Caritas Cittadina: ogni fatica, dalla pi\u00f9 semplice alla pi\u00f9 gravosa, diventa pi\u00f9 facile se affrontata insieme.<\/p>\n\n\n\n<p>Le nostre attivit\u00e0 continueranno certi della presenza, del sostegno, del riconoscimento di tutta la comunit\u00e0.<\/p>\n\n\n\n<p>A tutti voi, a tutti i fratelli e sorelle dai pi\u00f9 vicini e presenti nelle nostre vite fino a quelli pi\u00f9 bisognosi che sperimentano una realt\u00e0 totalmente diversa dalla nostra, a tutti i volontari dei nostri servizi va il mio pi\u00f9 sincero e affettuoso augurio, affinch\u00e9 ciascuno di noi, il giorno della S. Pasqua, possa dire: \u201cEcco il momento favorevole, ecco il momento della salvezza di tutta l\u2019umanit\u00e0\u201d<\/p>\n\n\n\n<p class=\"has-text-align-right\"><em>Paola<\/em><br \/>Responsabile Caritas<\/p>\n\n\n\n<p class=\"has-light-green-cyan-background-color has-background\"><em>Continuiamo a pregare affinch\u00e9 gli orrori che avvengono sia fra le mura domestiche, sia a livello internazionale, cessino: la bellezza della luce del Cristo Risorto illumini i cuori di tutti.<\/em><\/p>\n","protected":false},"excerpt":{"rendered":"<p>\u201cQualcuno ci attende:La seconda Persona della S:S: Trinit\u00e0,il figlio che si \u00e8 fatto uomo come noiper la salvezza di tutta l\u2019umanit\u00e0\u201d Carissimi tutti, tra pochi giorni si compir\u00e0 per tutti noi \u201cla dolce speranza\u201d che si manifesta nell\u2019evento mirabile della Pasqua! Questi pochi mesi dall\u2019inizio del nuovo anno li abbiamo trascorsi continuando a prenderci cura [&hellip;]<\/p>\n","protected":false},"author":2,"featured_media":15593,"comment_status":"closed","ping_status":"open","sticky":false,"template":"","format":"standard","meta":{"footnotes":""},"categories":[24,115],"tags":[],"class_list":{"0":"post-19004","1":"post","2":"type-post","3":"status-publish","4":"format-standard","5":"has-post-thumbnail","7":"category-caritas-cittadina","8":"category-in-evidenza"},"_links":{"self":[{"href":"https:\/\/comunitapastoralecassina.org\/ver2\/wp-json\/wp\/v2\/posts\/19004","targetHints":{"allow":["GET"]}}],"collection":[{"href":"https:\/\/comunitapastoralecassina.org\/ver2\/wp-json\/wp\/v2\/posts"}],"about":[{"href":"https:\/\/comunitapastoralecassina.org\/ver2\/wp-json\/wp\/v2\/types\/post"}],"author":[{"embeddable":true,"href":"https:\/\/comunitapastoralecassina.org\/ver2\/wp-json\/wp\/v2\/users\/2"}],"replies":[{"embeddable":true,"href":"https:\/\/comunitapastoralecassina.org\/ver2\/wp-json\/wp\/v2\/comments?post=19004"}],"version-history":[{"count":1,"href":"https:\/\/comunitapastoralecassina.org\/ver2\/wp-json\/wp\/v2\/posts\/19004\/revisions"}],"predecessor-version":[{"id":19005,"href":"https:\/\/comunitapastoralecassina.org\/ver2\/wp-json\/wp\/v2\/posts\/19004\/revisions\/19005"}],"wp:featuredmedia":[{"embeddable":true,"href":"https:\/\/comunitapastoralecassina.org\/ver2\/wp-json\/wp\/v2\/media\/15593"}],"wp:attachment":[{"href":"https:\/\/comunitapastoralecassina.org\/ver2\/wp-json\/wp\/v2\/media?parent=19004"}],"wp:term":[{"taxonomy":"category","embeddable":true,"href":"https:\/\/comunitapastoralecassina.org\/ver2\/wp-json\/wp\/v2\/categories?post=19004"},{"taxonomy":"post_tag","embeddable":true,"href":"https:\/\/comunitapastoralecassina.org\/ver2\/wp-json\/wp\/v2\/tags?post=19004"}],"curies":[{"name":"wp","href":"https:\/\/api.w.org\/{rel}","templated":true}]}}