{"id":19009,"date":"2024-03-22T15:49:29","date_gmt":"2024-03-22T14:49:29","guid":{"rendered":"https:\/\/comunitapastoralecassina.org\/ver2\/?p=19009"},"modified":"2024-03-22T16:01:36","modified_gmt":"2024-03-22T15:01:36","slug":"come-entrare","status":"publish","type":"post","link":"https:\/\/comunitapastoralecassina.org\/ver2\/2024\/03\/come-entrare\/","title":{"rendered":"<strong>Come entrare\u2026<\/strong>"},"content":{"rendered":"\n<p>Eccoci arrivati alla domenica delle \u201cPalme\u201d \u2013&nbsp;<em>o degli <\/em><em>\u201cOlivi\u201d <\/em><em>che pi\u00f9 spesso si usano nelle processioni delle nostre Parrocchie<\/em> \u2013 ad aprire la<strong> <\/strong><strong>Settimana Santa<\/strong>! (o meglio, <strong>Autentica<\/strong>)!<\/p>\n\n\n<div class=\"wp-block-image\">\n<figure class=\"alignright size-full is-resized\"><a href=\"https:\/\/comunitapastoralecassina.org\/ver2\/wp-content\/uploads\/Immagine1-10.png\"><img loading=\"lazy\" decoding=\"async\" src=\"https:\/\/comunitapastoralecassina.org\/ver2\/wp-content\/uploads\/Immagine1-10.png\" alt=\"\" class=\"wp-image-19016\" width=\"265\" height=\"156\" srcset=\"https:\/\/comunitapastoralecassina.org\/ver2\/wp-content\/uploads\/Immagine1-10.png 1011w, https:\/\/comunitapastoralecassina.org\/ver2\/wp-content\/uploads\/Immagine1-10-300x177.png 300w, https:\/\/comunitapastoralecassina.org\/ver2\/wp-content\/uploads\/Immagine1-10-768x453.png 768w, https:\/\/comunitapastoralecassina.org\/ver2\/wp-content\/uploads\/Immagine1-10-696x410.png 696w\" sizes=\"auto, (max-width: 265px) 100vw, 265px\" \/><\/a><\/figure><\/div>\n\n\n<p>Centro dell\u2019anno liturgico, essa custodisce e celebra il cuore della fede cristiana. Giorni intensi e suggestivi, nei quali i cristiani ripercorrono gli ultimi momenti della vita terrena di Ges\u00f9, meditando il mistero della sua passione e della sua morte in <em>Croce<\/em>, per giungere alla <em>Gloria<\/em> della resurrezione nella <em>Veglia pasquale<\/em>.<\/p>\n\n\n\n<p>Nella nostra Comunit\u00e0, in questi giorni, non mancheranno i momenti di <em>preghiera<\/em><em> <\/em>e di <em>raccoglimento<\/em>. Uno fra tutti sar\u00e0 l\u2019<strong>Adorazione notturna <\/strong><em>(tra il gioved\u00ec \u2013 terminata la S.Messa in Coena Domini e il venerd\u00ec santo mattina)<\/em>. Cos\u00ec pure non mancheranno le opportunit\u00e0 per celebrare il <em>Sacramento della Riconciliazione<\/em>: <em>io, don Fabio, don Silvio, don Bangaly e don Louange<\/em>, con tempi pi\u00f9 prolungati del solito, ci metteremo a disposizione di tutti coloro che lo desiderano per ascoltare la confessione e far dono della Misericordia in questa Pasqua di Ges\u00f9.<\/p>\n\n\n\n<p>I gesti e i simboli della Settimana Santa sono&nbsp;particolarmente suggestivi. Ci parlano dell\u2019<strong>accoglienza<\/strong> solenne di Cristo a Gerusalemme <em>(i rametti d\u2019ulivo usati nella celebrazione e poi conservati nelle case)<\/em>, dell\u2019<strong>amore <\/strong>reciproco che i cristiani sono chiamati a vivere seguendo il loro Maestro <em>(il gesto della lavanda dei piedi nel Gioved\u00ec Santo)<\/em>, della sua <strong>morte<\/strong> <em>(la croce di Cristo, fatta oggetto di adorazione nel Venerd\u00ec santo)<\/em>\u2026In questo momento dell\u2019anno leggeremo tutta intera la Passione del Signore, durante<\/p>\n\n\n\n<p>il Triduo, che ci aiuter\u00e0 a ripercorrere gli ultimi drammatici episodi della vita di Ges\u00f9.&nbsp; La solennit\u00e0 dei riti e i tempi di prolungato silenzio \u2013 <em>soprattutto nel Venerd\u00ec Santo (quando addirittura le campane non suoneranno pi\u00f9 fino all\u2019annuncio della resurrezione)<\/em> \u2013 ci aiuteranno a cogliere la seriet\u00e0 del momento. Anche un fedele superficiale o distratto percepisce di trovarsi, in questi giorni santi, dinanzi a qualcosa di unico:&nbsp;qualcosa di essenziale per la vita di noi cristiani<strong>.<\/strong><\/p>\n\n\n\n<p>La Settimana Autentica, tramite il linguaggio della liturgia fatto di simboli, gesti e Parola di Dio, rende presente&nbsp;il<strong> <\/strong>Mistero della<strong> <\/strong><strong>Morte<\/strong><strong> <\/strong>e<strong> <\/strong><strong>Resurrezione di Cristo<\/strong><strong>.<\/strong><\/p>\n\n\n\n<p>Questo non \u00e8 sufficiente, per\u00f2, se da parte nostra non c\u2019\u00e8 un cuore aperto e disponibile all\u2019incontro con il Signore.&nbsp;\u00c8 necessario entrare in questi giorni santi con la disponibilit\u00e0 di chi vuole lasciarsi incontrare da Ges\u00f9, trovando tempi e modi per fare silenzio <em>(dal rumore, dalla televisione, dal cellulare\u2026) <\/em>e coltivare una preghiera pi\u00f9 prolungata, partecipando alle Celebrazioni del Triduo in modo pi\u00f9 consapevole e convinto.<\/p>\n\n\n\n<p>Anche questo, per\u00f2, non basta e non \u00e8 sufficiente. Perch\u00e9&nbsp;rivivere la Passione, la Morte e Resurrezione di del Signore Ges\u00f9 serve a poco, se non ci decidiamo con il suo aiuto a fare nostro il suo modo di essere<em>: lo stile di chi si fa servo del suo prossimo, soprattutto di chi \u00e8 pi\u00f9 nel bisogno e nella sofferenza<\/em>.<\/p>\n\n\n\n<p>Per questo, desideriamo entrare nella Settimana santa, non portando nella nostra preghiera solamente le nostre preoccupazioni e i nostri pensieri, ma anche quelli dei fratelli e delle sorelle che ci stanno accanto.<\/p>\n\n\n\n<p>Non possiamo nei prossimi giorni dimenticare il dramma e il dolore di chi fugge o soffre per la guerra <em>(in Ucraina, in Terra Santa e in altre parti del mondo)<\/em>. La liturgia non si chiude in s\u00e9 stessa, ma si apre alla vita.&nbsp;<\/p>\n\n\n\n<p><em>La Settimana santa, con la sua ricca simbologia, pu\u00f2 diventare quel momento di Grazia (per la nostra Comunit\u00e0, per ognuno di noi) per entrare in una relazione pi\u00f9 intima con il Signore Ges\u00f9, ma per cambiare le nostre vite e per vivere \u2013 almeno un po\u2019 di pi\u00f9 \u2013 proprio come \u00e8 vissuto Lui.<\/em><\/p>\n\n\n\n<p>Buon ingresso, buon inizio, buon cammino!&nbsp;&nbsp;&nbsp;&nbsp;&nbsp;<\/p>\n\n\n\n<p class=\"has-text-align-right\"><strong>Don Massimo<\/strong><\/p>\n","protected":false},"excerpt":{"rendered":"<p>Eccoci arrivati alla domenica delle \u201cPalme\u201d \u2013&nbsp;o degli \u201cOlivi\u201d che pi\u00f9 spesso si usano nelle processioni delle nostre Parrocchie \u2013 ad aprire la Settimana Santa! (o meglio, Autentica)! Centro dell\u2019anno liturgico, essa custodisce e celebra il cuore della fede cristiana. Giorni intensi e suggestivi, nei quali i cristiani ripercorrono gli ultimi momenti della vita terrena [&hellip;]<\/p>\n","protected":false},"author":2,"featured_media":0,"comment_status":"closed","ping_status":"open","sticky":false,"template":"","format":"standard","meta":{"footnotes":""},"categories":[19],"tags":[],"class_list":{"0":"post-19009","1":"post","2":"type-post","3":"status-publish","4":"format-standard","6":"category-prima-pagina"},"_links":{"self":[{"href":"https:\/\/comunitapastoralecassina.org\/ver2\/wp-json\/wp\/v2\/posts\/19009","targetHints":{"allow":["GET"]}}],"collection":[{"href":"https:\/\/comunitapastoralecassina.org\/ver2\/wp-json\/wp\/v2\/posts"}],"about":[{"href":"https:\/\/comunitapastoralecassina.org\/ver2\/wp-json\/wp\/v2\/types\/post"}],"author":[{"embeddable":true,"href":"https:\/\/comunitapastoralecassina.org\/ver2\/wp-json\/wp\/v2\/users\/2"}],"replies":[{"embeddable":true,"href":"https:\/\/comunitapastoralecassina.org\/ver2\/wp-json\/wp\/v2\/comments?post=19009"}],"version-history":[{"count":2,"href":"https:\/\/comunitapastoralecassina.org\/ver2\/wp-json\/wp\/v2\/posts\/19009\/revisions"}],"predecessor-version":[{"id":19017,"href":"https:\/\/comunitapastoralecassina.org\/ver2\/wp-json\/wp\/v2\/posts\/19009\/revisions\/19017"}],"wp:attachment":[{"href":"https:\/\/comunitapastoralecassina.org\/ver2\/wp-json\/wp\/v2\/media?parent=19009"}],"wp:term":[{"taxonomy":"category","embeddable":true,"href":"https:\/\/comunitapastoralecassina.org\/ver2\/wp-json\/wp\/v2\/categories?post=19009"},{"taxonomy":"post_tag","embeddable":true,"href":"https:\/\/comunitapastoralecassina.org\/ver2\/wp-json\/wp\/v2\/tags?post=19009"}],"curies":[{"name":"wp","href":"https:\/\/api.w.org\/{rel}","templated":true}]}}