{"id":19013,"date":"2024-03-22T16:00:40","date_gmt":"2024-03-22T15:00:40","guid":{"rendered":"https:\/\/comunitapastoralecassina.org\/ver2\/?p=19013"},"modified":"2024-03-22T16:00:42","modified_gmt":"2024-03-22T15:00:42","slug":"la-nostra-carita-nel-triduo-pasquale","status":"publish","type":"post","link":"https:\/\/comunitapastoralecassina.org\/ver2\/2024\/03\/la-nostra-carita-nel-triduo-pasquale\/","title":{"rendered":"<strong>La nostra carit\u00e0 nel triduo pasquale<\/strong>"},"content":{"rendered":"<div class=\"wp-block-image\">\n<figure class=\"alignright size-full is-resized\"><a href=\"https:\/\/comunitapastoralecassina.org\/ver2\/wp-content\/uploads\/crocifisso-5.png\"><img loading=\"lazy\" decoding=\"async\" src=\"https:\/\/comunitapastoralecassina.org\/ver2\/wp-content\/uploads\/crocifisso-5.png\" alt=\"\" class=\"wp-image-19014\" width=\"284\" height=\"160\" srcset=\"https:\/\/comunitapastoralecassina.org\/ver2\/wp-content\/uploads\/crocifisso-5.png 681w, https:\/\/comunitapastoralecassina.org\/ver2\/wp-content\/uploads\/crocifisso-5-300x169.png 300w\" sizes=\"auto, (max-width: 284px) 100vw, 284px\" \/><\/a><\/figure><\/div>\n\n\n<p>La Chiesa, durante la celebrazione del <strong>Triduo Pasquale<\/strong>, ci invita ad avere un\u2019attenzione particolare per i Sacerdoti anziani e malati e per i cristiani in Terra Santa.<\/p>\n\n\n\n<p>Per questo motivo la <strong>met\u00e0 delle offerte<\/strong> che raccoglieremo durante le celebrazioni del Gioved\u00ec Santo nelle SS.Messe in Coena Domini, verr\u00e0 destinata all\u2019<strong>Aiuto Fraterno <\/strong><em>(Associazione della Diocesi che segue e accompagna i preti anziani e malati)<\/em>. <em>Un gesto carico di significato, celebrato proprio al Gioved\u00ec Santo dove ricordiamo anche il dono del Sacerdozio.<\/em><\/p>\n\n\n\n<p>Un altro gesto carico di significato \u00e8 la Colletta per i Cristiani in Terra Santa. Al Venerd\u00ec della Passione e Morte di Ges\u00f9, nelle nostre Chiese troverete una <strong>cassettina <\/strong>con la possibilit\u00e0 di fare una <em>libera offerta<\/em> con questa particolare destinazione.<\/p>\n\n\n\n<p><em>Il celebrare la Pasqua ci porta in luoghi cari alla nostra fede, forse ora non facili da visitare per la Guerra, dove cristiani vivono e abitano in mezzo a molteplici difficolt\u00e0. Ed \u00e8 importante che la loro presenza continui ad esserci in questi luoghi santi e cari alla nostra fede.<\/em><\/p>\n","protected":false},"excerpt":{"rendered":"<p>La Chiesa, durante la celebrazione del Triduo Pasquale, ci invita ad avere un\u2019attenzione particolare per i Sacerdoti anziani e malati e per i cristiani in Terra Santa. Per questo motivo la met\u00e0 delle offerte che raccoglieremo durante le celebrazioni del Gioved\u00ec Santo nelle SS.Messe in Coena Domini, verr\u00e0 destinata all\u2019Aiuto Fraterno (Associazione della Diocesi che [&hellip;]<\/p>\n","protected":false},"author":2,"featured_media":0,"comment_status":"closed","ping_status":"open","sticky":false,"template":"","format":"standard","meta":{"footnotes":""},"categories":[19],"tags":[],"class_list":{"0":"post-19013","1":"post","2":"type-post","3":"status-publish","4":"format-standard","6":"category-prima-pagina"},"_links":{"self":[{"href":"https:\/\/comunitapastoralecassina.org\/ver2\/wp-json\/wp\/v2\/posts\/19013","targetHints":{"allow":["GET"]}}],"collection":[{"href":"https:\/\/comunitapastoralecassina.org\/ver2\/wp-json\/wp\/v2\/posts"}],"about":[{"href":"https:\/\/comunitapastoralecassina.org\/ver2\/wp-json\/wp\/v2\/types\/post"}],"author":[{"embeddable":true,"href":"https:\/\/comunitapastoralecassina.org\/ver2\/wp-json\/wp\/v2\/users\/2"}],"replies":[{"embeddable":true,"href":"https:\/\/comunitapastoralecassina.org\/ver2\/wp-json\/wp\/v2\/comments?post=19013"}],"version-history":[{"count":1,"href":"https:\/\/comunitapastoralecassina.org\/ver2\/wp-json\/wp\/v2\/posts\/19013\/revisions"}],"predecessor-version":[{"id":19015,"href":"https:\/\/comunitapastoralecassina.org\/ver2\/wp-json\/wp\/v2\/posts\/19013\/revisions\/19015"}],"wp:attachment":[{"href":"https:\/\/comunitapastoralecassina.org\/ver2\/wp-json\/wp\/v2\/media?parent=19013"}],"wp:term":[{"taxonomy":"category","embeddable":true,"href":"https:\/\/comunitapastoralecassina.org\/ver2\/wp-json\/wp\/v2\/categories?post=19013"},{"taxonomy":"post_tag","embeddable":true,"href":"https:\/\/comunitapastoralecassina.org\/ver2\/wp-json\/wp\/v2\/tags?post=19013"}],"curies":[{"name":"wp","href":"https:\/\/api.w.org\/{rel}","templated":true}]}}