{"id":19824,"date":"2025-01-17T12:51:15","date_gmt":"2025-01-17T11:51:15","guid":{"rendered":"https:\/\/comunitapastoralecassina.org\/ver2\/?p=19824"},"modified":"2025-01-17T12:51:17","modified_gmt":"2025-01-17T11:51:17","slug":"giovanni-paolo-ii-lettera-apostolica-novo-millennio-ineunte-6-gennaio-2001","status":"publish","type":"post","link":"https:\/\/comunitapastoralecassina.org\/ver2\/2025\/01\/giovanni-paolo-ii-lettera-apostolica-novo-millennio-ineunte-6-gennaio-2001\/","title":{"rendered":"<strong>GIOVANNI PAOLO II, Lettera apostolica Novo millennio ineunte (6 gennaio 2001)<\/strong>"},"content":{"rendered":"\n<p class=\"has-light-green-cyan-background-color has-background\">\u00c8 questa una domenica speciale: la domenica della parola di Dio. Per noi cristiani la Bibbia deve essere un tesoro prezioso, una bussola unica nel cammino della vita. Papa Francesco ha istituito questa giornata nel 2019. Pubblichiamo per\u00f2 alcune parole di San Giovanni Paolo II che gi\u00e0 nel 2001 ci illuminava e guidava in questa certezza.<\/p>\n\n\n<div class=\"wp-block-image\">\n<figure class=\"aligncenter size-full is-resized\"><a href=\"https:\/\/comunitapastoralecassina.org\/ver2\/wp-content\/uploads\/novo.png\"><img loading=\"lazy\" decoding=\"async\" src=\"https:\/\/comunitapastoralecassina.org\/ver2\/wp-content\/uploads\/novo.png\" alt=\"\" class=\"wp-image-19825\" width=\"141\" height=\"187\"\/><\/a><\/figure><\/div>\n\n\n<p>Non c&#8217;\u00e8 dubbio che questo primato della santit\u00e0 e della preghiera non \u00e8 concepibile che a partire da un rinnovato ascolto della parola di Dio. Da quando il Concilio Vaticano II ha sottolineato il ruolo preminente della parola di Dio nella vita della Chiesa, certamente sono stati fatti grandi passi in avanti nell&#8217;ascolto assiduo e nella lettura attenta della Sacra Scrittura. Ad essa si \u00e8 assicurato l&#8217;onore che merita nella preghiera pubblica della Chiesa. Ad essa i singoli e le comunit\u00e0 ricorrono ormai in larga misura, e tra gli stessi laici sono tanti che vi si dedicano anche con l&#8217;aiuto prezioso di studi teologici e biblici. Soprattutto poi \u00e8 l&#8217;opera dell&#8217;evangelizzazione e della catechesi che si sta rivitalizzando proprio nell&#8217;attenzione alla parola di Dio. Occorre, carissimi Fratelli e Sorelle, consolidare e approfondire questa linea, anche mediante la diffusione nelle famiglie del libro della Bibbia. In particolare, \u00e8 necessario che l&#8217;ascolto della Parola diventi un incontro vitale, nell&#8217;antica e sempre valida tradizione della lectio divina, che fa cogliere nel testo biblico la parola viva che interpella, orienta, plasma l&#8217;esistenza.<\/p>\n\n\n\n<p>Nutrirci della Parola, per essere \u00abservi della Parola\u00bb nell&#8217;impegno dell&#8217;evangelizzazione: questa \u00e8 sicuramente una priorit\u00e0 per la Chiesa all&#8217;inizio del nuovo millennio. \u00c8 ormai tramontata, anche nei Paesi di antica evangelizzazione, la situazione di una \u00absociet\u00e0 cristiana\u00bb, che, pur tra le tante debolezze che sempre segnano l&#8217;umano, si rifaceva esplicitamente ai valori evangelici. Oggi si deve affrontare con coraggio una situazione che si fa sempre pi\u00f9 varia e impegnativa, nel contesto della globalizzazione e del nuovo e mutevole intreccio di popoli e culture che la caratterizza. Ho tante volte ripetuto in questi anni l&#8217;appello della nuova evangelizzazione.<\/p>\n\n\n\n<p>Lo ribadisco ora, soprattutto per indicare che occorre riaccendere in noi lo slancio delle origini, lasciandoci pervadere dall&#8217;ardore della predicazione apostolica seguita alla Pentecoste. Dobbiamo rivivere in noi il sentimento infuocato di Paolo, il quale esclamava: \u00abGuai a me se non predicassi il Vangelo!\u00bb (1 Cor 9,16).<\/p>\n\n\n\n<p>Questa passione non mancher\u00e0 di suscitare nella Chiesa una nuova missionariet\u00e0, che non potr\u00e0 essere demandata ad una porzione di \u00abspecialisti\u00bb, ma dovr\u00e0 coinvolgere la responsabilit\u00e0 di tutti i membri del Popolo di Dio. Chi ha incontrato veramente Cristo, non pu\u00f2 tenerselo per s\u00e9, deve annunciarlo. Occorre un nuovo slancio apostolico che sia vissuto quale impegno quotidiano delle comunit\u00e0 e dei gruppi cristiani. Ci\u00f2, tuttavia, avverr\u00e0 nel rispetto dovuto al cammino sempre diversificato di ciascuna persona e nell&#8217;attenzione per le diverse culture in cui il messaggio cristiano deve essere calato, cos\u00ec che gli specifici valori di ogni popolo non siano rinnegati, ma purificati e portati alla loro pienezza.<\/p>\n","protected":false},"excerpt":{"rendered":"<p>\u00c8 questa una domenica speciale: la domenica della parola di Dio. Per noi cristiani la Bibbia deve essere un tesoro prezioso, una bussola unica nel cammino della vita. Papa Francesco ha istituito questa giornata nel 2019. Pubblichiamo per\u00f2 alcune parole di San Giovanni Paolo II che gi\u00e0 nel 2001 ci illuminava e guidava in questa [&hellip;]<\/p>\n","protected":false},"author":2,"featured_media":0,"comment_status":"closed","ping_status":"open","sticky":false,"template":"","format":"standard","meta":{"footnotes":""},"categories":[19],"tags":[],"class_list":{"0":"post-19824","1":"post","2":"type-post","3":"status-publish","4":"format-standard","6":"category-prima-pagina"},"_links":{"self":[{"href":"https:\/\/comunitapastoralecassina.org\/ver2\/wp-json\/wp\/v2\/posts\/19824","targetHints":{"allow":["GET"]}}],"collection":[{"href":"https:\/\/comunitapastoralecassina.org\/ver2\/wp-json\/wp\/v2\/posts"}],"about":[{"href":"https:\/\/comunitapastoralecassina.org\/ver2\/wp-json\/wp\/v2\/types\/post"}],"author":[{"embeddable":true,"href":"https:\/\/comunitapastoralecassina.org\/ver2\/wp-json\/wp\/v2\/users\/2"}],"replies":[{"embeddable":true,"href":"https:\/\/comunitapastoralecassina.org\/ver2\/wp-json\/wp\/v2\/comments?post=19824"}],"version-history":[{"count":1,"href":"https:\/\/comunitapastoralecassina.org\/ver2\/wp-json\/wp\/v2\/posts\/19824\/revisions"}],"predecessor-version":[{"id":19826,"href":"https:\/\/comunitapastoralecassina.org\/ver2\/wp-json\/wp\/v2\/posts\/19824\/revisions\/19826"}],"wp:attachment":[{"href":"https:\/\/comunitapastoralecassina.org\/ver2\/wp-json\/wp\/v2\/media?parent=19824"}],"wp:term":[{"taxonomy":"category","embeddable":true,"href":"https:\/\/comunitapastoralecassina.org\/ver2\/wp-json\/wp\/v2\/categories?post=19824"},{"taxonomy":"post_tag","embeddable":true,"href":"https:\/\/comunitapastoralecassina.org\/ver2\/wp-json\/wp\/v2\/tags?post=19824"}],"curies":[{"name":"wp","href":"https:\/\/api.w.org\/{rel}","templated":true}]}}