{"id":19891,"date":"2025-02-12T17:51:36","date_gmt":"2025-02-12T16:51:36","guid":{"rendered":"https:\/\/comunitapastoralecassina.org\/ver2\/?p=19891"},"modified":"2025-02-12T17:51:37","modified_gmt":"2025-02-12T16:51:37","slug":"dalla-parola-di-dio-una-vita-fraterna","status":"publish","type":"post","link":"https:\/\/comunitapastoralecassina.org\/ver2\/2025\/02\/dalla-parola-di-dio-una-vita-fraterna\/","title":{"rendered":"<strong>Dalla Parola di Dio una vita fraterna<\/strong>"},"content":{"rendered":"\n<p><strong>Carissimo popolo di Dio che vive a Cassina de\u2019 Pecchi,<\/strong><\/p>\n\n\n\n<p>per riscoprire l&#8217;importanza della comunione fraterna non dobbiamo temere di lasciarci giudicare dalla Parola di Dio. Penso che una delle frasi pi\u00f9 rivoluzionarie, capace di smuovere interiormente e concretamente una persona sia: <em>ti amo, ti voglio bene<\/em>.<\/p>\n\n\n<div class=\"wp-block-image\">\n<figure class=\"alignright size-full is-resized\"><a href=\"https:\/\/comunitapastoralecassina.org\/ver2\/wp-content\/uploads\/fratello.png\"><img loading=\"lazy\" decoding=\"async\" src=\"https:\/\/comunitapastoralecassina.org\/ver2\/wp-content\/uploads\/fratello.png\" alt=\"\" class=\"wp-image-19892\" width=\"281\" height=\"151\" srcset=\"https:\/\/comunitapastoralecassina.org\/ver2\/wp-content\/uploads\/fratello.png 392w, https:\/\/comunitapastoralecassina.org\/ver2\/wp-content\/uploads\/fratello-300x161.png 300w\" sizes=\"auto, (max-width: 281px) 100vw, 281px\" \/><\/a><\/figure><\/div>\n\n\n<p>Leggo sempre cos\u00ec la Parola di Dio, come una parola d&#8217;amore di Dio per me e per l&#8217;umanit\u00e0 intera.<\/p>\n\n\n\n<p>Non fraintendiamo queste parole come una religiosit\u00e0 sdolcinata o buonista, anzi la Parola di Dio ci propone parole\/domande che soprattutto provocano la coscienza di tutti e spingono a riflettere e a cambiare concretamente certi atteggiamenti.<\/p>\n\n\n\n<p>Come ci ricord\u00f2 papa Francesco a Lampedusa nel 2013:&nbsp; <em>&#8220;<strong>Adamo, dove sei?<\/strong>&#8220;: \u00e8 la prima domanda che Dio rivolge all\u2019uomo dopo il peccato. E Adamo \u00e8 un uomo disorientato che ha perso il suo posto nella creazione perch\u00e9 crede di diventare potente, di poter dominare tutto, di essere Dio. E l\u2019armonia si rompe, l\u2019uomo sbaglia e questo si ripete anche nella relazione con l\u2019altro che non \u00e8 pi\u00f9 il fratello da amare, ma semplicemente l\u2019altro che disturba la mia vita, il mio benessere.<\/em><\/p>\n\n\n\n<p><em>E Dio pone la seconda domanda: &#8220;<strong>Caino, dov\u2019\u00e8 tuo fratello?<\/strong>&#8220;<\/em>.&nbsp; Pensare la propria vita libera da ogni legame con altre persone, preoccuparsi solo del proprio bene senza dover rendere conto ad altri delle proprie scelte: questa potrebbe essere stata la scelta di Caino, ma \u00e8 soprattutto oggi la scelta di molti che, pur di raggiungere le proprie mete di benessere, si rifugiano nell&#8217;egoismo e sono alla ricerca della libert\u00e0 senza doveri nei confronti di altri.<\/p>\n\n\n\n<p>Enzo Bianchi afferma<em>: \u201c\u00c8 una consapevolezza, quella dell\u2019intima connessione tra ciascuno di noi e gli altri, che va ridestata con lucidit\u00e0 in questa nostra epoca in cui si pu\u00f2 ipotizzare la \u2018morte del prossimo\u2019, la scomparsa di colui che, letteralmente, \u00e8 \u2018pi\u00f9 vicino\u2019. Se infatti veniamo quotidianamente sollecitati a una generica solidariet\u00e0 con chi \u00e8 lontano, siamo allo stesso tempo spinti a non vedere chi ci \u00e8 accanto e attende, prima ancora che un gesto di comunione, il semplice riconoscimento della propria esistenza&#8221;.<\/em><\/p>\n\n\n\n<p>Il Signore si pone in mezzo al nostro cammino, innalza davanti a noi la croce di Ges\u00f9 Cristo quale giudizio e ci chiede: dove \u00e8 tuo fratello? Dove sei tu in mezzo a questo mondo di nemici? Puoi ritrovare la vita solo nell\u2019essere tu fratello di altri!<\/p>\n\n\n\n<p class=\"has-text-align-right\"><strong>Don Luigi<\/strong><\/p>\n","protected":false},"excerpt":{"rendered":"<p>Carissimo popolo di Dio che vive a Cassina de\u2019 Pecchi, per riscoprire l&#8217;importanza della comunione fraterna non dobbiamo temere di lasciarci giudicare dalla Parola di Dio. Penso che una delle frasi pi\u00f9 rivoluzionarie, capace di smuovere interiormente e concretamente una persona sia: ti amo, ti voglio bene. Leggo sempre cos\u00ec la Parola di Dio, come [&hellip;]<\/p>\n","protected":false},"author":2,"featured_media":19893,"comment_status":"closed","ping_status":"open","sticky":false,"template":"","format":"standard","meta":{"footnotes":""},"categories":[19],"tags":[],"class_list":{"0":"post-19891","1":"post","2":"type-post","3":"status-publish","4":"format-standard","5":"has-post-thumbnail","7":"category-prima-pagina"},"_links":{"self":[{"href":"https:\/\/comunitapastoralecassina.org\/ver2\/wp-json\/wp\/v2\/posts\/19891","targetHints":{"allow":["GET"]}}],"collection":[{"href":"https:\/\/comunitapastoralecassina.org\/ver2\/wp-json\/wp\/v2\/posts"}],"about":[{"href":"https:\/\/comunitapastoralecassina.org\/ver2\/wp-json\/wp\/v2\/types\/post"}],"author":[{"embeddable":true,"href":"https:\/\/comunitapastoralecassina.org\/ver2\/wp-json\/wp\/v2\/users\/2"}],"replies":[{"embeddable":true,"href":"https:\/\/comunitapastoralecassina.org\/ver2\/wp-json\/wp\/v2\/comments?post=19891"}],"version-history":[{"count":1,"href":"https:\/\/comunitapastoralecassina.org\/ver2\/wp-json\/wp\/v2\/posts\/19891\/revisions"}],"predecessor-version":[{"id":19894,"href":"https:\/\/comunitapastoralecassina.org\/ver2\/wp-json\/wp\/v2\/posts\/19891\/revisions\/19894"}],"wp:featuredmedia":[{"embeddable":true,"href":"https:\/\/comunitapastoralecassina.org\/ver2\/wp-json\/wp\/v2\/media\/19893"}],"wp:attachment":[{"href":"https:\/\/comunitapastoralecassina.org\/ver2\/wp-json\/wp\/v2\/media?parent=19891"}],"wp:term":[{"taxonomy":"category","embeddable":true,"href":"https:\/\/comunitapastoralecassina.org\/ver2\/wp-json\/wp\/v2\/categories?post=19891"},{"taxonomy":"post_tag","embeddable":true,"href":"https:\/\/comunitapastoralecassina.org\/ver2\/wp-json\/wp\/v2\/tags?post=19891"}],"curies":[{"name":"wp","href":"https:\/\/api.w.org\/{rel}","templated":true}]}}