{"id":19914,"date":"2025-02-21T12:03:42","date_gmt":"2025-02-21T11:03:42","guid":{"rendered":"https:\/\/comunitapastoralecassina.org\/ver2\/?p=19914"},"modified":"2025-02-21T12:03:43","modified_gmt":"2025-02-21T11:03:43","slug":"la-liturgia-della-vita","status":"publish","type":"post","link":"https:\/\/comunitapastoralecassina.org\/ver2\/2025\/02\/la-liturgia-della-vita\/","title":{"rendered":"<strong>La liturgia della vita<\/strong>"},"content":{"rendered":"\n<p><strong>Carissimo popolo di Dio che vive a Cassina de\u2019 Pecchi,<\/strong><\/p>\n\n\n<div class=\"wp-block-image\">\n<figure class=\"alignright size-full is-resized\"><a href=\"https:\/\/comunitapastoralecassina.org\/ver2\/wp-content\/uploads\/emmaus-3.png\"><img loading=\"lazy\" decoding=\"async\" src=\"https:\/\/comunitapastoralecassina.org\/ver2\/wp-content\/uploads\/emmaus-3.png\" alt=\"\" class=\"wp-image-19915\" width=\"219\" height=\"270\"\/><\/a><\/figure><\/div>\n\n\n<p>ci ricorda papa Francesco nell&#8217;enciclica &#8220;Laudato s\u00ec&#8221; al n\u00b0 147 che <em>&#8220;Gli ambienti in cui viviamo influiscono sul nostro modo di vedere la vita, di sentire e di agire&#8221;<\/em>.<\/p>\n\n\n\n<p>Quando si ha poco, si scopre l&#8217;importanza e la bellezza <em>&#8220;della qualit\u00e0 della vita delle persone, la loro armonia con l&#8217;ambiente, l&#8217;incontro e l&#8217;aiuto reciproco&#8221;.<\/em> Quando si ha tutto si rischia l&#8217;asfissia, la chiusura egoistica e la paura dell&#8217;altro come usurpatore delle mie cose. L&#8217;esperienza me lo ha insegnato, ho toccato con mano l&#8217;umanit\u00e0 e la vicinanza delle persone soprattutto da amici che non avevano nulla, immigrati clandestini, abituati a dormire in case abbandonate, in mezzo ai topi, o nelle stazioni o in rifugi di fortuna piuttosto che da persone che avevano tutto ed erano praticanti devoti.<\/p>\n\n\n\n<p>\u201c<em>\u00c8 encomiabile l&#8217;ecologia umana che riescono a sviluppare i poveri in mezzo a tante limitazioni&#8221;.<\/em>&nbsp; Questa semplice considerazione dell&#8217;esperienza umana che miliardi di persone stanno vivendo nella precariet\u00e0 della loro vita ci fa dire con forza che <em>&#8220;l&#8217;amore \u00e8 pi\u00f9 forte. Tante persone, in queste condizioni, sono capaci di tessere legami di appartenenza e di convivenza che trasformano l&#8217;affollamento in un&#8217;esperienza&nbsp; comunitaria in cui si infrangono le pareti dell&#8217;io e si superano le barriere dell&#8217;egoismo&#8221;.<\/em><\/p>\n\n\n\n<p>Scriveva nel 1953 Maurice Zundel<em>: &#8220;Per questo nostro Signore, volendo inculcarci la dignit\u00e0 infinita della nostra vita, l&#8217;ha vissuta trent&#8217;anni nel lavoro manuale, in un lavoro, cio\u00e8, che apparentemente non ha niente di religioso, il lavoro pi\u00f9 comune; per questo ha riunito nell&#8217;eucaristia il pane e il vino. Non \u00e8 necessario altro per entrare in rapporto con Dio. Il lavoro, il riposo, i rapporti quotidiani degli uomini tra loro, questa \u00e8 la religione, purch\u00e9 ogni atto sia rivestito di quella presenza divina e la comunichi&#8221;.<\/em> E Alessandro Pronzato, commentando questo testo di Zundel, dir\u00e0<em>: &#8220;Se \u00e8 davvero cos\u00ec, allora bisogna prendere atto che troppi cosiddetti &#8220;praticanti&#8221;, in realt\u00e0 lo sono ben poco, perch\u00e9 si limitano a frequentare le funzioni in chiesa, ma non sono capaci di celebrare <strong>la liturgia della vita<\/strong>&#8220;. <\/em>Purtroppo, la Chiesa per troppo tempo \u00e8 rimasta chiusa in un ghetto, isolata dal mondo circostante, e sappiamo tutti che non aprire porte e finestre porta la muffa e l&#8217;umidit\u00e0. Perdendo il contatto con la vita reale si perde anche il linguaggio con cui relazionarsi con i propri contemporanei.&nbsp;&nbsp;&nbsp;&nbsp;&nbsp;&nbsp;&nbsp;&nbsp;&nbsp;&nbsp;&nbsp;&nbsp;&nbsp;&nbsp;&nbsp;&nbsp;&nbsp;&nbsp;&nbsp;&nbsp;&nbsp;&nbsp;&nbsp;&nbsp;&nbsp;&nbsp;&nbsp;&nbsp;&nbsp;&nbsp;&nbsp;&nbsp;&nbsp;&nbsp;&nbsp;&nbsp;&nbsp;&nbsp;&nbsp;&nbsp;&nbsp;&nbsp;&nbsp;<\/p>\n\n\n\n<p>Il domenicano Jean-Ren\u00e9 Bouchet metteva in guardia contro la mentalit\u00e0 dell&#8217;assedio propria del mondo cattolico e diceva: <em>&#8220;Non fatevi una mentalit\u00e0 da assediati. Non si risponde a queste sfide dall&#8217;alto di una muraglia. La nostra avventura \u00e8 la strada. E da Abramo e Emmaus sappiamo che la strada \u00e8 uno dei luoghi dove ci sono pi\u00f9 possibilit\u00e0 di incontrare il Dio vivente&#8221;.<\/em>&nbsp;&nbsp;&nbsp;&nbsp;&nbsp;&nbsp;&nbsp;&nbsp;&nbsp;&nbsp;&nbsp;&nbsp;&nbsp;&nbsp;&nbsp;&nbsp;&nbsp;&nbsp;&nbsp;&nbsp;&nbsp;&nbsp;&nbsp;&nbsp;&nbsp;&nbsp;&nbsp;&nbsp;&nbsp;&nbsp;&nbsp;&nbsp;&nbsp;&nbsp;&nbsp;&nbsp;&nbsp;&nbsp;&nbsp;&nbsp;<\/p>\n\n\n\n<p>Proprio il contrario di quel porporato che confidava a don Alessandro Pronzato di essersi fatto installare la cyclette in una stanza del suo palazzo. Cos\u00ec molti vescovi e preti perdono il contatto con la gente, non scendono mai per le strade ad incontrare uomini concreti, alle prese con i problemi di tutti i giorni. Pronzato pensa che il frequentare la strada al posto della cyclette mantenga in ottima forma pastorale.&nbsp;&nbsp;&nbsp;&nbsp;&nbsp;&nbsp;&nbsp;&nbsp;&nbsp;&nbsp;&nbsp;&nbsp;&nbsp;&nbsp;&nbsp;&nbsp;&nbsp;&nbsp;&nbsp;&nbsp;&nbsp;&nbsp;&nbsp;&nbsp;&nbsp;&nbsp;&nbsp;&nbsp;&nbsp;&nbsp;&nbsp;&nbsp;&nbsp;&nbsp;&nbsp;&nbsp;&nbsp;&nbsp;&nbsp;&nbsp;&nbsp;&nbsp;&nbsp;&nbsp;&nbsp;&nbsp;&nbsp;&nbsp;&nbsp;&nbsp;&nbsp;&nbsp;&nbsp;&nbsp;&nbsp;&nbsp;&nbsp;&nbsp;&nbsp;&nbsp;&nbsp;&nbsp;&nbsp;&nbsp;&nbsp;&nbsp;&nbsp;&nbsp;&nbsp;&nbsp;&nbsp;&nbsp;&nbsp;&nbsp;&nbsp;&nbsp;&nbsp;&nbsp;&nbsp;&nbsp;&nbsp;&nbsp;&nbsp;&nbsp;&nbsp;&nbsp;&nbsp;&nbsp;&nbsp;&nbsp; &nbsp;&nbsp;&nbsp;&nbsp;&nbsp;&nbsp;&nbsp;&nbsp;&nbsp;&nbsp;&nbsp;&nbsp;&nbsp;&nbsp;&nbsp;&nbsp;&nbsp;&nbsp;&nbsp;&nbsp;&nbsp;&nbsp;&nbsp;&nbsp;&nbsp;&nbsp;&nbsp;&nbsp;&nbsp;&nbsp;&nbsp;&nbsp;&nbsp;&nbsp;&nbsp;&nbsp;&nbsp;&nbsp;&nbsp;&nbsp;&nbsp;&nbsp;&nbsp;&nbsp;&nbsp;&nbsp;&nbsp;&nbsp;&nbsp;&nbsp;&nbsp;&nbsp;&nbsp;<\/p>\n\n\n\n<p class=\"has-text-align-right\"><strong>Don Luigi<\/strong><\/p>\n","protected":false},"excerpt":{"rendered":"<p>Carissimo popolo di Dio che vive a Cassina de\u2019 Pecchi, ci ricorda papa Francesco nell&#8217;enciclica &#8220;Laudato s\u00ec&#8221; al n\u00b0 147 che &#8220;Gli ambienti in cui viviamo influiscono sul nostro modo di vedere la vita, di sentire e di agire&#8221;. Quando si ha poco, si scopre l&#8217;importanza e la bellezza &#8220;della qualit\u00e0 della vita delle persone, [&hellip;]<\/p>\n","protected":false},"author":2,"featured_media":0,"comment_status":"closed","ping_status":"open","sticky":false,"template":"","format":"standard","meta":{"footnotes":""},"categories":[19],"tags":[],"class_list":{"0":"post-19914","1":"post","2":"type-post","3":"status-publish","4":"format-standard","6":"category-prima-pagina"},"_links":{"self":[{"href":"https:\/\/comunitapastoralecassina.org\/ver2\/wp-json\/wp\/v2\/posts\/19914","targetHints":{"allow":["GET"]}}],"collection":[{"href":"https:\/\/comunitapastoralecassina.org\/ver2\/wp-json\/wp\/v2\/posts"}],"about":[{"href":"https:\/\/comunitapastoralecassina.org\/ver2\/wp-json\/wp\/v2\/types\/post"}],"author":[{"embeddable":true,"href":"https:\/\/comunitapastoralecassina.org\/ver2\/wp-json\/wp\/v2\/users\/2"}],"replies":[{"embeddable":true,"href":"https:\/\/comunitapastoralecassina.org\/ver2\/wp-json\/wp\/v2\/comments?post=19914"}],"version-history":[{"count":1,"href":"https:\/\/comunitapastoralecassina.org\/ver2\/wp-json\/wp\/v2\/posts\/19914\/revisions"}],"predecessor-version":[{"id":19916,"href":"https:\/\/comunitapastoralecassina.org\/ver2\/wp-json\/wp\/v2\/posts\/19914\/revisions\/19916"}],"wp:attachment":[{"href":"https:\/\/comunitapastoralecassina.org\/ver2\/wp-json\/wp\/v2\/media?parent=19914"}],"wp:term":[{"taxonomy":"category","embeddable":true,"href":"https:\/\/comunitapastoralecassina.org\/ver2\/wp-json\/wp\/v2\/categories?post=19914"},{"taxonomy":"post_tag","embeddable":true,"href":"https:\/\/comunitapastoralecassina.org\/ver2\/wp-json\/wp\/v2\/tags?post=19914"}],"curies":[{"name":"wp","href":"https:\/\/api.w.org\/{rel}","templated":true}]}}