{"id":19951,"date":"2025-04-08T17:00:05","date_gmt":"2025-04-08T15:00:05","guid":{"rendered":"https:\/\/comunitapastoralecassina.org\/ver2\/?p=19951"},"modified":"2025-04-09T11:27:24","modified_gmt":"2025-04-09T09:27:24","slug":"quaresima-2025-la-speranza-non-delude","status":"publish","type":"post","link":"https:\/\/comunitapastoralecassina.org\/ver2\/2025\/04\/quaresima-2025-la-speranza-non-delude\/","title":{"rendered":"Quaresima 2025: la Speranza non delude &#8211; Tutti gli appuntamenti"},"content":{"rendered":"\n<p>L\u2019inizio della Quaresima \u00e8 <strong>domenica 9 marzo<\/strong><\/p>\n\n\n\n<figure class=\"wp-block-image size-large is-resized\"><a href=\"https:\/\/comunitapastoralecassina.org\/ver2\/wp-content\/uploads\/Proposte-Quaresima-2025.jpg\"><img loading=\"lazy\" decoding=\"async\" src=\"https:\/\/comunitapastoralecassina.org\/ver2\/wp-content\/uploads\/Proposte-Quaresima-2025-724x1024.jpg\" alt=\"\" class=\"wp-image-19980\" width=\"225\" height=\"304\"\/><\/a><\/figure>\n\n\n\n<p><strong>MARTEDI\u2019<\/strong><\/p>\n\n\n\n<ul class=\"wp-block-list\">\n<li>S. Messa per studenti e lavoratori ore 6.30 in SMA<\/li>\n<\/ul>\n\n\n\n<p><strong>MERCOLEDI\u2019<\/strong><\/p>\n\n\n\n<ul class=\"wp-block-list\">\n<li>Adorazione eucaristica ore 19.00 &#8211; 21.00 in SDS<\/li>\n<\/ul>\n\n\n\n<p><strong>VENERDI\u2019<\/strong><\/p>\n\n\n\n<p>Negli orari delle SS. Messe ci sar\u00e0 la Via Crucis<\/p>\n\n\n\n<div data-wp-interactive=\"core\/file\" class=\"wp-block-file alignright\"><object data-wp-bind--hidden=\"!state.hasPdfPreview\" hidden class=\"wp-block-file__embed\" data=\"https:\/\/comunitapastoralecassina.org\/ver2\/wp-content\/uploads\/quaresimali.pdf\" type=\"application\/pdf\" style=\"width:100%;height:440px\" aria-label=\"Incorporamento di quaresimali.\"><\/object><a id=\"wp-block-file--media-c8cce1f2-2c73-451f-9fb8-b98dd737fdb4\" href=\"https:\/\/comunitapastoralecassina.org\/ver2\/wp-content\/uploads\/quaresimali.pdf\">quaresimali<\/a><a href=\"https:\/\/comunitapastoralecassina.org\/ver2\/wp-content\/uploads\/quaresimali.pdf\" class=\"wp-block-file__button wp-element-button\" download aria-describedby=\"wp-block-file--media-c8cce1f2-2c73-451f-9fb8-b98dd737fdb4\"><strong>Download<\/strong><\/a><\/div>\n\n\n\n<ul class=\"wp-block-list\">\n<li>14 marzo ore 21 Quaresimale in SDS con don Sergio Massironi \u2013 \u201cLa speranza nelle periferie del mondo\u201d<\/li>\n\n\n\n<li>21 marzo ore 21 Quaresimale in SDS con Alessio Tavecchio &#8211; &#8220;Dalla caduta&nbsp; alla rinascita luminosa&#8221;<\/li>\n\n\n\n<li>28 marzo ore 21 Nuovo spettacolo del gruppo teatrale \u201cIn cammino\u201d \u2013 \u201cX Amore musical\u201d &#8211;&nbsp;<\/li>\n<\/ul>\n\n\n\n<p>al Teatro Agor\u00e0 di Cernusco:<\/p>\n\n\n\n<ul class=\"wp-block-list\">\n<li>4 aprile ore 21 Quaresimale in SDS con Salvatore Attanasio &#8211; &#8220;Storia di un ambasciatore di pace&#8221;<\/li>\n\n\n\n<li>11 aprile ore 20.45 Via Crucis con l\u2019arcivescovo Mario a Limbiate<\/li>\n<\/ul>\n\n\n\n<p><strong>ESERCIZI SPIRITUALI<\/strong><\/p>\n\n\n\n<div data-wp-interactive=\"core\/file\" class=\"wp-block-file\"><object data-wp-bind--hidden=\"!state.hasPdfPreview\" hidden class=\"wp-block-file__embed\" data=\"https:\/\/comunitapastoralecassina.org\/ver2\/wp-content\/uploads\/Esercizi-spirituali-quaresima-2025.pdf\" type=\"application\/pdf\" style=\"width:100%;height:390px\" aria-label=\"Incorporamento di Esercizi-spirituali-quaresima-2025.\"><\/object><a id=\"wp-block-file--media-26f96c88-07de-4a96-b52f-34ac8d35827e\" href=\"https:\/\/comunitapastoralecassina.org\/ver2\/wp-content\/uploads\/Esercizi-spirituali-quaresima-2025.pdf\">Esercizi-spirituali-quaresima-2025<\/a><a href=\"https:\/\/comunitapastoralecassina.org\/ver2\/wp-content\/uploads\/Esercizi-spirituali-quaresima-2025.pdf\" class=\"wp-block-file__button wp-element-button\" download aria-describedby=\"wp-block-file--media-26f96c88-07de-4a96-b52f-34ac8d35827e\"><strong>Download<\/strong><\/a><\/div>\n\n\n\n<ul class=\"wp-block-list\">\n<li>Luned\u00ec 17, marted\u00ec 18 e mercoled\u00ec 19 marzo ore 21 in SMA: <strong>\u201cTre donne e il Signore\u201d <\/strong>predica don Sergio Stevan<\/li>\n<\/ul>\n","protected":false},"excerpt":{"rendered":"<p>L\u2019inizio della Quaresima \u00e8 domenica 9 marzo MARTEDI\u2019 MERCOLEDI\u2019 VENERDI\u2019 Negli orari delle SS. Messe ci sar\u00e0 la Via Crucis al Teatro Agor\u00e0 di Cernusco: ESERCIZI SPIRITUALI<\/p>\n","protected":false},"author":2,"featured_media":19954,"comment_status":"closed","ping_status":"open","sticky":false,"template":"","format":"standard","meta":{"footnotes":""},"categories":[23],"tags":[],"class_list":{"0":"post-19951","1":"post","2":"type-post","3":"status-publish","4":"format-standard","5":"has-post-thumbnail","7":"category-avvisi"},"_links":{"self":[{"href":"https:\/\/comunitapastoralecassina.org\/ver2\/wp-json\/wp\/v2\/posts\/19951","targetHints":{"allow":["GET"]}}],"collection":[{"href":"https:\/\/comunitapastoralecassina.org\/ver2\/wp-json\/wp\/v2\/posts"}],"about":[{"href":"https:\/\/comunitapastoralecassina.org\/ver2\/wp-json\/wp\/v2\/types\/post"}],"author":[{"embeddable":true,"href":"https:\/\/comunitapastoralecassina.org\/ver2\/wp-json\/wp\/v2\/users\/2"}],"replies":[{"embeddable":true,"href":"https:\/\/comunitapastoralecassina.org\/ver2\/wp-json\/wp\/v2\/comments?post=19951"}],"version-history":[{"count":7,"href":"https:\/\/comunitapastoralecassina.org\/ver2\/wp-json\/wp\/v2\/posts\/19951\/revisions"}],"predecessor-version":[{"id":19982,"href":"https:\/\/comunitapastoralecassina.org\/ver2\/wp-json\/wp\/v2\/posts\/19951\/revisions\/19982"}],"wp:featuredmedia":[{"embeddable":true,"href":"https:\/\/comunitapastoralecassina.org\/ver2\/wp-json\/wp\/v2\/media\/19954"}],"wp:attachment":[{"href":"https:\/\/comunitapastoralecassina.org\/ver2\/wp-json\/wp\/v2\/media?parent=19951"}],"wp:term":[{"taxonomy":"category","embeddable":true,"href":"https:\/\/comunitapastoralecassina.org\/ver2\/wp-json\/wp\/v2\/categories?post=19951"},{"taxonomy":"post_tag","embeddable":true,"href":"https:\/\/comunitapastoralecassina.org\/ver2\/wp-json\/wp\/v2\/tags?post=19951"}],"curies":[{"name":"wp","href":"https:\/\/api.w.org\/{rel}","templated":true}]}}