{"id":20004,"date":"2025-03-14T09:27:30","date_gmt":"2025-03-14T08:27:30","guid":{"rendered":"https:\/\/comunitapastoralecassina.org\/ver2\/?p=20004"},"modified":"2025-03-14T09:27:31","modified_gmt":"2025-03-14T08:27:31","slug":"sete-di-giustizia","status":"publish","type":"post","link":"https:\/\/comunitapastoralecassina.org\/ver2\/2025\/03\/sete-di-giustizia\/","title":{"rendered":"<strong>Sete di giustizia<\/strong>"},"content":{"rendered":"\n<p><strong>Carissimo popolo di Dio che vive a Cassina de\u2019 Pecchi,<\/strong> &nbsp;<\/p>\n\n\n<div class=\"wp-block-image\">\n<figure class=\"alignright size-full is-resized\"><a href=\"https:\/\/comunitapastoralecassina.org\/ver2\/wp-content\/uploads\/prossimo.png\"><img loading=\"lazy\" decoding=\"async\" src=\"https:\/\/comunitapastoralecassina.org\/ver2\/wp-content\/uploads\/prossimo.png\" alt=\"\" class=\"wp-image-20005\" width=\"299\" height=\"136\"\/><\/a><\/figure><\/div>\n\n\n<p>ci ricorda papa Francesco nell&#8217;enciclica &#8220;Laudato s\u00ec&#8221; al n\u00b0 160 <em>&#8220;Che tipo di mondo desideriamo trasmettere a coloro che verranno dopo di noi, ai bambini che stanno crescendo?&#8221;<\/em><\/p>\n\n\n\n<p>Da tante parti del mondo si alza il <strong>grido della giustizia<\/strong>, si cerca dignit\u00e0 per ogni essere umano, nel 1937 il teologo protestante Dietrich Bonhoeffer scriveva: &#8220;Sono tempi malvagi, quelli in cui il mondo tace l&#8217;ingiustizia, quelli in cui l&#8217;oppressione dei poveri e dei miseri provoca un forte grido rivolto al cielo che lascia indifferenti i giudici e i potenti; quando le comunit\u00e0 perseguitate e sofferenti chiedono aiuto al cielo e giustizia agli uomini e sulla terra non si leva nessuna voce per difendere i loro diritti. Sono figli di Dio quelli che subiscono questi soprusi, non dobbiamo dimenticarlo: sono uomini come voi, sentono dolore come voi, subiscono la violenza che proviene da voi; hanno gioie e speranze come voi, provano onore e vergogna come voi; sono peccatori come voi e come voi hanno bisogno della misericordia del Signore; sono vostri fratelli! Sono muti? No, non lo sono, possiamo sentire ovunque le loro voci, ma le loro parole sono spietate, parziali. Non puntano alla giustizia, ma alla considerazione della persona&#8221;.<\/p>\n\n\n\n<p>Questo grido \u00e8 rivolto al cielo perch\u00e9 Dio ama la giustizia pi\u00f9 di ogni altra virt\u00f9 come ci ricordava il cardinal Martini:&#8221;Secondo la Bibbia, la giustizia \u00e8 pi\u00f9 del diritto e della carit\u00e0: \u00e8 l&#8217;attributo fondamentale di Dio. Giustizia significa impegnarsi per chi \u00e8 indifeso e salvare vite, lottare contro l&#8217;ingiustizia. Significa un impegno attivo e audace perch\u00e9 tutti possano convivere in pace. La giustizia deve vegliare affinch\u00e9, cos\u00ec com&#8217;\u00e8 formulato nelle leggi, consenta a tutti gli uomini un&#8217;esistenza dignitosa. Ges\u00f9 ha dato la sua vita per la giustizia [&#8230;] \u00e8 ripugnante parlare di Dio e non essere fedeli alla sua caratteristica principale, la giustizia&#8221;.<\/p>\n\n\n\n<p>E ancora papa Francesco nel libro intervista di Andrea Tornielli, \u201cIl nome di Dio \u00e8 Misericordia\u201d ci testimonia vie concrete per realizzare nel quotidiano la giustizia: &#8220;Ho usato una croce pastorale di legno d&#8217;ulivo realizzata da un laboratorio di falegnameria che fa parte di un progetto d&#8217;inserimento di detenuti ed ex tossicodipendenti. So di alcune iniziative positive di lavoro all&#8217;interno delle carceri. La misericordia divina contagia l&#8217;umanit\u00e0. Ges\u00f9 era Dio ma era anche uomo, e nella sua persona troviamo anche la misericordia umana. Con la misericordia la giustizia \u00e8 pi\u00f9 giusta, realizza davvero s\u00e9 stessa. Questo non significa essere di manica larga, nel senso di spalancare le porte delle carceri a chi si \u00e8 macchiato di reati gravi. Significa che dobbiamo aiutare a non rimanere a terra coloro che sono caduti. \u00c8 difficile metterlo in pratica, perch\u00e9 a volte preferiamo rinchiudere qualcuno in un carcere per tutta la vita, piuttosto che cercare di recuperarlo, aiutandolo a reinserirsi nella societ\u00e0. Dio perdona tutto, offre una nuova possibilit\u00e0 a tutti, effonde la sua misericordia su tutti coloro che la chiedono. Siamo noi a non saper perdonare&#8221;.<\/p>\n\n\n\n<p class=\"has-text-align-right\"><strong><em>don Luigi<\/em><\/strong><\/p>\n","protected":false},"excerpt":{"rendered":"<p>Carissimo popolo di Dio che vive a Cassina de\u2019 Pecchi, &nbsp; ci ricorda papa Francesco nell&#8217;enciclica &#8220;Laudato s\u00ec&#8221; al n\u00b0 160 &#8220;Che tipo di mondo desideriamo trasmettere a coloro che verranno dopo di noi, ai bambini che stanno crescendo?&#8221; Da tante parti del mondo si alza il grido della giustizia, si cerca dignit\u00e0 per ogni [&hellip;]<\/p>\n","protected":false},"author":2,"featured_media":0,"comment_status":"closed","ping_status":"open","sticky":false,"template":"","format":"standard","meta":{"footnotes":""},"categories":[19],"tags":[],"class_list":{"0":"post-20004","1":"post","2":"type-post","3":"status-publish","4":"format-standard","6":"category-prima-pagina"},"_links":{"self":[{"href":"https:\/\/comunitapastoralecassina.org\/ver2\/wp-json\/wp\/v2\/posts\/20004","targetHints":{"allow":["GET"]}}],"collection":[{"href":"https:\/\/comunitapastoralecassina.org\/ver2\/wp-json\/wp\/v2\/posts"}],"about":[{"href":"https:\/\/comunitapastoralecassina.org\/ver2\/wp-json\/wp\/v2\/types\/post"}],"author":[{"embeddable":true,"href":"https:\/\/comunitapastoralecassina.org\/ver2\/wp-json\/wp\/v2\/users\/2"}],"replies":[{"embeddable":true,"href":"https:\/\/comunitapastoralecassina.org\/ver2\/wp-json\/wp\/v2\/comments?post=20004"}],"version-history":[{"count":1,"href":"https:\/\/comunitapastoralecassina.org\/ver2\/wp-json\/wp\/v2\/posts\/20004\/revisions"}],"predecessor-version":[{"id":20006,"href":"https:\/\/comunitapastoralecassina.org\/ver2\/wp-json\/wp\/v2\/posts\/20004\/revisions\/20006"}],"wp:attachment":[{"href":"https:\/\/comunitapastoralecassina.org\/ver2\/wp-json\/wp\/v2\/media?parent=20004"}],"wp:term":[{"taxonomy":"category","embeddable":true,"href":"https:\/\/comunitapastoralecassina.org\/ver2\/wp-json\/wp\/v2\/categories?post=20004"},{"taxonomy":"post_tag","embeddable":true,"href":"https:\/\/comunitapastoralecassina.org\/ver2\/wp-json\/wp\/v2\/tags?post=20004"}],"curies":[{"name":"wp","href":"https:\/\/api.w.org\/{rel}","templated":true}]}}