{"id":20083,"date":"2025-04-25T15:23:11","date_gmt":"2025-04-25T13:23:11","guid":{"rendered":"https:\/\/comunitapastoralecassina.org\/ver2\/?p=20083"},"modified":"2025-04-25T15:23:20","modified_gmt":"2025-04-25T13:23:20","slug":"papa-francesco-il-pastore-che-ha-cambiato-la-chiesa","status":"publish","type":"post","link":"https:\/\/comunitapastoralecassina.org\/ver2\/2025\/04\/papa-francesco-il-pastore-che-ha-cambiato-la-chiesa\/","title":{"rendered":"<strong>Papa Francesco, il pastore che ha cambiato la Chiesa<\/strong>"},"content":{"rendered":"\n<p><strong>Carissimo popolo di Dio che vive a Cassina de\u2019 Pecchi,<\/strong> &nbsp;<\/p>\n\n\n\n<p>luned\u00ec 21 aprile 2025 alle ore 7.35 <strong>papa Francesco \u00e8 ritornato alla casa del Padre<\/strong>. Il giorno della sua elezione al pontificato abbiamo da subito conosciuto la sua umanit\u00e0 con quell\u2019inaspettato: \u201cFratelli e sorelle, buona sera\u201d. Dal nome \u201cFrancesco\u201d gi\u00e0 si intravvedeva un percorso inedito e di cambiamento che avrebbe segnato per sempre la vita della chiesa. Gli innumerevoli gesti e fuori programma del suo stile di pastore ci hanno testimoniato tutta la sua passione per il vangelo di Ges\u00f9. Le sue esortazioni apostoliche, in modo particolare la prima &#8220;Evangelii gaudium&#8221;: Esortazione Apostolica sull&#8217;annuncio del Vangelo nel mondo attuale (24 novembre 2013), le sue 4 Encicliche e gli innumerevoli discorsi hanno condotto la Chiesa verso un graduale rinnovamento interiore e pastorale. Francesco si \u00e8 collocato con determinazione sul solco, segnato dal Concilio vaticano secondo, dell\u2019 \u201daggiornamento\u201d costante della Chiesa sotto l\u2019azione dello Spirito Santo. La sua voce, fuori dal coro, su temi autentici che riguardano la vita della gente rimarranno per sempre scolpiti nei nostri cuori: la dignit\u00e0 di ogni persona, la cura verso i poveri e gli emarginati, la fratellanza fra i popoli, il rispetto della natura, il disarmo e la pace. Riporto di seguito il suo testamento<\/p>\n\n\n\n<p><em>Testamento di papa Francesco<\/em><\/p>\n\n\n\n<p><em>Nel Nome della Santissima Trinit\u00e0. Amen.<\/em><\/p>\n\n\n\n<p><em>Sentendo che si avvicina il tramonto della mia vita terrena e con viva speranza nella Vita Eterna, desidero esprimere la mia volont\u00e0 testamentaria solamente per quanto riguarda il luogo della mia sepoltura.<\/em><\/p>\n\n\n\n<p><em>La mia vita e il ministero sacerdotale ed episcopale ho sempre affidato alla Madre del Nostro Signore, Maria Santissima. Perci\u00f2, chiedo che le mie spoglie mortali riposino aspettando il giorno della risurrezione nella Basilica Papale di Santa Maria Maggiore.<\/em><\/p>\n\n\n\n<p><em>Desidero che il mio ultimo viaggio terreno si concluda proprio in questo antichissimo santuario Mariano dove mi recavo per la preghiera all\u2019inizio e al termine di ogni Viaggio Apostolico ad affidare fiduciosamente le mie intenzioni alla Madre Immacolata e ringraziarLa per la docile e materna cura.<\/em><\/p>\n\n\n\n<p><em>Chiedo che la mia tomba sia preparata nel loculo della navata laterale tra la Cappella Paolina (Cappella della Salus Populi Romani) e la Cappella Sforza della suddetta Basilica Papale come indicato nell\u2019accluso allegato.<\/em><\/p>\n\n\n\n<p><em>Il sepolcro deve essere nella terra; semplice, senza particolare decoro e con l\u2019unica iscrizione: Franciscus.<\/em><\/p>\n\n\n\n<p><em>Le spese per la preparazione della mia sepoltura saranno coperte con la somma del benefattore che ho disposto, a trasferire alla Basilica Papale di Santa Maria Maggiore e di cui ho provveduto dare opportune istruzioni a Mons. Rolandas Makrickas, Commissario Straordinario del Capitolo Liberiano.<\/em><\/p>\n\n\n\n<p><em>Il Signore dia la meritata ricompensa a coloro che mi hanno voluto bene continueranno a pregare per me. La sofferenza che si \u00e8 fatta presente nell\u2019ultima parte della mia vita l\u2019ho offerta al Signore per la pace nel mondo e la fratellanza tra i popoli.<\/em><\/p>\n\n\n\n<p><em>Santa Marta, 29 giugno 2022<\/em><\/p>\n\n\n\n<p class=\"has-text-align-right\"><strong><em>don Luigi<\/em><\/strong><\/p>\n","protected":false},"excerpt":{"rendered":"<p>Carissimo popolo di Dio che vive a Cassina de\u2019 Pecchi, &nbsp; luned\u00ec 21 aprile 2025 alle ore 7.35 papa Francesco \u00e8 ritornato alla casa del Padre. Il giorno della sua elezione al pontificato abbiamo da subito conosciuto la sua umanit\u00e0 con quell\u2019inaspettato: \u201cFratelli e sorelle, buona sera\u201d. Dal nome \u201cFrancesco\u201d gi\u00e0 si intravvedeva un percorso [&hellip;]<\/p>\n","protected":false},"author":2,"featured_media":20084,"comment_status":"closed","ping_status":"open","sticky":false,"template":"","format":"standard","meta":{"footnotes":""},"categories":[19],"tags":[],"class_list":{"0":"post-20083","1":"post","2":"type-post","3":"status-publish","4":"format-standard","5":"has-post-thumbnail","7":"category-prima-pagina"},"_links":{"self":[{"href":"https:\/\/comunitapastoralecassina.org\/ver2\/wp-json\/wp\/v2\/posts\/20083","targetHints":{"allow":["GET"]}}],"collection":[{"href":"https:\/\/comunitapastoralecassina.org\/ver2\/wp-json\/wp\/v2\/posts"}],"about":[{"href":"https:\/\/comunitapastoralecassina.org\/ver2\/wp-json\/wp\/v2\/types\/post"}],"author":[{"embeddable":true,"href":"https:\/\/comunitapastoralecassina.org\/ver2\/wp-json\/wp\/v2\/users\/2"}],"replies":[{"embeddable":true,"href":"https:\/\/comunitapastoralecassina.org\/ver2\/wp-json\/wp\/v2\/comments?post=20083"}],"version-history":[{"count":2,"href":"https:\/\/comunitapastoralecassina.org\/ver2\/wp-json\/wp\/v2\/posts\/20083\/revisions"}],"predecessor-version":[{"id":20086,"href":"https:\/\/comunitapastoralecassina.org\/ver2\/wp-json\/wp\/v2\/posts\/20083\/revisions\/20086"}],"wp:featuredmedia":[{"embeddable":true,"href":"https:\/\/comunitapastoralecassina.org\/ver2\/wp-json\/wp\/v2\/media\/20084"}],"wp:attachment":[{"href":"https:\/\/comunitapastoralecassina.org\/ver2\/wp-json\/wp\/v2\/media?parent=20083"}],"wp:term":[{"taxonomy":"category","embeddable":true,"href":"https:\/\/comunitapastoralecassina.org\/ver2\/wp-json\/wp\/v2\/categories?post=20083"},{"taxonomy":"post_tag","embeddable":true,"href":"https:\/\/comunitapastoralecassina.org\/ver2\/wp-json\/wp\/v2\/tags?post=20083"}],"curies":[{"name":"wp","href":"https:\/\/api.w.org\/{rel}","templated":true}]}}