{"id":20239,"date":"2025-08-29T14:16:42","date_gmt":"2025-08-29T12:16:42","guid":{"rendered":"https:\/\/comunitapastoralecassina.org\/ver2\/?p=20239"},"modified":"2025-08-29T14:21:09","modified_gmt":"2025-08-29T12:21:09","slug":"avvisi-domenica-31-agosto-2025","status":"publish","type":"post","link":"https:\/\/comunitapastoralecassina.org\/ver2\/2025\/08\/avvisi-domenica-31-agosto-2025\/","title":{"rendered":"Avvisi domenica 31 agosto 2025"},"content":{"rendered":"\n<p>1. Da luned\u00ec 1 settembre, terminano gli orari estivi e riprendono gli orari delle S. Messe feriali e festive nelle tre chiese della comunit\u00e0 pastorale.<\/p>\n\n\n<div class=\"wp-block-image\">\n<figure class=\"alignright size-large is-resized\"><a href=\"https:\/\/comunitapastoralecassina.org\/ver2\/wp-content\/uploads\/Volantino-festa-nativita-2025.jpg\"><img loading=\"lazy\" decoding=\"async\" width=\"724\" height=\"1024\" src=\"https:\/\/comunitapastoralecassina.org\/ver2\/wp-content\/uploads\/Volantino-festa-nativita-2025-724x1024.jpg\" alt=\"\" class=\"wp-image-20241\" style=\"width:370px;height:auto\" srcset=\"https:\/\/comunitapastoralecassina.org\/ver2\/wp-content\/uploads\/Volantino-festa-nativita-2025-724x1024.jpg 724w, https:\/\/comunitapastoralecassina.org\/ver2\/wp-content\/uploads\/Volantino-festa-nativita-2025-212x300.jpg 212w, https:\/\/comunitapastoralecassina.org\/ver2\/wp-content\/uploads\/Volantino-festa-nativita-2025-768x1086.jpg 768w, https:\/\/comunitapastoralecassina.org\/ver2\/wp-content\/uploads\/Volantino-festa-nativita-2025-1086x1536.jpg 1086w, https:\/\/comunitapastoralecassina.org\/ver2\/wp-content\/uploads\/Volantino-festa-nativita-2025-297x420.jpg 297w, https:\/\/comunitapastoralecassina.org\/ver2\/wp-content\/uploads\/Volantino-festa-nativita-2025-696x985.jpg 696w, https:\/\/comunitapastoralecassina.org\/ver2\/wp-content\/uploads\/Volantino-festa-nativita-2025-1068x1511.jpg 1068w, https:\/\/comunitapastoralecassina.org\/ver2\/wp-content\/uploads\/Volantino-festa-nativita-2025.jpg 1240w\" sizes=\"auto, (max-width: 724px) 100vw, 724px\" \/><\/a><\/figure><\/div>\n\n\n<p>2. <strong>La canonizzazione del Beato Pier Giorgio Frassati e del Beato Carlo Acutis avverr\u00e0&nbsp;domenica 7 settembre 2025<\/strong>. La celebrazione, che proclamer\u00e0 i due beati come santi, sar\u00e0 presieduta da Papa Leone XIV in Piazza San Pietro a Roma. Ci affidiamo a questi nuovi santi per l\u2019avvio del nuovo anno pastorale, in particolare ricordiamo Pier Giorgio Frassati patrono dell\u2019oratorio di Camporicco.&nbsp;<\/p>\n\n\n\n<p>3. Sabato 13 e domenica 14 settembre ci sar\u00e0 la <strong>festa della Nativit\u00e0 di Maria Vergine a Camporicco.<\/strong> Nel contesto della festa saluteremo don Bangaly per il suo servizio e la sua presenza nella nostra comunit\u00e0 pastorale. Chi vuole contribuire per un regalo pu\u00f2 farlo consegnando in una busta un offerta ai sacerdoti o nelle sacrestie. Inoltre, ci sar\u00e0 un pranzo di saluto domenica 14 settembre alle ore 13 presso l\u2019oratorio SDS, chi desidera partecipare pu\u00f2 iscriversi nella segreteria dell\u2019oratorio a partire dal 2 settembre dalle 17 alle 18.<\/p>\n\n\n\n<p>4. Gioved\u00ec 4 settembre alle ore 15.00 fino alle 19 <strong>riprende l\u2019adorazione eucaristica mensile<\/strong> presso la chiesa dell\u2019oratorio SDS<\/p>\n\n\n\n<p>5. Venerd\u00ec 5 settembre alle ore 16 in Nativit\u00e0 <strong>S. Rosario di Pompei<\/strong><\/p>\n\n\n\n<p>6. Sabato 6 e domenica 7 settembre la caritas cittadina propone un <strong>mercatino solidale<\/strong> di capi in ottime condizione, il cui ricavato servir\u00e0 per finanziare microprogetti di aiuto concreto per alcune famiglie seguite dal nostro centro di ascolto.<\/p>\n\n\n\n<p>7. Vi comunichiamo che, a partire dal 1 settembre 2025, <strong>la raccolta di abiti usati sar\u00e0 sospesa.<\/strong> Questa decisione si rende necessaria a causa dei molti capi di abbigliamento negli armadi caritas e delle crescenti difficolt\u00e0 nella gestione e nello smaltimento dell\u2019esubero.<\/p>\n\n\n\n<p>8. In fondo alla chiesa \u00e8 possibile ritirare con un\u2019offerta la rivista diocesana <strong>\u201cIl Segno\u201d<\/strong>, dove troviamo un articolo di presentazione del nostro decanato in vista della visita pastorale di ottobre da parte dell\u2019arcivescovo Mario.<\/p>\n\n\n\n<figure class=\"wp-block-image size-large is-resized\"><a href=\"https:\/\/comunitapastoralecassina.org\/ver2\/wp-content\/uploads\/WhatsApp-Image-2025-08-29-at-11.20.34.jpeg\"><img loading=\"lazy\" decoding=\"async\" width=\"723\" height=\"1024\" src=\"https:\/\/comunitapastoralecassina.org\/ver2\/wp-content\/uploads\/WhatsApp-Image-2025-08-29-at-11.20.34-723x1024.jpeg\" alt=\"\" class=\"wp-image-20243\" style=\"width:353px;height:auto\" srcset=\"https:\/\/comunitapastoralecassina.org\/ver2\/wp-content\/uploads\/WhatsApp-Image-2025-08-29-at-11.20.34-723x1024.jpeg 723w, https:\/\/comunitapastoralecassina.org\/ver2\/wp-content\/uploads\/WhatsApp-Image-2025-08-29-at-11.20.34-212x300.jpeg 212w, https:\/\/comunitapastoralecassina.org\/ver2\/wp-content\/uploads\/WhatsApp-Image-2025-08-29-at-11.20.34-768x1087.jpeg 768w, https:\/\/comunitapastoralecassina.org\/ver2\/wp-content\/uploads\/WhatsApp-Image-2025-08-29-at-11.20.34-1085x1536.jpeg 1085w, https:\/\/comunitapastoralecassina.org\/ver2\/wp-content\/uploads\/WhatsApp-Image-2025-08-29-at-11.20.34-297x420.jpeg 297w, https:\/\/comunitapastoralecassina.org\/ver2\/wp-content\/uploads\/WhatsApp-Image-2025-08-29-at-11.20.34-696x985.jpeg 696w, https:\/\/comunitapastoralecassina.org\/ver2\/wp-content\/uploads\/WhatsApp-Image-2025-08-29-at-11.20.34-1068x1512.jpeg 1068w, https:\/\/comunitapastoralecassina.org\/ver2\/wp-content\/uploads\/WhatsApp-Image-2025-08-29-at-11.20.34.jpeg 1130w\" sizes=\"auto, (max-width: 723px) 100vw, 723px\" \/><\/a><\/figure>\n","protected":false},"excerpt":{"rendered":"<p>1. Da luned\u00ec 1 settembre, terminano gli orari estivi e riprendono gli orari delle S. Messe feriali e festive nelle tre chiese della comunit\u00e0 pastorale. 2. La canonizzazione del Beato Pier Giorgio Frassati e del Beato Carlo Acutis avverr\u00e0&nbsp;domenica 7 settembre 2025. La celebrazione, che proclamer\u00e0 i due beati come santi, sar\u00e0 presieduta da Papa [&hellip;]<\/p>\n","protected":false},"author":2,"featured_media":2007,"comment_status":"closed","ping_status":"open","sticky":false,"template":"","format":"standard","meta":{"footnotes":""},"categories":[23],"tags":[],"class_list":{"0":"post-20239","1":"post","2":"type-post","3":"status-publish","4":"format-standard","5":"has-post-thumbnail","7":"category-avvisi"},"_links":{"self":[{"href":"https:\/\/comunitapastoralecassina.org\/ver2\/wp-json\/wp\/v2\/posts\/20239","targetHints":{"allow":["GET"]}}],"collection":[{"href":"https:\/\/comunitapastoralecassina.org\/ver2\/wp-json\/wp\/v2\/posts"}],"about":[{"href":"https:\/\/comunitapastoralecassina.org\/ver2\/wp-json\/wp\/v2\/types\/post"}],"author":[{"embeddable":true,"href":"https:\/\/comunitapastoralecassina.org\/ver2\/wp-json\/wp\/v2\/users\/2"}],"replies":[{"embeddable":true,"href":"https:\/\/comunitapastoralecassina.org\/ver2\/wp-json\/wp\/v2\/comments?post=20239"}],"version-history":[{"count":2,"href":"https:\/\/comunitapastoralecassina.org\/ver2\/wp-json\/wp\/v2\/posts\/20239\/revisions"}],"predecessor-version":[{"id":20244,"href":"https:\/\/comunitapastoralecassina.org\/ver2\/wp-json\/wp\/v2\/posts\/20239\/revisions\/20244"}],"wp:featuredmedia":[{"embeddable":true,"href":"https:\/\/comunitapastoralecassina.org\/ver2\/wp-json\/wp\/v2\/media\/2007"}],"wp:attachment":[{"href":"https:\/\/comunitapastoralecassina.org\/ver2\/wp-json\/wp\/v2\/media?parent=20239"}],"wp:term":[{"taxonomy":"category","embeddable":true,"href":"https:\/\/comunitapastoralecassina.org\/ver2\/wp-json\/wp\/v2\/categories?post=20239"},{"taxonomy":"post_tag","embeddable":true,"href":"https:\/\/comunitapastoralecassina.org\/ver2\/wp-json\/wp\/v2\/tags?post=20239"}],"curies":[{"name":"wp","href":"https:\/\/api.w.org\/{rel}","templated":true}]}}