{"id":20394,"date":"2025-10-17T09:00:48","date_gmt":"2025-10-17T07:00:48","guid":{"rendered":"https:\/\/comunitapastoralecassina.org\/ver2\/?p=20394"},"modified":"2025-10-17T09:00:51","modified_gmt":"2025-10-17T07:00:51","slug":"veglia-missionaria-e-redditio-symboli-in-duomo","status":"publish","type":"post","link":"https:\/\/comunitapastoralecassina.org\/ver2\/2025\/10\/veglia-missionaria-e-redditio-symboli-in-duomo\/","title":{"rendered":"Veglia missionaria e redditio symboli in Duomo"},"content":{"rendered":"\n<p><strong>Sabato 25 ottobre, alle ore 20,45, <\/strong>il nostro Arcivescovo presieder\u00e0in Duomo la <strong>Veglia Missionaria e <\/strong>la<strong> Redditio Symboli.<\/strong><\/p>\n\n\n\n<p>La celebrazione, intitolata<strong> \u201cGente di primavera\u201d, <\/strong>unir\u00e0 in un\u2019unica prospettiva la consegna del crocifisso ai partenti, l\u2019accoglienza dei nuovi arrivati e la promessa dei giovani, sottolineando come i cristiani siano portatori di speranza e rinnovamento.<\/p>\n\n\n\n<p><strong>L\u2019Arcivescovo consegner\u00e0 il mandato missionario a presbiteri, religiosi\/e e laici che si sono messi a disposizione per l\u2019annuncio del Vangelo nelle Chiese sorelle sparse per il mondo.<\/strong><\/p>\n\n\n\n<p>Oltre alla consegna del crocifisso ai missionari partenti,&nbsp;<strong>durante la celebrazione verranno accolti i sacerdoti, tra i quali Don Pierre che sar\u00e0 nella nostra Comunit\u00e0 per i prossimi due anni, le consacrate ed i consacrati provenienti da varie parti del mondo<\/strong>&nbsp;per iniziare il loro servizio nella Diocesi di Milano.<\/p>\n\n\n\n<p><strong>Infine, i 18enni (ed i giovani che desiderano compiere questo gesto) consegneranno la loro Regola di vita nelle mani dell\u2019Arcivescovo e dei Vescovi ausiliari<\/strong>, segno della loro intenzione di continuare il cammino di sequela di Ges\u00f9 non solo all\u2019interno della comunit\u00e0 cristiana, ma pi\u00f9 in generale in tutti gli ambiti di vita quotidiana. La veglia \u00e8 aperta a tutti. Per chi volesse partecipare il ritrovo \u00e8 alle ore 19,30 alla stazione MM di Cassina.<\/p>\n","protected":false},"excerpt":{"rendered":"<p>Sabato 25 ottobre, alle ore 20,45, il nostro Arcivescovo presieder\u00e0in Duomo la Veglia Missionaria e la Redditio Symboli. La celebrazione, intitolata \u201cGente di primavera\u201d, unir\u00e0 in un\u2019unica prospettiva la consegna del crocifisso ai partenti, l\u2019accoglienza dei nuovi arrivati e la promessa dei giovani, sottolineando come i cristiani siano portatori di speranza e rinnovamento. L\u2019Arcivescovo consegner\u00e0 [&hellip;]<\/p>\n","protected":false},"author":2,"featured_media":20395,"comment_status":"closed","ping_status":"open","sticky":false,"template":"","format":"standard","meta":{"footnotes":""},"categories":[23],"tags":[],"class_list":{"0":"post-20394","1":"post","2":"type-post","3":"status-publish","4":"format-standard","5":"has-post-thumbnail","7":"category-avvisi"},"_links":{"self":[{"href":"https:\/\/comunitapastoralecassina.org\/ver2\/wp-json\/wp\/v2\/posts\/20394","targetHints":{"allow":["GET"]}}],"collection":[{"href":"https:\/\/comunitapastoralecassina.org\/ver2\/wp-json\/wp\/v2\/posts"}],"about":[{"href":"https:\/\/comunitapastoralecassina.org\/ver2\/wp-json\/wp\/v2\/types\/post"}],"author":[{"embeddable":true,"href":"https:\/\/comunitapastoralecassina.org\/ver2\/wp-json\/wp\/v2\/users\/2"}],"replies":[{"embeddable":true,"href":"https:\/\/comunitapastoralecassina.org\/ver2\/wp-json\/wp\/v2\/comments?post=20394"}],"version-history":[{"count":1,"href":"https:\/\/comunitapastoralecassina.org\/ver2\/wp-json\/wp\/v2\/posts\/20394\/revisions"}],"predecessor-version":[{"id":20396,"href":"https:\/\/comunitapastoralecassina.org\/ver2\/wp-json\/wp\/v2\/posts\/20394\/revisions\/20396"}],"wp:featuredmedia":[{"embeddable":true,"href":"https:\/\/comunitapastoralecassina.org\/ver2\/wp-json\/wp\/v2\/media\/20395"}],"wp:attachment":[{"href":"https:\/\/comunitapastoralecassina.org\/ver2\/wp-json\/wp\/v2\/media?parent=20394"}],"wp:term":[{"taxonomy":"category","embeddable":true,"href":"https:\/\/comunitapastoralecassina.org\/ver2\/wp-json\/wp\/v2\/categories?post=20394"},{"taxonomy":"post_tag","embeddable":true,"href":"https:\/\/comunitapastoralecassina.org\/ver2\/wp-json\/wp\/v2\/tags?post=20394"}],"curies":[{"name":"wp","href":"https:\/\/api.w.org\/{rel}","templated":true}]}}