{"id":20400,"date":"2025-10-24T10:43:25","date_gmt":"2025-10-24T08:43:25","guid":{"rendered":"https:\/\/comunitapastoralecassina.org\/ver2\/?p=20400"},"modified":"2025-10-24T10:43:27","modified_gmt":"2025-10-24T08:43:27","slug":"visita-pastorale-dellarcivescovo-mario","status":"publish","type":"post","link":"https:\/\/comunitapastoralecassina.org\/ver2\/2025\/10\/visita-pastorale-dellarcivescovo-mario\/","title":{"rendered":"Visita pastorale dell\u2019arcivescovo Mario"},"content":{"rendered":"\n<p><strong>Carissimo popolo di Dio che vive a Cassina de\u2019 Pecchi,<\/strong> &nbsp;<\/p>\n\n\n<div class=\"wp-block-image\">\n<figure class=\"alignright size-full is-resized\"><a href=\"https:\/\/comunitapastoralecassina.org\/ver2\/wp-content\/uploads\/delpini-2.png\"><img loading=\"lazy\" decoding=\"async\" width=\"665\" height=\"444\" src=\"https:\/\/comunitapastoralecassina.org\/ver2\/wp-content\/uploads\/delpini-2.png\" alt=\"\" class=\"wp-image-20401\" style=\"width:237px;height:auto\" srcset=\"https:\/\/comunitapastoralecassina.org\/ver2\/wp-content\/uploads\/delpini-2.png 665w, https:\/\/comunitapastoralecassina.org\/ver2\/wp-content\/uploads\/delpini-2-300x200.png 300w, https:\/\/comunitapastoralecassina.org\/ver2\/wp-content\/uploads\/delpini-2-629x420.png 629w\" sizes=\"auto, (max-width: 665px) 100vw, 665px\" \/><\/a><\/figure><\/div>\n\n\n<p>Domenica 26 ottobre l\u2019arcivescovo compir\u00e0 la visita pastorale nella nostra comunit\u00e0 pastorale. Vi propongo alcuni stralci dalla lettera che il consiglio pastorale ha inviato al vescovo come presentazione della comunit\u00e0.<\/p>\n\n\n\n<p><strong>La vita liturgica<\/strong><\/p>\n\n\n\n<p>La celebrazione domenicale rimane il cuore della vita comunitaria. Nelle sedute del Consiglio emerge l\u2019attenzione alla cura dei diversi ministeri: l\u2019animazione musicale, sostenuta dal servizio corale e strumentale, la proclamazione delle letture, l\u2019impegno dei ministranti e l\u2019accoglienza all\u2019ingresso delle chiese. Ci\u00f2 avviene in tutte e tre le chiese della comunit\u00e0 pastorale, dove in ognuna la messa domenicale \u00e8 particolarmente curata. \u2026 In questo ultimo anno il Consiglio ha sottolineato con forza la centralit\u00e0 della Parola di Dio e l\u2019importanza di favorire tempi di adorazione eucaristica, introducendo un appuntamento mensile, e di valorizzare il canto come strumento che unisce e sostiene la preghiera comunitaria.<\/p>\n\n\n\n<p><strong>Pastorale giovanile e vocazionale&nbsp;<\/strong><\/p>\n\n\n\n<p>Il tema dell\u2019accompagnamento delle giovani generazioni \u00e8 stato al centro di molte riflessioni. Nei momenti di confronto e pianificazione ricorre il richiamo alla necessit\u00e0 di rafforzare la collaborazione tra oratorio, catechesi e associazioni del territorio, affinch\u00e9 i ragazzi e i giovani possano vivere un\u2019esperienza integrale di crescita nella fede. Alcune iniziative, come la formazione degli animatori e la proposta dei campi estivi, hanno dato frutti significativi, creando legami tra i giovani e la comunit\u00e0.<\/p>\n\n\n\n<p><strong>Corresponsabilit\u00e0 e cammino sinodale<\/strong><\/p>\n\n\n\n<p>Il Consiglio Pastorale ha rappresentato in questi anni uno spazio di ascolto e confronto reale, come testimoniano i verbali in cui emergono interventi sinceri e discussioni partecipate. La comunit\u00e0 ha preso parte con seriet\u00e0 al percorso sinodale proposto dalla Chiesa universale e diocesana, cercando di valorizzare la corresponsabilit\u00e0 dei laici.<\/p>\n\n\n\n<p><strong>Evangelizzazione e missione<\/strong><\/p>\n\n\n\n<p>La vita ordinaria della comunit\u00e0 \u00e8 arricchita da esperienze di evangelizzazione che si intrecciano con la vita quotidiana: la catechesi, le attivit\u00e0 oratoriane, i gruppi caritativi e i percorsi di formazione degli adulti.<\/p>\n\n\n\n<p><strong>La vita della comunit\u00e0 e l\u2019impegno culturale&nbsp;<\/strong><\/p>\n\n\n\n<p>Il clima di fede si traduce anche in iniziative culturali che coinvolgono la cittadinanza: concerti, incontri di riflessione e momenti di dialogo con le istituzioni locali. \u2026<\/p>\n\n\n\n<p><strong>Prospettive e attese<\/strong><\/p>\n\n\n\n<p>La Visita Pastorale, fissata per il 26 ottobre 2025, \u00e8 attesa come un\u2019occasione di discernimento e di incoraggiamento. Il Consiglio Pastorale sente l\u2019esigenza di rilanciare l\u2019impegno nella formazione, soprattutto dei giovani, e di consolidare la corresponsabilit\u00e0 tra presbiteri, consacrati e laici. Si desidera quindi confrontarsi con l\u2019Arcivescovo, chiedendogli un aiuto nel vivere la fede sia personalmente che comunitariamente, cos\u00ec da poter meglio&nbsp; annunciare il Vangelo in un contesto secolarizzato, mantenendo vivo il legame tra fede e vita quotidiana.<\/p>\n\n\n\n<p><strong>Conclusione<\/strong><\/p>\n\n\n\n<p>In sintesi, la Comunit\u00e0 Pastorale si presenta all\u2019appuntamento della Visita Pastorale con il desiderio di condividere la propria esperienza di fede e di ricevere dal Vescovo la luce e la forza necessarie per continuare il cammino.<\/p>\n\n\n\n<p><strong>Don Luigi<\/strong><\/p>\n","protected":false},"excerpt":{"rendered":"<p>Carissimo popolo di Dio che vive a Cassina de\u2019 Pecchi, &nbsp; Domenica 26 ottobre l\u2019arcivescovo compir\u00e0 la visita pastorale nella nostra comunit\u00e0 pastorale. Vi propongo alcuni stralci dalla lettera che il consiglio pastorale ha inviato al vescovo come presentazione della comunit\u00e0. La vita liturgica La celebrazione domenicale rimane il cuore della vita comunitaria. Nelle sedute [&hellip;]<\/p>\n","protected":false},"author":2,"featured_media":0,"comment_status":"closed","ping_status":"open","sticky":false,"template":"","format":"standard","meta":{"footnotes":""},"categories":[19],"tags":[],"class_list":{"0":"post-20400","1":"post","2":"type-post","3":"status-publish","4":"format-standard","6":"category-prima-pagina"},"_links":{"self":[{"href":"https:\/\/comunitapastoralecassina.org\/ver2\/wp-json\/wp\/v2\/posts\/20400","targetHints":{"allow":["GET"]}}],"collection":[{"href":"https:\/\/comunitapastoralecassina.org\/ver2\/wp-json\/wp\/v2\/posts"}],"about":[{"href":"https:\/\/comunitapastoralecassina.org\/ver2\/wp-json\/wp\/v2\/types\/post"}],"author":[{"embeddable":true,"href":"https:\/\/comunitapastoralecassina.org\/ver2\/wp-json\/wp\/v2\/users\/2"}],"replies":[{"embeddable":true,"href":"https:\/\/comunitapastoralecassina.org\/ver2\/wp-json\/wp\/v2\/comments?post=20400"}],"version-history":[{"count":1,"href":"https:\/\/comunitapastoralecassina.org\/ver2\/wp-json\/wp\/v2\/posts\/20400\/revisions"}],"predecessor-version":[{"id":20402,"href":"https:\/\/comunitapastoralecassina.org\/ver2\/wp-json\/wp\/v2\/posts\/20400\/revisions\/20402"}],"wp:attachment":[{"href":"https:\/\/comunitapastoralecassina.org\/ver2\/wp-json\/wp\/v2\/media?parent=20400"}],"wp:term":[{"taxonomy":"category","embeddable":true,"href":"https:\/\/comunitapastoralecassina.org\/ver2\/wp-json\/wp\/v2\/categories?post=20400"},{"taxonomy":"post_tag","embeddable":true,"href":"https:\/\/comunitapastoralecassina.org\/ver2\/wp-json\/wp\/v2\/tags?post=20400"}],"curies":[{"name":"wp","href":"https:\/\/api.w.org\/{rel}","templated":true}]}}