{"id":20442,"date":"2025-11-07T10:02:00","date_gmt":"2025-11-07T09:02:00","guid":{"rendered":"https:\/\/comunitapastoralecassina.org\/ver2\/?p=20442"},"modified":"2025-11-07T10:02:02","modified_gmt":"2025-11-07T09:02:02","slug":"abbi-cura","status":"publish","type":"post","link":"https:\/\/comunitapastoralecassina.org\/ver2\/2025\/11\/abbi-cura\/","title":{"rendered":"Abbi cura"},"content":{"rendered":"\n<p><strong>Carissimo popolo di Dio che vive a Cassina de\u2019 Pecchi,<\/strong> &nbsp;<\/p>\n\n\n<div class=\"wp-block-image\">\n<figure class=\"alignright size-full\"><a href=\"https:\/\/comunitapastoralecassina.org\/ver2\/wp-content\/uploads\/i-care.jpg\"><img loading=\"lazy\" decoding=\"async\" width=\"259\" height=\"196\" src=\"https:\/\/comunitapastoralecassina.org\/ver2\/wp-content\/uploads\/i-care.jpg\" alt=\"\" class=\"wp-image-20443\" srcset=\"https:\/\/comunitapastoralecassina.org\/ver2\/wp-content\/uploads\/i-care.jpg 259w, https:\/\/comunitapastoralecassina.org\/ver2\/wp-content\/uploads\/i-care-80x60.jpg 80w\" sizes=\"auto, (max-width: 259px) 100vw, 259px\" \/><\/a><\/figure><\/div>\n\n\n<p>Ci ricordava papa Francesco nell&#8217;enciclica &#8220;Laudato s\u00ec&#8221; dal n\u00b0 228 al 232 l&#8217;importanza dell&#8217;amore civile e politico. Esordisce con una semplicit\u00e0 disarmante: <em>&#8220;Ges\u00f9 ci ha ricordato che abbiamo Dio come nostro Padre comune e che questo ci rende fratelli &#8230; Per questo possiamo parlare di una <strong>fraternit\u00e0 universale<\/strong>&#8221; <\/em>e poi continuaparlando dell&#8217; amore per la societ\u00e0 e l&#8217;impegno per il bene comune, <strong>la cultura della cura come strada per liberarsi dall&#8217;indifferenza consumistica<\/strong>.<\/p>\n\n\n\n<p>Scriveva <em>don Lorenzo Milani<\/em>: <em>&#8220;Su una parete della nostra scuola c&#8217;\u00e8 scritto grande &#8216;I care&#8217;. \u00c8 il motto intraducibile dei giovani americani migliori. &#8216;Me ne importa, mi sta a cuore&#8217;. \u00c8 il contrario esatto del motto fascista &#8216;Me ne frego&#8217; &#8220;.<\/em><\/p>\n\n\n\n<p><em>Leonardo Boff<\/em>, teologo latino-americano, si ispira alla parabola del Buon Samaritano per sottolineare lo stile evangelico del prendersi cura dell&#8217;altro. \u00c8 proprio questo atteggiamento verso il bisognoso a far nascere l&#8217;etica: <em>&#8220;Io, dunque, sono responsabile di fare o non fare dell&#8217;altro il mio prossimo. Ogni persona che soffre per qualsiasi motivo, chiunque sia colui che incrocia la mia strada, \u00e8 il mio prossimo dall&#8217;istante stesso in cui io mi avvicino a lui. Poco importa la sua appartenenza religiosa, sociale ed etnica. L&#8217;importante sta nel mio avvicinarmi a lui, chiunque egli sia. Faccio di lui il mio prossimo. <strong>Questa prossimit\u00e0 costituisce il marchio registrato del cristianesimo delle origini<\/strong>, prima che si articolasse con i poteri di questo mondo che gli avrebbe dato una configurazione diversa&#8221;.<\/em> Infine, vorrei proporvi questo testo di <em>Gabriella Caramore<\/em> tratto dal suo libro&nbsp; \u201cPazienza per \u201ceducarci ad avere cura\u201d.<\/p>\n\n\n\n<p><em>&#8220;Dalle tenebre e dai chiaroscuri del Novecento, l&#8217; &#8220;epoca dei lupi&#8221;, emergono molti nomi che individuano nell&#8217;aver cura una possibilit\u00e0 di orientamento per l&#8217;umanit\u00e0 smarrita. Ne ricorderemo solo uno. Simone Weil, un&#8217;amante del sostare quieto nella pazienza e nell&#8217;attesa, individua nell'&#8221;obbligo&#8221; che ciascuno dovrebbe sentire ed esercitare verso l&#8217;umanit\u00e0 un nuovo modo di porsi in relazione all&#8217;umano. Non solo diritti. Non solo doveri. Occorre uscire dalla pura logica della rivendicazione. L&#8217;obbligo va pensato come movimento attivo, che &#8220;si sporge&#8221; verso la creatura, verso di lei si dirige e orienta. Occorre reinventare, per questo, le categorie della politica, dell&#8217;antropologia,&nbsp; della religione.&nbsp; Esse debbono avere la giustizia come strumento e l&#8217;obbligo verso l&#8217;umanit\u00e0 come fine e come compito. Potremmo dire: <strong>come cura.<\/strong> Ma come mettere in moto tutto questo? Certo, occorre avere la forza di cominciare qualcosa. Di schiudersi al nuovo.<\/em><\/p>\n\n\n\n<p><em>Di pensare un inizio. <strong>E di rischiare s\u00e9 stessi.<\/strong> Ma tutto ci\u00f2 ha a che fare con qualcosa di molto semplice: un moto di compassione, che non abbia timore dell&#8217;eccesso. Non una compassione effimera e sentimentale, ma <strong>quella capace di sostare (pazientemente) accanto alle esistenze umane<\/strong> trafitte dalla sventura, deprivate della possibilit\u00e0 di sollevare lo sguardo verso la bellezza e verso la verit\u00e0, svuotate di vitalit\u00e0 e di energia, piegate verso la terra, incapaci di guardare al cielo&#8221;.<\/em><\/p>\n\n\n\n<p><strong>Don Luigi<\/strong><\/p>\n","protected":false},"excerpt":{"rendered":"<p>Carissimo popolo di Dio che vive a Cassina de\u2019 Pecchi, &nbsp; Ci ricordava papa Francesco nell&#8217;enciclica &#8220;Laudato s\u00ec&#8221; dal n\u00b0 228 al 232 l&#8217;importanza dell&#8217;amore civile e politico. Esordisce con una semplicit\u00e0 disarmante: &#8220;Ges\u00f9 ci ha ricordato che abbiamo Dio come nostro Padre comune e che questo ci rende fratelli &#8230; Per questo possiamo parlare [&hellip;]<\/p>\n","protected":false},"author":2,"featured_media":0,"comment_status":"closed","ping_status":"open","sticky":false,"template":"","format":"standard","meta":{"footnotes":""},"categories":[19],"tags":[],"class_list":{"0":"post-20442","1":"post","2":"type-post","3":"status-publish","4":"format-standard","6":"category-prima-pagina"},"_links":{"self":[{"href":"https:\/\/comunitapastoralecassina.org\/ver2\/wp-json\/wp\/v2\/posts\/20442","targetHints":{"allow":["GET"]}}],"collection":[{"href":"https:\/\/comunitapastoralecassina.org\/ver2\/wp-json\/wp\/v2\/posts"}],"about":[{"href":"https:\/\/comunitapastoralecassina.org\/ver2\/wp-json\/wp\/v2\/types\/post"}],"author":[{"embeddable":true,"href":"https:\/\/comunitapastoralecassina.org\/ver2\/wp-json\/wp\/v2\/users\/2"}],"replies":[{"embeddable":true,"href":"https:\/\/comunitapastoralecassina.org\/ver2\/wp-json\/wp\/v2\/comments?post=20442"}],"version-history":[{"count":1,"href":"https:\/\/comunitapastoralecassina.org\/ver2\/wp-json\/wp\/v2\/posts\/20442\/revisions"}],"predecessor-version":[{"id":20444,"href":"https:\/\/comunitapastoralecassina.org\/ver2\/wp-json\/wp\/v2\/posts\/20442\/revisions\/20444"}],"wp:attachment":[{"href":"https:\/\/comunitapastoralecassina.org\/ver2\/wp-json\/wp\/v2\/media?parent=20442"}],"wp:term":[{"taxonomy":"category","embeddable":true,"href":"https:\/\/comunitapastoralecassina.org\/ver2\/wp-json\/wp\/v2\/categories?post=20442"},{"taxonomy":"post_tag","embeddable":true,"href":"https:\/\/comunitapastoralecassina.org\/ver2\/wp-json\/wp\/v2\/tags?post=20442"}],"curies":[{"name":"wp","href":"https:\/\/api.w.org\/{rel}","templated":true}]}}