{"id":20463,"date":"2025-11-09T12:17:00","date_gmt":"2025-11-09T11:17:00","guid":{"rendered":"https:\/\/comunitapastoralecassina.org\/ver2\/?p=20463"},"modified":"2025-11-09T12:19:43","modified_gmt":"2025-11-09T11:19:43","slug":"giornata-diocesana-caritas-2025","status":"publish","type":"post","link":"https:\/\/comunitapastoralecassina.org\/ver2\/2025\/11\/giornata-diocesana-caritas-2025\/","title":{"rendered":"Giornata diocesana Caritas 2025"},"content":{"rendered":"\n<p>Com\u2019\u00e8 consuetudine in questa giornata significativa vogliamo restituire alla comunit\u00e0 il cammino fatto in questo ultimo anno pastorale.<br \/>Prima di tutto abbiamo cercato di abitare il quotidiano incontrando settimanalmente nel nostro CDA coloro che si trovano in difficolt\u00e0, ben sapendo che le cadute possono capitare a ciascuno di noi.<\/p>\n\n\n\n<p>I problemi sono sempre di natura essenziale: bollette, affitti, viveri, rette mensa, medicinali, sovraindebitamento. ecc., ma oltre alla povert\u00e0 materiale si incontrano difficolt\u00e0 relazionali ed esistenziali e soprattutto le ultime sono le pi\u00f9 difficili da risolvere. Il nostro compito \u00e8 quello di individuare il bisogno primario e di rimettere in piedi la persona che ci sta di fronte con gesti eloquenti e concreti che parlino di comprensione, condivisione, desiderio di sperimentare con loro un cammino di speranza e possibile cambiamento. Abbiamo anche il compito di capire che tanti bisogni non possono essere risolti n\u00e9 attraverso la rimozione n\u00e9 attraverso la sostanza: molti bisogni chiedono la capacit\u00e0 di convivere con essi.<\/p>\n\n\n\n<p>Leggendo il rendiconto vi accorgerete che la spesa viveri \u00e8 stata quasi del tutto azzerata, grazie alla raccolta viveri d\u2019Avvento, a quella supplementare del periodo quaresimale e al carrello posto all\u2019interno del supermercato Iperal. Vogliamo ringraziare di questo, oltre a tutta la comunit\u00e0, anche quei sei giovani che per tutto l\u2019anno si sono resi disponibili ad assolvere il compito di svuotare<br \/>settimanalmente il carrello Iperal consegnando i viveri alla nostra Caritas. <strong>E\u2019 un gesto semplice ma la sua potenza sta nella fedelt\u00e0 dell\u2019impegno<\/strong>. E chiss\u00e0 che altri giovani si ritrovino a pensare: \u201cadesso tocca a me\u201d. \u00c8 corretto e doveroso<br \/>aggiungere che anche il supermercato Eurospin ci regala, nei mesi previsti, una spesa del valore di euro 230\/250. Anche a loro va il nostro ringraziamento pi\u00f9 sentito.<\/p>\n\n\n\n<p>I volontari del doposcuola Ponte e Girotondo continuano a tenere fissa l\u2019attenzione sugli alunni a loro affidati tenendoli per mano, aiutandoli a scoprire le loro potenzialit\u00e0 e ad affrontare gli ostacoli che trovano sul loro cammino. A questi operatori va tutta la nostra gratitudine augurandoci che ci siano nuove persone che si sentano chiamate a svolgere questo preziosissimo compito.<br \/>Il servizio guardaroba ha subito un cambiamento organizzativo: la distribuzione rimane invariata, mentre la raccolta varia in maniera sostanziale, e cio\u00e8 gli indumenti dovranno essere portati solo il luned\u00ec pomeriggio e un volontario avr\u00e0 il compito preciso di accettare solo ci\u00f2 che \u00e8 necessario per il servizio e immediatamente restituire ci\u00f2 che non potr\u00e0 avere un utilizzo, per evitare gli esuberi non smaltibili. Chiediamo e raccomandiamo la collaborazione di tutti per evitare inutili difficolt\u00e0 future.<\/p>\n\n\n\n<p>Vogliamo nuovamente dire grazie a tutti voi e a tutti i volontari Caritas, perch\u00e9 con il vostro contributo abbiamo cercato di costruire una comunit\u00e0 capace di sentirsi responsabile di quanti sul territorio vivono in una situazione di bisogno e insicurezza, di avere quindi un\u2019attenzione preferenziale per i pi\u00f9 disagiati.<\/p>\n\n\n\n<p>Ricordiamoci che ogni gesto di condivisione non andr\u00e0 mai perduto e i nomi di chi li compie sono scritti in cielo e \u201cil cielo ci aspetta da sempre\u201d (San Carlo Acutis), ed \u00e8 il cielo che noi desideriamo e non ci accontenteremo di nulla di meno.<\/p>\n\n\n\n<p class=\"has-text-align-center\"><em>\u201cLa gente ha bisogno di raccontare i propri problemi a qualcuno che li capisca, per sdrammatizzarli, per non sentirsi sola di fronte a situazioni angoscianti, per confrontarci sui modi di uscirne. I problemi personali, quando non si trova a chi manifestarli, possono diventare giganteschi, paurosi, affievoliscono il senso della vita, soffocano la speranza\u201d.<br \/>(Card. Carlo Maria Martini: lettera alla diocesi del Santo Natale 1989)<\/em><\/p>\n\n\n\n<hr class=\"wp-block-separator has-alpha-channel-opacity\"\/>\n\n\n\n<p><strong>Rendiconto anno pastorale 2024\/2025<br \/><\/strong>CARITAS CITTADINA &#8211; Cassina de&#8217; Pecchi<\/p>\n\n\n\n<figure class=\"wp-block-table\"><table class=\"has-fixed-layout\"><tbody><tr><td>ENTRATE<\/td><td>&nbsp;<\/td><td>USCITE<\/td><td>&nbsp;<\/td><\/tr><tr><td>Offerte da Camporicco<\/td><td>4.025,00<\/td><td>Contributo alla Caritas diocesana<\/td><td>210,00<\/td><\/tr><tr><td>Offerte anonime<\/td><td>1.165,00<\/td><td>Bollette luce, gas<\/td><td>3.660,45<\/td><\/tr><tr><td>Offerte nominative<\/td><td>8.275,00<\/td><td>Alimenti freschi a pi\u00f9 famiglie<\/td><td>436,56<\/td><\/tr><tr><td>Mercatino dell&#8217;usato<\/td><td>1.150,00<\/td><td>Contributo affitti<\/td><td>3.219,00<\/td><\/tr><tr><td>Lions Club Martesana<\/td><td>476,00<\/td><td>Progetti ad personam &#8211; microprogetti lavoro<\/td><td>1.375,00<\/td><\/tr><tr><td>Confraternita del Rosario<\/td><td>100,00<\/td><td>Mensa scolastica<\/td><td>40,70<\/td><\/tr><tr><td>Buoni IPERAL anonimi e nominativi<\/td><td>1.300,00<\/td><td>Spese mediche<\/td><td>1.805,52<\/td><\/tr><tr><td>&nbsp;<\/td><td>&nbsp;<\/td><td>Spese e interventi vari a fam.bisognose<\/td><td>4.555,48<\/td><\/tr><tr><td>&nbsp;<\/td><td>&nbsp;<\/td><td>buoni IPERAL<\/td><td>1.300,00<\/td><\/tr><tr><td>&nbsp;<\/td><td><strong>16.491,00<\/strong><\/td><td>&nbsp;<\/td><td><strong>16.602,71<\/strong><\/td><\/tr><tr><td><strong>SBILANCIO ANNO<\/strong><\/td><td><strong>-111,71<\/strong><\/td><td>&nbsp;<\/td><td>&nbsp;<\/td><\/tr><\/tbody><\/table><\/figure>\n\n\n\n<hr class=\"wp-block-separator has-alpha-channel-opacity\"\/>\n\n\n\n<p><strong>I SERVIZI CARITAS<\/strong><\/p>\n\n\n\n<p><strong>Centro d\u2019Ascolto<\/strong> \u2013sotto la chiesa da settembre a giugno &#8211; mercoled\u00ec dalle 17.00 alle 19.00 \u2013 tel. 329 8966 477<\/p>\n\n\n\n<p><strong>Raccolta indumenti<\/strong> \u2013 sotto la chiesa \u2013 da settembre a giugno il luned\u00ec pomeriggio \u2013 vengono accettati solo gli indumenti che possono essere utili per il servizio, restituendo l\u2019inutilizzabile. &#8211; tel. Eleonora 349 430 5246<\/p>\n\n\n\n<p><strong>Distribuzione indumenti<\/strong> \u2013 sotto la chiesa \u2013 da settembre a giugno: mercoled\u00ec dalle 15.00 alle 17.00 \u2013 tel. Eleonora 349 430 5246<\/p>\n\n\n\n<p><strong>Distribuzione viveri <\/strong>\u2013 alle famiglie pi\u00f9 bisognose residenti a Cassina \u2013 un venerd\u00ec al mese \u2013 sotto la chiesa \u2013 dalle 17.00 alle 18.00 \u2013 tel. 329 8966 477<\/p>\n\n\n\n<p><strong>Sportello lavoro<\/strong> &#8211; presso il Centro d\u2019ascolto \u2013 stessi orari <\/p>\n\n\n\n<p><strong>Aiuto compiti<\/strong> \u2013 Gruppo Il Ponte \u2013 scuola secondaria inferiore (media) \u2013 Oratorio SDS \u2013 marted\u00ec e gioved\u00ec dalle 15.00 alle 16.30 \u2013 da novembre la mensa-doposcuola per il Gruppo sar\u00e0 attiva sia il marted\u00ec che il gioved\u00ec dalle ore 14.00 &#8211; tel. Maria Teresa Berini tel. 335 123 5291, Manuela Merighi tel. 338 308 5379.<\/p>\n\n\n\n<p><strong>Spazio compiti<\/strong> \u2013 Girotondo &#8211; doposcuola primaria \u2013 Oratorio SDS \u2013 mercoled\u00ec con piedibus alle 16.30 alle 18.30 \u2013 sabato dalle 10.00 alle 12.00 \u2013 tel. Adriano 329 690 3470<\/p>\n\n\n\n<div data-wp-interactive=\"core\/file\" class=\"wp-block-file\"><object data-wp-bind--hidden=\"!state.hasPdfPreview\" hidden class=\"wp-block-file__embed\" data=\"https:\/\/comunitapastoralecassina.org\/ver2\/wp-content\/uploads\/GIORNATA-2025-con-LOGO.pdf\" type=\"application\/pdf\" style=\"width:100%;height:600px\" aria-label=\"Incorporamento di GIORNATA 2025.\"><\/object><a id=\"wp-block-file--media-839fb961-1333-45e3-9fb1-afebe6e95625\" href=\"https:\/\/comunitapastoralecassina.org\/ver2\/wp-content\/uploads\/GIORNATA-2025-con-LOGO.pdf\">GIORNATA 2025<\/a><a href=\"https:\/\/comunitapastoralecassina.org\/ver2\/wp-content\/uploads\/GIORNATA-2025-con-LOGO.pdf\" class=\"wp-block-file__button wp-element-button\" download aria-describedby=\"wp-block-file--media-839fb961-1333-45e3-9fb1-afebe6e95625\">Download<\/a><\/div>\n\n\n\n<p><\/p>\n","protected":false},"excerpt":{"rendered":"<p>Com\u2019\u00e8 consuetudine in questa giornata significativa vogliamo restituire alla comunit\u00e0 il cammino fatto in questo ultimo anno pastorale.Prima di tutto abbiamo cercato di abitare il quotidiano incontrando settimanalmente nel nostro CDA coloro che si trovano in difficolt\u00e0, ben sapendo che le cadute possono capitare a ciascuno di noi. I problemi sono sempre di natura essenziale: [&hellip;]<\/p>\n","protected":false},"author":2,"featured_media":15593,"comment_status":"closed","ping_status":"open","sticky":false,"template":"","format":"standard","meta":{"footnotes":""},"categories":[24,115],"tags":[],"class_list":{"0":"post-20463","1":"post","2":"type-post","3":"status-publish","4":"format-standard","5":"has-post-thumbnail","7":"category-caritas-cittadina","8":"category-in-evidenza"},"_links":{"self":[{"href":"https:\/\/comunitapastoralecassina.org\/ver2\/wp-json\/wp\/v2\/posts\/20463","targetHints":{"allow":["GET"]}}],"collection":[{"href":"https:\/\/comunitapastoralecassina.org\/ver2\/wp-json\/wp\/v2\/posts"}],"about":[{"href":"https:\/\/comunitapastoralecassina.org\/ver2\/wp-json\/wp\/v2\/types\/post"}],"author":[{"embeddable":true,"href":"https:\/\/comunitapastoralecassina.org\/ver2\/wp-json\/wp\/v2\/users\/2"}],"replies":[{"embeddable":true,"href":"https:\/\/comunitapastoralecassina.org\/ver2\/wp-json\/wp\/v2\/comments?post=20463"}],"version-history":[{"count":2,"href":"https:\/\/comunitapastoralecassina.org\/ver2\/wp-json\/wp\/v2\/posts\/20463\/revisions"}],"predecessor-version":[{"id":20467,"href":"https:\/\/comunitapastoralecassina.org\/ver2\/wp-json\/wp\/v2\/posts\/20463\/revisions\/20467"}],"wp:featuredmedia":[{"embeddable":true,"href":"https:\/\/comunitapastoralecassina.org\/ver2\/wp-json\/wp\/v2\/media\/15593"}],"wp:attachment":[{"href":"https:\/\/comunitapastoralecassina.org\/ver2\/wp-json\/wp\/v2\/media?parent=20463"}],"wp:term":[{"taxonomy":"category","embeddable":true,"href":"https:\/\/comunitapastoralecassina.org\/ver2\/wp-json\/wp\/v2\/categories?post=20463"},{"taxonomy":"post_tag","embeddable":true,"href":"https:\/\/comunitapastoralecassina.org\/ver2\/wp-json\/wp\/v2\/tags?post=20463"}],"curies":[{"name":"wp","href":"https:\/\/api.w.org\/{rel}","templated":true}]}}