{"id":20481,"date":"2025-11-14T08:57:19","date_gmt":"2025-11-14T07:57:19","guid":{"rendered":"https:\/\/comunitapastoralecassina.org\/ver2\/?p=20481"},"modified":"2025-11-14T08:58:26","modified_gmt":"2025-11-14T07:58:26","slug":"una-chiesa-che-ascolta","status":"publish","type":"post","link":"https:\/\/comunitapastoralecassina.org\/ver2\/2025\/11\/una-chiesa-che-ascolta\/","title":{"rendered":"Una Chiesa che ascolta"},"content":{"rendered":"\n<p><strong>Carissimo popolo di Dio che vive a Cassina de\u2019 Pecchi,<\/strong> &nbsp;<\/p>\n\n\n<div class=\"wp-block-image\">\n<figure class=\"alignright size-full is-resized\"><a href=\"https:\/\/comunitapastoralecassina.org\/ver2\/wp-content\/uploads\/scatole.png\"><img loading=\"lazy\" decoding=\"async\" width=\"758\" height=\"573\" src=\"https:\/\/comunitapastoralecassina.org\/ver2\/wp-content\/uploads\/scatole.png\" alt=\"\" class=\"wp-image-20482\" style=\"width:226px;height:auto\" srcset=\"https:\/\/comunitapastoralecassina.org\/ver2\/wp-content\/uploads\/scatole.png 758w, https:\/\/comunitapastoralecassina.org\/ver2\/wp-content\/uploads\/scatole-300x227.png 300w, https:\/\/comunitapastoralecassina.org\/ver2\/wp-content\/uploads\/scatole-556x420.png 556w, https:\/\/comunitapastoralecassina.org\/ver2\/wp-content\/uploads\/scatole-80x60.png 80w, https:\/\/comunitapastoralecassina.org\/ver2\/wp-content\/uploads\/scatole-696x526.png 696w\" sizes=\"auto, (max-width: 758px) 100vw, 758px\" \/><\/a><\/figure><\/div>\n\n\n<p>&nbsp;Questa settimana vi propongo una parte del discorso che mons. Heiner Wilmer, vescovo di Hildesheim in Germania, ha tenuto sabato 8 novembre durante un Convegno dal titolo: \u201cLa solitudine dell\u2019Europa: le Chiese e l\u2019Unione\u201d.<\/p>\n\n\n\n<p>&nbsp;\u201cQuando oggi parliamo della questione sociale, parliamo del cuore stesso della fede. Perch\u00e9 l\u00e0 dove la dignit\u00e0 dell\u2019uomo \u00e8 minacciata, dove le persone vengono sfruttate, dimenticate o trascurate, l\u00ec si decide se il Vangelo \u00e8 soltanto predicato o veramente vissuto.<\/p>\n\n\n\n<p>La Conferenza Episcopale Tedesca lo ha espresso cos\u00ec (1980): \u00abLa questione sociale \u00e8 una questione di fede. Essa riguarda l\u2019uomo come creatura di Dio e la societ\u00e0 come luogo di responsabilit\u00e0 reciproca\u00bb.&nbsp;<\/p>\n\n\n\n<p>L\u2019Europa si trova in un momento decisivo. Abbiamo pace, abbiamo benessere, abbiamo democrazia, ma sentiamo che qualcosa si \u00e8 incrinato.<\/p>\n\n\n\n<p>L\u2019Europa non deve essere solo una comunit\u00e0 amministrativa, ma una comunit\u00e0 di valori. La democrazia non vive soltanto di procedure, ma di convinzioni profonde.<\/p>\n\n\n\n<p>Papa Benedetto XVI disse al Bundestag (2011): \u201cLa democrazia non vive solo delle maggioranze, ma di criteri che sono pi\u00f9 grandi dell\u2019uomo stesso\u201d. E io aggiungo: una democrazia senza Dio diventa totalitaria. Una democrazia senza trascendenza, senza apertura al cielo, diventa radicale, perch\u00e9 perde la misura. Ma \u00e8 vero anche il contrario: una democrazia pu\u00f2 abusare di Dio. Abbiamo visto, in Europa e negli Stati Uniti, come i simboli religiosi siano stati strumentalizzati, come la croce sia diventata un segno di potere invece che di pace.<\/p>\n\n\n\n<p>Come Chiesa, dobbiamo imparare un nuovo modo di parlare e di ascoltare. Un tempo eravamo sicuri di sapere che cosa fosse giusto. Dicevamo alle persone che cosa dovevano fare o non fare. Indicavamo ai politici come dovessero agire. A volte con zelo, altre volte con presunzione.<\/p>\n\n\n\n<p>E s\u00ec, ci sono stati momenti in cui la Chiesa si \u00e8 troppo avvicinata al potere politico, perdendo la sua libert\u00e0 profetica. Oggi abbiamo bisogno di altro: di umilt\u00e0, di sobriet\u00e0, di ascolto. Papa Francesco e Papa Leone XIV insistono entrambi: la sinodalit\u00e0 non \u00e8 una riforma strutturale, ma un atteggiamento del cuore.<\/p>\n\n\n\n<p>Per questo dobbiamo porci due domande. Anzitutto, di che cosa hanno bisogno le persone oggi \u2013 nella loro solitudine, nelle loro paure, nelle loro speranze? E poi: che cosa chiede il Vangelo in questo tempo?<\/p>\n\n\n\n<p>Dall\u2019incontro tra queste due domande nasce la missione per il mondo. Non dal potere, non dalla predicazione, ma dalla relazione.<\/p>\n\n\n\n<p>Per molto tempo abbiamo saputo troppo bene che cosa fosse il bene per gli altri.<\/p>\n\n\n\n<p>Lo abbiamo spiegato, predicato, a volte imposto. Ma abbiamo domandato troppo poco.<\/p>\n\n\n\n<p>Oggi \u00e8 il tempo delle domande. E questo non \u00e8 segno di debolezza, ma di maturit\u00e0.<\/p>\n\n\n\n<p>La democrazia si nutre del dialogo. Quando le voci smettono di parlarsi, la societ\u00e0 si indebolisce. La Chiesa pu\u00f2 aiutare a riscoprire l\u2019ascolto come una virt\u00f9 che custodisce la convivenza.<\/p>\n\n\n\n<p>Una Chiesa che ascolta impara. E una Chiesa che impara, diventa credibile\u201d<\/p>\n\n\n\n<p><strong>Don Luigi<\/strong><\/p>\n","protected":false},"excerpt":{"rendered":"<p>Carissimo popolo di Dio che vive a Cassina de\u2019 Pecchi, &nbsp; &nbsp;Questa settimana vi propongo una parte del discorso che mons. Heiner Wilmer, vescovo di Hildesheim in Germania, ha tenuto sabato 8 novembre durante un Convegno dal titolo: \u201cLa solitudine dell\u2019Europa: le Chiese e l\u2019Unione\u201d. &nbsp;\u201cQuando oggi parliamo della questione sociale, parliamo del cuore stesso [&hellip;]<\/p>\n","protected":false},"author":2,"featured_media":0,"comment_status":"closed","ping_status":"open","sticky":false,"template":"","format":"standard","meta":{"footnotes":""},"categories":[19],"tags":[],"class_list":{"0":"post-20481","1":"post","2":"type-post","3":"status-publish","4":"format-standard","6":"category-prima-pagina"},"_links":{"self":[{"href":"https:\/\/comunitapastoralecassina.org\/ver2\/wp-json\/wp\/v2\/posts\/20481","targetHints":{"allow":["GET"]}}],"collection":[{"href":"https:\/\/comunitapastoralecassina.org\/ver2\/wp-json\/wp\/v2\/posts"}],"about":[{"href":"https:\/\/comunitapastoralecassina.org\/ver2\/wp-json\/wp\/v2\/types\/post"}],"author":[{"embeddable":true,"href":"https:\/\/comunitapastoralecassina.org\/ver2\/wp-json\/wp\/v2\/users\/2"}],"replies":[{"embeddable":true,"href":"https:\/\/comunitapastoralecassina.org\/ver2\/wp-json\/wp\/v2\/comments?post=20481"}],"version-history":[{"count":2,"href":"https:\/\/comunitapastoralecassina.org\/ver2\/wp-json\/wp\/v2\/posts\/20481\/revisions"}],"predecessor-version":[{"id":20485,"href":"https:\/\/comunitapastoralecassina.org\/ver2\/wp-json\/wp\/v2\/posts\/20481\/revisions\/20485"}],"wp:attachment":[{"href":"https:\/\/comunitapastoralecassina.org\/ver2\/wp-json\/wp\/v2\/media?parent=20481"}],"wp:term":[{"taxonomy":"category","embeddable":true,"href":"https:\/\/comunitapastoralecassina.org\/ver2\/wp-json\/wp\/v2\/categories?post=20481"},{"taxonomy":"post_tag","embeddable":true,"href":"https:\/\/comunitapastoralecassina.org\/ver2\/wp-json\/wp\/v2\/tags?post=20481"}],"curies":[{"name":"wp","href":"https:\/\/api.w.org\/{rel}","templated":true}]}}