{"id":20507,"date":"2025-11-21T15:19:43","date_gmt":"2025-11-21T14:19:43","guid":{"rendered":"https:\/\/comunitapastoralecassina.org\/ver2\/?p=20507"},"modified":"2025-11-21T15:19:45","modified_gmt":"2025-11-21T14:19:45","slug":"ascolta-la-parola-di-dio","status":"publish","type":"post","link":"https:\/\/comunitapastoralecassina.org\/ver2\/2025\/11\/ascolta-la-parola-di-dio\/","title":{"rendered":"Ascolta la Parola di Dio"},"content":{"rendered":"\n<p><strong>Carissimo popolo di Dio che vive a Cassina de\u2019 Pecchi,<\/strong> &nbsp;<\/p>\n\n\n\n<p><strong>Perch\u00e9 la Parola di Dio \u00e8 una parola buona per la vita?<\/strong><\/p>\n\n\n<div class=\"wp-block-image\">\n<figure class=\"alignright size-full is-resized\"><a href=\"https:\/\/comunitapastoralecassina.org\/ver2\/wp-content\/uploads\/libro-5.png\"><img loading=\"lazy\" decoding=\"async\" width=\"965\" height=\"729\" src=\"https:\/\/comunitapastoralecassina.org\/ver2\/wp-content\/uploads\/libro-5.png\" alt=\"\" class=\"wp-image-20508\" style=\"width:266px;height:auto\" srcset=\"https:\/\/comunitapastoralecassina.org\/ver2\/wp-content\/uploads\/libro-5.png 965w, https:\/\/comunitapastoralecassina.org\/ver2\/wp-content\/uploads\/libro-5-300x227.png 300w, https:\/\/comunitapastoralecassina.org\/ver2\/wp-content\/uploads\/libro-5-768x580.png 768w, https:\/\/comunitapastoralecassina.org\/ver2\/wp-content\/uploads\/libro-5-556x420.png 556w, https:\/\/comunitapastoralecassina.org\/ver2\/wp-content\/uploads\/libro-5-80x60.png 80w, https:\/\/comunitapastoralecassina.org\/ver2\/wp-content\/uploads\/libro-5-696x526.png 696w\" sizes=\"auto, (max-width: 965px) 100vw, 965px\" \/><\/a><\/figure><\/div>\n\n\n<p>Innanzitutto, perch\u00e9 la vita ha bisogno di <strong>parole<\/strong>. Le parole sono la via madre della comunicazione e ci aprono all\u2019intelligenza del creato e delle relazioni con gli altri. Nell\u2019universo delle parole possiamo anche cercare parole buone ed in mezzo a tante altre parole buone, scopriamo che la parola di Dio \u00e8 pi\u00f9 simile a una lampada luminosa che a una notte oscura, \u00e8 pi\u00f9 simile a un giardino fiorito che ad un deserto sterile e ancora, \u00e8 pi\u00f9 simile alla vita che ad una favola. La Parola di Dio ci racconta la vita vissuta degli uomini e delle donne di questo mondo per aiutarci a scoprire la nostra risposta possibile alla chiamata di Dio.<\/p>\n\n\n\n<p>Inoltre, noi la leggiamo perch\u00e9 \u00e8 <strong>\u201cmisteriosa\u201d<\/strong> e noi siamo attratti dal mistero della vita e dell\u2019universo perch\u00e9 ogni generazione ha trovato nella Bibbia nuove intuizioni per continuare la ricerca di senso del cammino della vita.<\/p>\n\n\n\n<p>Infine, la leggiamo perch\u00e9 \u00e8 <strong>matrice di speranza<\/strong>. Infatti, non \u00e8 un libro per distruggere, ma per costruire; non \u00e8 per uccidere, ma per vivere; non \u00e8 per punire, ma per consolare; non \u00e8 antico, ma sempre nuovo nel cuore di chi ascolta. \u00c8 un libro di libri che termina cos\u00ec: <em>\u201cLo Spirito e la sposa dicono: \u00abVieni!\u00bb. E chi ascolta ripeta: \u00abVieni!\u00bb. Chi ha sete venga; chi vuole attinga gratuitamente l&#8217;acqua della vita. \u2026 Colui che attesta queste cose dice: \u00abS\u00ec, verr\u00f2 presto!\u00bb. Amen. Vieni, Signore Ges\u00f9\u201d<\/em> (Ap 22,17.20)<\/p>\n\n\n\n<p>Ricordiamoci che la fede non \u00e8 un soprammobile donato una volta per sempre, che richiede al massimo qualche spolveratina; \u00e8 un organismo vivo, si rafforza o si attenua con noi, pu\u00f2 crescere, ma pu\u00f2 anche diminuire o spegnersi. Se non \u00e8 alimentata, come ogni altro organismo deperisce e muore.<\/p>\n\n\n\n<p><strong>Come si fa a dedicare tempo alla lettura della parola di Dio al di fuori di un monastero, quando le giornate sono piene?<\/strong><\/p>\n\n\n\n<p>La lettura della Parola di Dio \u00e8 un esercizio elastico, perch\u00e9 non \u00e8 un indottrinamento, ma una risposta convinta ad una parola buona accolta.&nbsp; Per un laico si potrebbe pensare a un quarto d\u2019ora al giorno, anche distribuito in diversi momenti della giornata. \u00c8 quel \u201ctempo di Dio\u201d che d\u00e0 valore al \u201ctempo dell\u2019uomo\u201d, al restante spazio di 23 ore e 45 minuti della giornata. \u00c8 vero che la preghiera deve essere <em>\u201cincessante\u201d<\/em> (cf. Lc 18,1: 1 Tess 5,17), ma questo invito non va inteso nel senso di un\u2019orazione mentale o verbale continua: anche Ges\u00f9, oltre a pregare, mangiava e dormiva, incontrava le persone e predicava. La preghiera \u201ccontinua\u201d \u00e8 piuttosto la consapevolezza che il Signore \u00e8 presente in ogni momento della giornata: mentre studio, dormo e lavoro, mentre mi alleno in palestra e incontro gli amici. <em>\u201cSia che mangiamo, sia che beviamo, siamo del Signore\u201d<\/em> (1 Cor 10,31). Ma proprio per guadagnare questa consapevolezza, proprio perch\u00e9 la preghiera sia \u201ccontinua\u201d e diffusa in tutte e 24 le ore della giornata, \u00e8 necessario che vi sia uno spazio e un tempo, per quanto piccolo, in cui il Signore ha l\u2019esclusiva. Questo quarto d\u2019ora sar\u00e0 il \u201cla\u201d che eleva la qualit\u00e0 del tempo restante della giornata.<\/p>\n\n\n\n<p><strong>Come fare quindi, concretamente, a praticare la lettura della Parola di Dio?<\/strong><\/p>\n\n\n\n<p>Impara a regalarti del tempo per ascoltare.<\/p>\n\n\n\n<p>don Luigi<\/p>\n","protected":false},"excerpt":{"rendered":"<p>Carissimo popolo di Dio che vive a Cassina de\u2019 Pecchi, &nbsp; Perch\u00e9 la Parola di Dio \u00e8 una parola buona per la vita? Innanzitutto, perch\u00e9 la vita ha bisogno di parole. Le parole sono la via madre della comunicazione e ci aprono all\u2019intelligenza del creato e delle relazioni con gli altri. Nell\u2019universo delle parole possiamo [&hellip;]<\/p>\n","protected":false},"author":2,"featured_media":0,"comment_status":"closed","ping_status":"open","sticky":false,"template":"","format":"standard","meta":{"footnotes":""},"categories":[19],"tags":[],"class_list":{"0":"post-20507","1":"post","2":"type-post","3":"status-publish","4":"format-standard","6":"category-prima-pagina"},"_links":{"self":[{"href":"https:\/\/comunitapastoralecassina.org\/ver2\/wp-json\/wp\/v2\/posts\/20507","targetHints":{"allow":["GET"]}}],"collection":[{"href":"https:\/\/comunitapastoralecassina.org\/ver2\/wp-json\/wp\/v2\/posts"}],"about":[{"href":"https:\/\/comunitapastoralecassina.org\/ver2\/wp-json\/wp\/v2\/types\/post"}],"author":[{"embeddable":true,"href":"https:\/\/comunitapastoralecassina.org\/ver2\/wp-json\/wp\/v2\/users\/2"}],"replies":[{"embeddable":true,"href":"https:\/\/comunitapastoralecassina.org\/ver2\/wp-json\/wp\/v2\/comments?post=20507"}],"version-history":[{"count":1,"href":"https:\/\/comunitapastoralecassina.org\/ver2\/wp-json\/wp\/v2\/posts\/20507\/revisions"}],"predecessor-version":[{"id":20509,"href":"https:\/\/comunitapastoralecassina.org\/ver2\/wp-json\/wp\/v2\/posts\/20507\/revisions\/20509"}],"wp:attachment":[{"href":"https:\/\/comunitapastoralecassina.org\/ver2\/wp-json\/wp\/v2\/media?parent=20507"}],"wp:term":[{"taxonomy":"category","embeddable":true,"href":"https:\/\/comunitapastoralecassina.org\/ver2\/wp-json\/wp\/v2\/categories?post=20507"},{"taxonomy":"post_tag","embeddable":true,"href":"https:\/\/comunitapastoralecassina.org\/ver2\/wp-json\/wp\/v2\/tags?post=20507"}],"curies":[{"name":"wp","href":"https:\/\/api.w.org\/{rel}","templated":true}]}}