{"id":20587,"date":"2026-01-09T09:29:41","date_gmt":"2026-01-09T08:29:41","guid":{"rendered":"https:\/\/comunitapastoralecassina.org\/ver2\/?p=20587"},"modified":"2026-01-09T09:29:43","modified_gmt":"2026-01-09T08:29:43","slug":"semplici-insieme-e-svegli","status":"publish","type":"post","link":"https:\/\/comunitapastoralecassina.org\/ver2\/2026\/01\/semplici-insieme-e-svegli\/","title":{"rendered":"Semplici, insieme e svegli!"},"content":{"rendered":"\n<p><strong><em>Carissimo popolo di Dio che vive a Cassina de\u2019 Pecchi,<\/em><\/strong><em> &nbsp;<\/em><\/p>\n\n\n<div class=\"wp-block-image\">\n<figure class=\"alignright size-large is-resized\"><a href=\"https:\/\/comunitapastoralecassina.org\/ver2\/wp-content\/uploads\/emmaus-4.png\"><img loading=\"lazy\" decoding=\"async\" width=\"1024\" height=\"905\" src=\"https:\/\/comunitapastoralecassina.org\/ver2\/wp-content\/uploads\/emmaus-4-1024x905.png\" alt=\"\" class=\"wp-image-20588\" style=\"width:339px;height:auto\" srcset=\"https:\/\/comunitapastoralecassina.org\/ver2\/wp-content\/uploads\/emmaus-4-1024x905.png 1024w, https:\/\/comunitapastoralecassina.org\/ver2\/wp-content\/uploads\/emmaus-4-300x265.png 300w, https:\/\/comunitapastoralecassina.org\/ver2\/wp-content\/uploads\/emmaus-4-768x679.png 768w, https:\/\/comunitapastoralecassina.org\/ver2\/wp-content\/uploads\/emmaus-4-475x420.png 475w, https:\/\/comunitapastoralecassina.org\/ver2\/wp-content\/uploads\/emmaus-4-696x615.png 696w, https:\/\/comunitapastoralecassina.org\/ver2\/wp-content\/uploads\/emmaus-4-1068x944.png 1068w, https:\/\/comunitapastoralecassina.org\/ver2\/wp-content\/uploads\/emmaus-4.png 1187w\" sizes=\"auto, (max-width: 1024px) 100vw, 1024px\" \/><\/a><\/figure><\/div>\n\n\n<p>alcuni anni fa i religiosi e le religiose dell\u2019Austria avevano scelto come motto per i prossimi tre anni: <strong>\u201csemplici, insieme, svegli\u201d.<\/strong> Inoltre, avevano esortato a resistere al crescente pessimismo come se la fine del cristianesimo fosse vicina. Al contrario la storia del cristianesimo \u00e8 essenzialmente una storia di rinnovamento. Per questo, \u00e8 necessario prendere l\u2019esempio da Ges\u00f9. Incontrandolo, la gente del suo tempo aveva avvertito nuove prospettive di vita e la loro paura del futuro era svanita. E conclusero il loro incontro con questa domanda: \u201c<strong>Come possono le persone in ricerca percepire l\u2019incontro con noi cristiani in modo tale da trovare una prospettiva per il loro futuro?\u201d. <\/strong>&nbsp;<\/p>\n\n\n\n<p>All\u2019inizio di un nuovo anno, queste semplici considerazioni di vita spirituale e di servizio al vangelo mi sembrano stimolanti anche per la nostra comunit\u00e0. Innanzitutto, <strong>semplici<\/strong>! Non confondiamo la semplicit\u00e0 con superficialit\u00e0 o approssimazione, perch\u00e9 faremmo un torto a chi non si presenta a noi con la presunzione di imporsi, ma desidera condividere con noi ci\u00f2 che \u00e8 e ci\u00f2 che ritiene importante. Talvolta anche nelle parrocchie si trovano persone che hanno quasi un talento nel complicare la vita degli altri, e questo si pu\u00f2 comprendere a partire dal loro bisogno di primeggiare e mettersi in mostra,&nbsp; e si presentano anche con una buona dose di falsa umilt\u00e0! Usando un gioco di parole: essere semplici, sembra troppo semplice! Ges\u00f9 ci aveva gi\u00e0 avvisati: <em>\u201cEcco: io vi mando come pecore in mezzo ai lupi; siate dunque prudenti come i serpenti e semplici come le colombe\u201d<\/em> <em>(Mt 10,16),<\/em> in giro ci sono i lupi, la prudenza insieme alla semplicit\u00e0 non guasta mai.<\/p>\n\n\n\n<p>Poi, <strong>insieme<\/strong>. Stiamo vivendo la stagione della sinodalit\u00e0, ma ancora una volta un linguaggio semplice ci introduce nel modo migliore, sinodo significa: \u201ccamminare insieme\u201d. Significa avere una meta comune, accettare il passo di tutti, saper gustare il silenzio del cammino, ma soprattutto esercitarci all\u2019ascolto. Se le nostre comunit\u00e0 imparassero ad ascoltare, sarebbero diverse. Siamo troppo pieni di rumori e del nostro io che vuole imporsi sugli altri; questo ci rende spesso autoreferenziali e incapaci di ascoltare gli altri e quindi di camminare insieme. \u00c8 sempre pi\u00f9 difficile trovare persone in parrocchia disponibili all\u2019ascolto, si trovano pi\u00f9 facilmente \u201cdottori della legge\u201d \u2013 sanno tutto loro \u2013 oppure \u201ccriticoni\u201d \u2013 mormorare alle spalle ai crocicchi delle strade \u00e8 il loro passa tempo \u2013 o infine \u201csupereroi\u201d \u2013 fanno di tutto per gli altri, ma non hanno ancora scoperto il \u201cnecessario\u201d della vita cristiana.&nbsp;<\/p>\n\n\n\n<p>Infine, <strong>svegli<\/strong>. <em>\u201cSentinella, quanto resta della notte\u201d (Is 21,11). <\/em>Iniziamo il nuovo anno tenendo fisso lo sguardo sulla realt\u00e0, mi sembra questa la condizione per poter rimanere svegli. Non bastano buone idee e buoni propositi per svegliarci, idee e propositi possono dare una mano, ma serve partire dall\u2019ascolto attento della realt\u00e0 per generare speranza. Questa convinzione che la realt\u00e0 \u00e8 il santuario della presenza di Dio ci deve spingere a farci compagni di viaggio dei nostri fratelli, a partire dalla loro realt\u00e0. Ges\u00f9 con i due amici di Emmaus, si \u00e8 messo a camminare con loro, ascoltandoli. Purtroppo, spesso la realt\u00e0 ci fa paura oppure la giudichiamo con le nostre precomprensioni e quindi ci rifugiamo nelle idee, nelle lamentele, nell\u2019organizzazione, nel gruppo di quelli che la pensano come noi. Insomma, si fa fatica ad ascoltare la realt\u00e0, ma \u00e8 proprio qui che ci dobbiamo svegliare se vogliamo dare una prospettiva per il nostro futuro.<\/p>\n\n\n\n<p><strong>don Luigi<\/strong><\/p>\n","protected":false},"excerpt":{"rendered":"<p>Carissimo popolo di Dio che vive a Cassina de\u2019 Pecchi, &nbsp; alcuni anni fa i religiosi e le religiose dell\u2019Austria avevano scelto come motto per i prossimi tre anni: \u201csemplici, insieme, svegli\u201d. Inoltre, avevano esortato a resistere al crescente pessimismo come se la fine del cristianesimo fosse vicina. Al contrario la storia del cristianesimo \u00e8 [&hellip;]<\/p>\n","protected":false},"author":2,"featured_media":0,"comment_status":"closed","ping_status":"open","sticky":false,"template":"","format":"standard","meta":{"footnotes":""},"categories":[19],"tags":[],"class_list":{"0":"post-20587","1":"post","2":"type-post","3":"status-publish","4":"format-standard","6":"category-prima-pagina"},"_links":{"self":[{"href":"https:\/\/comunitapastoralecassina.org\/ver2\/wp-json\/wp\/v2\/posts\/20587","targetHints":{"allow":["GET"]}}],"collection":[{"href":"https:\/\/comunitapastoralecassina.org\/ver2\/wp-json\/wp\/v2\/posts"}],"about":[{"href":"https:\/\/comunitapastoralecassina.org\/ver2\/wp-json\/wp\/v2\/types\/post"}],"author":[{"embeddable":true,"href":"https:\/\/comunitapastoralecassina.org\/ver2\/wp-json\/wp\/v2\/users\/2"}],"replies":[{"embeddable":true,"href":"https:\/\/comunitapastoralecassina.org\/ver2\/wp-json\/wp\/v2\/comments?post=20587"}],"version-history":[{"count":1,"href":"https:\/\/comunitapastoralecassina.org\/ver2\/wp-json\/wp\/v2\/posts\/20587\/revisions"}],"predecessor-version":[{"id":20589,"href":"https:\/\/comunitapastoralecassina.org\/ver2\/wp-json\/wp\/v2\/posts\/20587\/revisions\/20589"}],"wp:attachment":[{"href":"https:\/\/comunitapastoralecassina.org\/ver2\/wp-json\/wp\/v2\/media?parent=20587"}],"wp:term":[{"taxonomy":"category","embeddable":true,"href":"https:\/\/comunitapastoralecassina.org\/ver2\/wp-json\/wp\/v2\/categories?post=20587"},{"taxonomy":"post_tag","embeddable":true,"href":"https:\/\/comunitapastoralecassina.org\/ver2\/wp-json\/wp\/v2\/tags?post=20587"}],"curies":[{"name":"wp","href":"https:\/\/api.w.org\/{rel}","templated":true}]}}