{"id":20693,"date":"2026-02-19T16:30:42","date_gmt":"2026-02-19T15:30:42","guid":{"rendered":"https:\/\/comunitapastoralecassina.org\/ver2\/?p=20693"},"modified":"2026-02-19T16:30:44","modified_gmt":"2026-02-19T15:30:44","slug":"quaresima-pregare-fare-e-digiunare","status":"publish","type":"post","link":"https:\/\/comunitapastoralecassina.org\/ver2\/2026\/02\/quaresima-pregare-fare-e-digiunare\/","title":{"rendered":"Quaresima: pregare, fare e digiunare"},"content":{"rendered":"\n<p><strong><em>Carissimo popolo di Dio che vive a Cassina de\u2019 Pecchi,<\/em><\/strong><em> &nbsp;<\/em><\/p>\n\n\n<div class=\"wp-block-image\">\n<figure class=\"alignright size-full\"><a href=\"https:\/\/comunitapastoralecassina.org\/ver2\/wp-content\/uploads\/pane-acqua-rosario-libro.png\"><img loading=\"lazy\" decoding=\"async\" width=\"250\" height=\"141\" src=\"https:\/\/comunitapastoralecassina.org\/ver2\/wp-content\/uploads\/pane-acqua-rosario-libro.png\" alt=\"\" class=\"wp-image-20694\"\/><\/a><\/figure><\/div>\n\n\n<p>Il 22 febbraio inizia la Quaresima. L&#8217;invito \u00e8 quello di entrare da protagonisti in questo tempo forte e favorevole di conversione. Chi di noi non ha bisogno di conversione? La vita cristiana \u00e8 un continuo anelito alla conversione, se non fosse cos\u00ec, saremmo gi\u00e0 morti spiritualmente! Proponiamoci di vivere il nostro cammino quaresimale attenti a tre concrete dimensioni spirituali.<\/p>\n\n\n\n<p>La prima \u00e8 <strong>pregare<\/strong>, <strong>ricordando che solo Dio \u00e8 Dio<\/strong>.<br \/>La pi\u00f9 grande tentazione nella preghiera \u00e8 quella di modellare dio ai nostri bisogni. Facciamo alcuni esempi. Le persone che chiedono a dio ci\u00f2 di cui pensano di avere bisogno, una sorta di macchina divina a gettoni, e non si preoccupano minimamente di ascoltare Dio. Poi le persone che hanno rinchiuso dio nella loro &#8220;conoscenza&#8221;, si sentono gli eletti e in genere il leader carismatico (di solito preti) attraggono a s\u00e9 i fedeli, dimenticando di incamminarli incontro a Dio e alla vita della comunit\u00e0 cristiana. Poi ancora ci sono le persone che usano dio per giustificare le loro azioni, senza chiedersi prima che cosa mi dice Dio. Basti pensare alla bestemmia della guerra &#8220;in nome di dio&#8221;, un dio che deve benedire le armi, un dio che deve giustificare le stragi, un dio trasformato da noi in &#8220;violento&#8221;!<\/p>\n\n\n\n<p>Ricordarci che Dio \u00e8 Dio significa imparare l&#8217;arte dell&#8217;ascolto, non temere il silenzio, osare la fiducia e il coraggio del mettere in pratica la Parola di Dio. Essere umili.<\/p>\n\n\n\n<p>La seconda \u00e8 <strong>fare la carit\u00e0. <\/strong>Non \u00e8 l&#8217;invito all&#8217;attivismo sfrenato o al placare la coscienza con un\u2019elemosina generosa. \u00c8 la scoperta della &#8220;concretezza&#8221; e il desiderio di &#8220;conoscere&#8221; per aiutare di pi\u00f9 e meglio. Come ci ricorda la lettera di Giacomo (1,14-17) \u201c<em>A che serve, fratelli miei, se uno dice di aver fede ma non ha opere? Pu\u00f2 la fede salvarlo? Se un fratello o una sorella non hanno vestiti e mancano del cibo quotidiano, e uno di voi dice loro: \u00abAndate in pace, scaldatevi e saziatevi\u00bb, ma non date loro le cose necessarie al corpo, a che cosa serve? Cos\u00ec \u00e8 della fede; se non ha opere, \u00e8 per s\u00e9 stessa morta&#8221;.<\/em>&nbsp;&nbsp;&nbsp;&nbsp;&nbsp;&nbsp;<\/p>\n\n\n\n<p>Infine, la terza dimensione spirituale per il nostro cammino quaresimale \u00e8 <strong>il digiuno, il cui scopo \u00e8 aiutarci ad amare noi stessi in modo adeguato. <\/strong>Innanzitutto &#8220;abbi cura di te stesso&#8221;, cio\u00e8 la proposta di ricomporsi, evitando gli eccessi, cercando un equilibrio interiore e riscoprire il dono pi\u00f9 grande di Dio: la vita. Un esercizio spirituale che non \u00e8 una teoria astratta, ma cos\u00ec concreto, che riguarda il nostro corpo, la pancia, il rapporto equilibrato con il cibo e il riposo. Inoltre, il digiuno, che diventa rinuncia al di pi\u00f9 perch\u00e9 non necessario, pu\u00f2 essere un aiuto concreto a chi non ha il necessario per vivere.&nbsp;&nbsp;&nbsp;<\/p>\n\n\n\n<p>Insomma, una Quaresima <strong>per vivere meglio<\/strong> con noi stessi, con i fratelli e con Dio.&nbsp;&nbsp;&nbsp;<\/p>\n\n\n\n<p><strong>don Luigi<\/strong><\/p>\n","protected":false},"excerpt":{"rendered":"<p>Carissimo popolo di Dio che vive a Cassina de\u2019 Pecchi, &nbsp; Il 22 febbraio inizia la Quaresima. L&#8217;invito \u00e8 quello di entrare da protagonisti in questo tempo forte e favorevole di conversione. Chi di noi non ha bisogno di conversione? La vita cristiana \u00e8 un continuo anelito alla conversione, se non fosse cos\u00ec, saremmo gi\u00e0 [&hellip;]<\/p>\n","protected":false},"author":2,"featured_media":0,"comment_status":"closed","ping_status":"open","sticky":false,"template":"","format":"standard","meta":{"footnotes":""},"categories":[19],"tags":[],"class_list":{"0":"post-20693","1":"post","2":"type-post","3":"status-publish","4":"format-standard","6":"category-prima-pagina"},"_links":{"self":[{"href":"https:\/\/comunitapastoralecassina.org\/ver2\/wp-json\/wp\/v2\/posts\/20693","targetHints":{"allow":["GET"]}}],"collection":[{"href":"https:\/\/comunitapastoralecassina.org\/ver2\/wp-json\/wp\/v2\/posts"}],"about":[{"href":"https:\/\/comunitapastoralecassina.org\/ver2\/wp-json\/wp\/v2\/types\/post"}],"author":[{"embeddable":true,"href":"https:\/\/comunitapastoralecassina.org\/ver2\/wp-json\/wp\/v2\/users\/2"}],"replies":[{"embeddable":true,"href":"https:\/\/comunitapastoralecassina.org\/ver2\/wp-json\/wp\/v2\/comments?post=20693"}],"version-history":[{"count":1,"href":"https:\/\/comunitapastoralecassina.org\/ver2\/wp-json\/wp\/v2\/posts\/20693\/revisions"}],"predecessor-version":[{"id":20695,"href":"https:\/\/comunitapastoralecassina.org\/ver2\/wp-json\/wp\/v2\/posts\/20693\/revisions\/20695"}],"wp:attachment":[{"href":"https:\/\/comunitapastoralecassina.org\/ver2\/wp-json\/wp\/v2\/media?parent=20693"}],"wp:term":[{"taxonomy":"category","embeddable":true,"href":"https:\/\/comunitapastoralecassina.org\/ver2\/wp-json\/wp\/v2\/categories?post=20693"},{"taxonomy":"post_tag","embeddable":true,"href":"https:\/\/comunitapastoralecassina.org\/ver2\/wp-json\/wp\/v2\/tags?post=20693"}],"curies":[{"name":"wp","href":"https:\/\/api.w.org\/{rel}","templated":true}]}}