{"id":20838,"date":"2026-04-23T15:06:45","date_gmt":"2026-04-23T13:06:45","guid":{"rendered":"https:\/\/comunitapastoralecassina.org\/ver2\/?p=20838"},"modified":"2026-04-23T15:06:47","modified_gmt":"2026-04-23T13:06:47","slug":"non-e-qui","status":"publish","type":"post","link":"https:\/\/comunitapastoralecassina.org\/ver2\/2026\/04\/non-e-qui\/","title":{"rendered":"&#8220;Non \u00e8 qui&#8221;"},"content":{"rendered":"\n<p><strong>Carissimo popolo di Dio che vive a Cassina de\u2019 Pecchi,<\/strong><\/p>\n\n\n\n<p>l&#8217;evangelista Luca annuncia la risurrezione di Ges\u00f9 con queste parole: <em>&#8220;Non \u00e8 qui, \u00e8 risorto&#8221;<\/em> (Lc 24, 6). Allo stesso modo Marco: <em>&#8220;E&#8217; risorto, non \u00e8 qui&#8221;<\/em> (Mc 16,6). Infine, anche l&#8217;evangelista Matteo racconta: <em>&#8220;Non \u00e8 qui, \u00e8 risorto&#8221;.<\/em> (Mt 28, 6). Alcuni anni fa un amico ateo mi disse: &#8220;In questi racconti di risurrezione io comprendo solo la prima parte &#8211; &#8220;<em>non \u00e8 qui&#8221;<\/em> &#8211; il resto lo lascio a te&#8221;. Questo caro amico mi ha dato uno spunto per pensare, per rendere la mia fede ragionevole e per tentare di dare ragione di ci\u00f2 in cui credo.<\/p>\n\n\n<div class=\"wp-block-image\">\n<figure class=\"alignright size-full is-resized\"><a href=\"https:\/\/comunitapastoralecassina.org\/ver2\/wp-content\/uploads\/sepolcro.png\"><img loading=\"lazy\" decoding=\"async\" width=\"1019\" height=\"765\" src=\"https:\/\/comunitapastoralecassina.org\/ver2\/wp-content\/uploads\/sepolcro.png\" alt=\"\" class=\"wp-image-20839\" style=\"width:265px;height:auto\" srcset=\"https:\/\/comunitapastoralecassina.org\/ver2\/wp-content\/uploads\/sepolcro.png 1019w, https:\/\/comunitapastoralecassina.org\/ver2\/wp-content\/uploads\/sepolcro-300x225.png 300w, https:\/\/comunitapastoralecassina.org\/ver2\/wp-content\/uploads\/sepolcro-768x577.png 768w, https:\/\/comunitapastoralecassina.org\/ver2\/wp-content\/uploads\/sepolcro-559x420.png 559w, https:\/\/comunitapastoralecassina.org\/ver2\/wp-content\/uploads\/sepolcro-80x60.png 80w, https:\/\/comunitapastoralecassina.org\/ver2\/wp-content\/uploads\/sepolcro-696x523.png 696w\" sizes=\"auto, (max-width: 1019px) 100vw, 1019px\" \/><\/a><\/figure><\/div>\n\n\n<p>Ges\u00f9 risorto non \u00e8 come ce lo aspettavamo, non \u00e8 nella modalit\u00e0 con cui la vita ci ha insegnato a venerare una persona morta, cio\u00e8 nel suo essere per sempre indisponibile alla vita. Non \u00e8 visibile. L&#8217;ultimo appiglio di consolazione, quello di un corpo da profumare per il suo ritorno alla polvere, non \u00e8 accessibile alle donne accorse al sepolcro. L&#8217;ultimo scorcio per sbirciare sul post-mortem \u00e8 una frase negativa: <strong>&#8220;non \u00e8 qui&#8221;.<\/strong><\/p>\n\n\n\n<p>\u00c8 proprio come sbattere la testa contro il muro! <\/p>\n\n\n\n<p>Tuttavia, questa via &#8220;negativa&#8221;, che non \u00e8 da intendere come semplice assenza, ma come stimolante ricerca di una presenza nuova e inattesa; mi ispira la ricerca del mistero del Dio della vita attraverso dei sentieri non panoramici, ne sicuri, n\u00e9 affollati, ma piuttosto sentieri selvaggi e inesplorati. <\/p>\n\n\n\n<p>Non \u00e8 la ricerca della risposta certa e consolante, ma delle tracce di un passaggio. \u00c8 passato, ma ora non \u00e8 qui. \u00c8 come quando si cerca un amico, che ha lasciato a casa il cellulare, lo si cerca nei luoghi dai lui abitualmente frequentati, si contattano altri amici comuni, nella speranza di trovare almeno una traccia del suo passaggio, che ci possa suggerire dove continuare la ricerca. <\/p>\n\n\n\n<p>Ma anche questo non sembra bastare per entrare nel mistero del Dio della vita, perch\u00e9 l&#8217;angelo dice: non \u00e8 <strong>&#8220;qui&#8221;!<\/strong> Insomma, pare che non ci sia luogo sulla terra dove Lui non sia gi\u00e0 passato! Non possiamo trattenerlo in nessun luogo per considerarlo solo nostro o poter dire noi l&#8217;abbiamo trovato. <\/p>\n\n\n\n<p>Per Dio forse il &#8220;qui&#8221; non esiste, il suo amore preferisce &#8220;ovunque&#8221;. <\/p>\n\n\n\n<p>Per Dio non c&#8217;\u00e8 il confine o la misura, ma l&#8217;oltre e l&#8217;infinito. <\/p>\n\n\n\n<p>La sfida del &#8220;non \u00e8 qui&#8221; \u00e8 ancora aperta. Ritengo che un&#8217;esperienza evangelica di fede sia accogliere con umilt\u00e0 questa sfida. <\/p>\n\n\n\n<p><strong>Una fede che non ci consegna certezze di risurrezione, ma stimolanti domande per cercare con fiducia lo Spirito del Risorto che non \u00e8 come e dove noi vorremmo trovarlo, ma il Risorto \u00e8 in cammino ovunque. \u00c8 un amico inatteso in un luogo improbabile.<\/strong> T<\/p>\n\n\n\n<p>ento di proporre alcuni di questi sentieri di risurrezione, che mi piace anche chiamare vie di luce, che ognuno pu\u00f2 percorrere nella sua vita quotidiana e desiderare di vivere al termine di questa lunga quarantena. Il primo sentiero \u00e8 quello stesso del considerarci <strong>\u201cpersone in cammino\u201d,<\/strong> cio\u00e8 pellegrini sulla terra. <\/p>\n\n\n\n<p>La consapevolezza di avere Qualcuno o qualcosa da incontrare, \u00e8 la linfa della vita, \u00e8 l\u2019attesa del risorto. Non disperderci o non fermarci \u00e8 il modo cristiano per superare le fatiche e le sofferenze della vita. Il sentirci in cammino e quindi mai arrogantemente arrivati, \u00e8 un modo per crescere umanamente e credere con ragionevolezza. Il secondo sentiero \u00e8 <strong>\u201cl\u2019accoglienza\u201d<\/strong>. <\/p>\n\n\n\n<p>Un cammino solitario \u00e8 l\u2019anticamera della morte spirituale, invece il cammino capace di sguardi, di abbracci e di sorrisi, di amicale compagnia \u00e8 una vita illuminata, disponibile a cambiare, a risorgere. Infine, il terzo sentiero di luce \u00e8 <strong>\u201cla visita\u201d.<\/strong> Visitare le persone, soprattutto quelle pi\u00f9 dimenticate o abbandonate nella solitudine. Il desidero di visitare una persona ci nasce dentro. \u00c8 un moto gratuito del cuore. <\/p>\n\n\n\n<p>\u00c8 un\u2019attitudine umana che ci anticipa la visita inattesa di Dio nella nostra vita. \u00c8 il risorto.<\/p>\n\n\n\n<p><em>Don Luigi&nbsp;&nbsp;&nbsp;&nbsp;&nbsp;&nbsp;&nbsp;&nbsp;&nbsp;&nbsp;&nbsp;&nbsp;&nbsp;&nbsp;&nbsp;&nbsp;&nbsp;&nbsp;&nbsp;&nbsp;&nbsp;&nbsp;&nbsp;&nbsp;&nbsp;&nbsp;&nbsp;&nbsp;&nbsp;&nbsp;&nbsp;&nbsp;&nbsp;&nbsp;&nbsp;&nbsp;&nbsp; <\/em>&nbsp;<\/p>\n","protected":false},"excerpt":{"rendered":"<p>Carissimo popolo di Dio che vive a Cassina de\u2019 Pecchi, l&#8217;evangelista Luca annuncia la risurrezione di Ges\u00f9 con queste parole: &#8220;Non \u00e8 qui, \u00e8 risorto&#8221; (Lc 24, 6). Allo stesso modo Marco: &#8220;E&#8217; risorto, non \u00e8 qui&#8221; (Mc 16,6). Infine, anche l&#8217;evangelista Matteo racconta: &#8220;Non \u00e8 qui, \u00e8 risorto&#8221;. (Mt 28, 6). Alcuni anni fa [&hellip;]<\/p>\n","protected":false},"author":2,"featured_media":0,"comment_status":"closed","ping_status":"open","sticky":false,"template":"","format":"standard","meta":{"footnotes":""},"categories":[19],"tags":[],"class_list":{"0":"post-20838","1":"post","2":"type-post","3":"status-publish","4":"format-standard","6":"category-prima-pagina"},"_links":{"self":[{"href":"https:\/\/comunitapastoralecassina.org\/ver2\/wp-json\/wp\/v2\/posts\/20838","targetHints":{"allow":["GET"]}}],"collection":[{"href":"https:\/\/comunitapastoralecassina.org\/ver2\/wp-json\/wp\/v2\/posts"}],"about":[{"href":"https:\/\/comunitapastoralecassina.org\/ver2\/wp-json\/wp\/v2\/types\/post"}],"author":[{"embeddable":true,"href":"https:\/\/comunitapastoralecassina.org\/ver2\/wp-json\/wp\/v2\/users\/2"}],"replies":[{"embeddable":true,"href":"https:\/\/comunitapastoralecassina.org\/ver2\/wp-json\/wp\/v2\/comments?post=20838"}],"version-history":[{"count":1,"href":"https:\/\/comunitapastoralecassina.org\/ver2\/wp-json\/wp\/v2\/posts\/20838\/revisions"}],"predecessor-version":[{"id":20840,"href":"https:\/\/comunitapastoralecassina.org\/ver2\/wp-json\/wp\/v2\/posts\/20838\/revisions\/20840"}],"wp:attachment":[{"href":"https:\/\/comunitapastoralecassina.org\/ver2\/wp-json\/wp\/v2\/media?parent=20838"}],"wp:term":[{"taxonomy":"category","embeddable":true,"href":"https:\/\/comunitapastoralecassina.org\/ver2\/wp-json\/wp\/v2\/categories?post=20838"},{"taxonomy":"post_tag","embeddable":true,"href":"https:\/\/comunitapastoralecassina.org\/ver2\/wp-json\/wp\/v2\/tags?post=20838"}],"curies":[{"name":"wp","href":"https:\/\/api.w.org\/{rel}","templated":true}]}}