{"id":223,"date":"2008-06-02T18:21:39","date_gmt":"2008-06-02T17:21:39","guid":{"rendered":"http:\/\/www.parrocchiasmacassina.org\/?p=223"},"modified":"2013-01-25T21:40:41","modified_gmt":"2013-01-25T20:40:41","slug":"una-giornata-di-convivenza-alla-cascina-primavera","status":"publish","type":"post","link":"https:\/\/comunitapastoralecassina.org\/ver2\/2008\/06\/una-giornata-di-convivenza-alla-cascina-primavera\/","title":{"rendered":"Una Giornata di Convivenza alla Cascina Primavera"},"content":{"rendered":"<p align=\"left\">La giornata della convivenza tra genitori e bimbi della Scuola d&#8217;Infanzia &#8220;Don Ambrogio Verderio&#8221; \u00e8 stata meravigliosa; proprio una bella giornata di primavera.<\/p>\n<p>Pochi sapevano della mia presenza, alcuni si sono meravigliati, tutti sono stati contenti.<\/p>\n<p>Devo ringraziare la direttrice Graziella e l&#8217;insegnante Barbara che mi hanno invitato a partecipare, dopo un&#8217;assenza di sei anni per la mia rinuncia a parroco e per la mia non pi\u00f9 giovane et\u00e0 (82 anni e due mesi).<\/p>\n<p>L&#8217;azienda Agriturismo Cascina Primavera di Trescore, nella bergamasca \u00e8 immersa nel verde, circondata  da tanti alberi, su un vasto terreno a prato e un po&#8217; scosceso, dove ci stanno da padroni le capre, le pecore, gli agnelli, i conigli, le galline, la mucca, il cavallo con il suo puledro, ecc.<\/p>\n<p>Non manca il poni, gioia dei bimbi che, seduti sul semplice &#8220;calessino&#8221;, si lasciano condurre, lentamente, dal mansueto animale, piccolo ma robusto, godendosi la piccola passeggiata, alla vista compiaciuta dei genitori.<\/p>\n<p>Le strutture sono modeste, ma tutte a regola di legge, per permettere ai visitatori, piccoli e grandi, di muoversi a proprio agio.<\/p>\n<p>Lungo il percorso della Cascina non sfugge il particolare di tante comode sedie, la cui mancanza si avverte quando, in queste occasioni, o non ce ne sono, o sono poche per gruppi numerosi.<\/p>\n<p>La mattinata scorre veloce all&#8217;insegna dell&#8217;atmosfera giusta, creata dagli istruttori, per mettere i bimbi, divisi per gruppi, a contatto diretto con la natura, cos\u00ec da poter arricchire la loro piccola mente e fantasia delle prime nozioni indispensabili per una conoscenza pi\u00f9 ampia da sviluppare poi nella scuola e nella vita.<\/p>\n<p>Il pranzo \u00e8 atteso con impazienza da tutti e lo si consuma con serenit\u00e0 e tranquillit\u00e0, senza problemi o preoccupazioni per qualche singola necessit\u00e0, perch\u00e8 preparato dagli stessi genitori.<\/p>\n<p>Per trascorrere il pomeriggio allegramente, coinvolgendo prima i bimbi e poi i genitori, mi ha sorpreso favorevolmente la scelta dei giochi; giochi tradizionali, del passato un po&#8217; dimenticato, come &#8220;bandiera&#8221; e &#8220;tiro alla fune&#8221;.<\/p>\n<p>Ho notato con piacere la gioia, il sorriso, al partecipazione spontanea ed entusiasta e la soddisfazione di tutti.<\/p>\n<p>Parte importante e interessante sono stati i &#8220;laboratori&#8221; per apprendere come si possono costruire oggetti belli e piacevoli con materiali semplici, come l&#8217;argilla.<\/p>\n<p>Nel ritorno sul pullman, sono passati davanti alla mia mente i ricordi del passato, quando alle gite partecipavano solo i bimbi, il divertimento era offerto dai tanti operatori specializzati (vedi Gardaland), qualche bimbo solo affidato alla maestra e la gita si chiamava gita e basta.<\/p>\n<p>Da qualche anno si preferisce chiamarla: &#8220;Giornata di convivenza&#8221;.<\/p>\n<p>Sono contento per questo cambiamento, che denota una maggiore attenzione al bimbo come persona, alla famiglia come partecipazione e collaborazione e alla vita come espressione di gioia e di unione.<\/p>\n<p>Per\u00f2 sono contento, sia per il passato come per il presente, perch\u00e8 ho sempre accettato con fiducia e serenit\u00e0 tutto ci\u00f2 che il buon Dio ogni giorno mi d\u00e0.<\/p>\n<p><em>(A cura di Monsignor Bruno Magnani)<\/em><\/p>\n","protected":false},"excerpt":{"rendered":"<p>La giornata della convivenza tra genitori e bimbi della Scuola d&#8217;Infanzia &#8220;Don Ambrogio Verderio&#8221; \u00e8 stata meravigliosa; proprio una bella giornata di primavera. Pochi sapevano della mia presenza, alcuni si sono meravigliati, tutti sono stati contenti. Devo ringraziare la direttrice Graziella e l&#8217;insegnante Barbara che mi hanno invitato a partecipare, dopo un&#8217;assenza di sei anni [&hellip;]<\/p>\n","protected":false},"author":2,"featured_media":0,"comment_status":"closed","ping_status":"open","sticky":false,"template":"","format":"standard","meta":{"footnotes":""},"categories":[32],"tags":[],"class_list":{"0":"post-223","1":"post","2":"type-post","3":"status-publish","4":"format-standard","6":"category-resoconti-e-meditazioni"},"_links":{"self":[{"href":"https:\/\/comunitapastoralecassina.org\/ver2\/wp-json\/wp\/v2\/posts\/223","targetHints":{"allow":["GET"]}}],"collection":[{"href":"https:\/\/comunitapastoralecassina.org\/ver2\/wp-json\/wp\/v2\/posts"}],"about":[{"href":"https:\/\/comunitapastoralecassina.org\/ver2\/wp-json\/wp\/v2\/types\/post"}],"author":[{"embeddable":true,"href":"https:\/\/comunitapastoralecassina.org\/ver2\/wp-json\/wp\/v2\/users\/2"}],"replies":[{"embeddable":true,"href":"https:\/\/comunitapastoralecassina.org\/ver2\/wp-json\/wp\/v2\/comments?post=223"}],"version-history":[{"count":1,"href":"https:\/\/comunitapastoralecassina.org\/ver2\/wp-json\/wp\/v2\/posts\/223\/revisions"}],"predecessor-version":[{"id":5236,"href":"https:\/\/comunitapastoralecassina.org\/ver2\/wp-json\/wp\/v2\/posts\/223\/revisions\/5236"}],"wp:attachment":[{"href":"https:\/\/comunitapastoralecassina.org\/ver2\/wp-json\/wp\/v2\/media?parent=223"}],"wp:term":[{"taxonomy":"category","embeddable":true,"href":"https:\/\/comunitapastoralecassina.org\/ver2\/wp-json\/wp\/v2\/categories?post=223"},{"taxonomy":"post_tag","embeddable":true,"href":"https:\/\/comunitapastoralecassina.org\/ver2\/wp-json\/wp\/v2\/tags?post=223"}],"curies":[{"name":"wp","href":"https:\/\/api.w.org\/{rel}","templated":true}]}}