{"id":2488,"date":"2011-04-20T10:21:22","date_gmt":"2011-04-20T08:21:22","guid":{"rendered":"http:\/\/comunitapastoralecassina.org\/ver2\/?p=2488"},"modified":"2013-01-25T22:04:44","modified_gmt":"2013-01-25T21:04:44","slug":"2001-2011-dieci-anni-di-gruppo-sportivo","status":"publish","type":"post","link":"https:\/\/comunitapastoralecassina.org\/ver2\/2011\/04\/2001-2011-dieci-anni-di-gruppo-sportivo\/","title":{"rendered":"2001 &#8211; 2011:  Dieci anni di Gruppo Sportivo"},"content":{"rendered":"<p><img loading=\"lazy\" decoding=\"async\" class=\"alignleft size-full wp-image-62\" title=\"GS SDS Arcobaleno\" src=\"http:\/\/comunitapastoralecassina.org\/ver2\/wp-content\/uploads\/Arcobaleno.jpg\" alt=\"GS SDS Arcobaleno\" width=\"150\" height=\"150\" \/><\/p>\n<h1>BUON COMPLEANNO ARCOBALENO<\/h1>\n<p>Il 6 maggio di dieci anni fa veniva fondato il Gruppo Sportivo Arcobaleno. In dieci anni di vita quest\u2019Associazione \u00e8 diventata un punto fermo della nostra Comunit\u00e0 Cristiana e un riferimento per tutta la citt\u00e0 di Cassina. Il numero di iscritti (ormai stabilmente pi\u00f9 di 600), la pluralit\u00e0 delle proposte sportive, la presenza sul territorio fanno del Gruppo Sportivo Arcobaleno un elemento insostituibile del nostro stare insieme. In questi giorni e fino a settembre, con l\u2019inizio del nuovo anno sportivo, diverse saranno le iniziative, delle quali tutti noi saremo informati, per ricordare questi primi dieci anni di vita.<\/p>\n<p>\u00a0Come Presidente, voglio invece pensare a come saranno i prossimi anni, a quale futuro ci aspetta.<\/p>\n<p>Il futuro, per\u00f2, si apre solo quando si riconosce la memoria. E\u2019 la nostra storia, il cammino fatto, che ci hanno portato ad essere ci\u00f2 che siamo. Sono le persone, gli atleti, i dirigenti, i membri del direttivo, i coadiutori e i parroci che ci hanno sostenuto, che hanno costruito ci\u00f2 che siamo.<\/p>\n<p>E questa storia, la nostra, passa attraverso il legame stretto e indissolubile con la Chiesa ambrosiana, con la Chiesa locale e con il Centro Sportivo Italiano.<\/p>\n<p>I Soci fondatori dieci anni fa avevano un sogno che era quello di fornire una proposta sportiva che fosse prima di tutto una proposta educativa e aperta a tutti, centrata sulla persona e non sull\u2019agonismo esasperato: \u201cPersona al centro vittoria assicurata\u201d era ed \u00e8 lo slogan che ci guida.<\/p>\n<p>Il Sogno deve essere ci\u00f2 che ci muove, come educatori e responsabili, affinch\u00e9 sappiamo aiutare a sognare anche i nostri ragazzi. Il Sogno che prevede il rimboccarsi le maniche per realizzare ci\u00f2 che si \u00e8 sognato e che ci sta a cuore, proprio con la certezza che \u00e8 il Sogno a cambiare le situazioni. Educare al Sogno vuol dire anche educare alle proprie debolezze e ai propri limiti. Si pu\u00f2 essere concreti solo se si hanno dei sogni da seguire. L\u2019invito che la Chiesa ci fa \u00e8 quello di prendere sotto la nostra responsabilit\u00e0 i giovani e gli adulti che si affidano a noi per camminare insieme versi il Sogno grande che \u00e8 la loro vocazione e la vocazione di ciascuno. E la strategia vincente, oggi come allora, \u00e8 quella dei soci fondatori: \u201c Persona al centro vittoria assicurata\u201d che si traduce in una parola \u201cAccoglienza\u201d.<\/p>\n<p>Qual \u00e8 il Sogno oggi? Come guardare verso il futuro? Quale Arcobaleno desideriamo?<\/p>\n<p>Alcuni punti di riflessione:<\/p>\n<p>Vogliamo un Arcobaleno che sia sempre di pi\u00f9 \u201coratorio\u201d nel senso pi\u00f9 profondo del termine.<\/p>\n<p>Un luogo dove ritrovare la gioia di una sana competizione.<\/p>\n<p>Un ambiente con la possibilit\u00e0 per i ragazzi di non perdersi.<\/p>\n<p>Un Arcobaleno che sia orgoglioso di avere \u201cragazzi scapestrati\u201d e che non si occupi solo di \u201celite\u201d.<\/p>\n<p>Un luogo dove tutti giovani e adulti attraverso lo sport trovino il senso del loro essere.<\/p>\n<p>Un\u2019Associazione dove la partita pi\u00f9 bella da giocare \u00e8 la prossima.<\/p>\n<p>Un luogo dove <span style=\"text-decoration: underline;\">tutti<\/span> possano partecipare e in cui <span style=\"text-decoration: underline;\">tutti<\/span> possano trovare il loro posto.<\/p>\n<p>Buon compleanno Arcobaleno.<\/p>\n<p>Alfonso Fornasari<\/p>\n<hr \/>\n<p>C\u2019era una volta, non tanti anni fa, un gruppo di persone che volle piantare, nel grande bosco dell\u2019 oratorio San Domenico Savio di Cassina de\u2019 Pecchi, un piccolo alberello chiamato Arcobaleno.<\/p>\n<p>Questa pianticella all\u2019ombra amica degli altri alberi gi\u00e0 presenti ed aiutata da tutti, pian piano \u00e8 cresciuta.<\/p>\n<p>Sono trascorsi ormai dieci anni, le radici si sono ben sviluppate e consolidate nel terreno e siamo pronti ad iniziare un nuovo cammino tutti insieme, convinti che il nostro motto<\/p>\n<h3>\u201cPersona al centro, vittoria assicurata\u201d<\/h3>\n<p>sia la migliore garanzia per chi vuole praticare lo sport con costanza.<\/p>\n<p><strong>Questi gli sport che facciamo:<\/strong><\/p>\n<ul>\n<li>Calcio<\/li>\n<li>Danza<\/li>\n<li>Ginnastica Adulti<\/li>\n<li>Ginnastica Antalgica<\/li>\n<li>Karate<\/li>\n<li>Basket<\/li>\n<li>Pallavolo<\/li>\n<li>Ping Pong<\/li>\n<li>Polivalente &amp; Avviamento allo Sport<\/li>\n<li>Biliardino<\/li>\n<li>Escursionismo<\/li>\n<\/ul>\n<h3 style=\"text-align: center;\"><span style=\"color: #3366ff;\">Festeggiamo insieme<br \/>\ni primi 10 anni del Gruppo Sportivo<br \/>\nS.D.S. ARCOBALENO<\/span><\/h3>\n<p>6 maggio 18.30 \u2013 19.45<br \/>\nIL <strong>Compleanno<br \/>\n<\/strong><em>Momento di <\/em><strong><em>festa <\/em><\/strong><em>e <\/em><strong><em>rinfresco <\/em><\/strong><em>per tutti presso l&#8217;<\/em><strong><em>oratorio S.D. Savio <\/em><\/strong><em>di Via Cardinal Ferrari.<br \/>\n<\/em><em>Alle 19.45 partenza del direttivo e di tutta la comunit\u00e0 per il <\/em><strong><em>pellegrinaggio diocesano al Santuario di Caravaggio<\/em><\/strong><\/p>\n<p>8 maggio 11.30<br \/>\nLA <strong>S.Messa<br \/>\n<\/strong><em>Presso la <\/em><strong><em>chiesa di S.M. Ausiliatrice S. Messa di ringraziamento<\/em><\/strong><em>. Al termine sul piazzale della chiesa aperitivo per tutti.<\/em><\/p>\n<p>16 maggio 21.00<br \/>\nGLI <strong>Amici<br \/>\n<\/strong><em>Presso l&#8217;<\/em><strong><em>oratorio S.D. Savio <\/em><\/strong><em>di Via Cardinal Ferrari Direttivo allargato a tutti gli amici \u201cvecchi e nuovi\u201d, atleti,dirigenti, allenatori, genitori e sostenitori.<br \/>\n<\/em><em>Titolo dell&#8217;incontro:<br \/>\n<\/em><em>\u201c<\/em><strong><em>10 anni d&#8217;Arcobaleno tra un passato di ricordi ed un futuro di progetti<\/em><\/strong><em>\u201d.<\/em><em> <\/em><\/p>\n<p>11 giugno ore 15.00<br \/>\nIL <strong>Territorio<br \/>\n<\/strong><em>Presso il Casale partecipazione insieme alle altre organizzazioni no-profit del territorio alla manifestazione \u201c<\/em><strong><em>Encuentro<\/em><\/strong><em>\u201d.<\/em><\/p>\n<p>18 settembre<br \/>\nLE <strong>Miniolimpiadi<br \/>\n<\/strong><strong><em>Manifestazioni ed esibizioni sportive <\/em><\/strong><strong><em>nei tre oratori della Comunit\u00e0 <\/em><\/strong><strong><em>pastorale <\/em><\/strong><em>\u201cMaria madre della Chiesa\u201d:<\/em><em>Camporicco, Cassina e S.Agata.<br \/>\n<\/em><em>In caso di maltempo le manifestazioni si <\/em><em>terranno presso il centro sportivo di Via <\/em><em>Trieste<\/em><\/p>\n<p>19 settembre ore 21.00<br \/>\nIL <strong>Convegno<br \/>\n<\/strong><em>Presso l&#8217;<\/em><strong><em>oratorio S.D. Savio <\/em><\/strong><em>di Via Cardinal Ferrari <\/em><strong><em>incontro <\/em><\/strong><em>di apertura <\/em><em>dell\u2019anno oratoriano dal titolo:<br \/>\n<\/em><em>\u201c<\/em><strong><em>Educare con lo sport<\/em><\/strong><em>\u201d.<br \/>\n<\/em><em>Sono invitati genitori, catechisti, educatori, allenatori<\/em><\/p>\n<p><em><a href=\"http:\/\/comunitapastoralecassina.org\/ver2\/wp-content\/uploads\/TreAnte_Compleanno_LD.pdf\">Scarica il pieghevole<\/a><\/em><\/p>\n<p><a href=\"http:\/\/comunitapastoralecassina.org\/ver2\/wp-content\/uploads\/Locandina_DEF_LD1.pdf\">Scarica il calendario degli appuntamenti<\/a><\/p>\n","protected":false},"excerpt":{"rendered":"<p>BUON COMPLEANNO ARCOBALENO Il 6 maggio di dieci anni fa veniva fondato il Gruppo Sportivo Arcobaleno. In dieci anni di vita quest\u2019Associazione \u00e8 diventata un punto fermo della nostra Comunit\u00e0 Cristiana e un riferimento per tutta la citt\u00e0 di Cassina. Il numero di iscritti (ormai stabilmente pi\u00f9 di 600), la pluralit\u00e0 delle proposte sportive, la [&hellip;]<\/p>\n","protected":false},"author":2,"featured_media":0,"comment_status":"closed","ping_status":"open","sticky":false,"template":"","format":"standard","meta":{"footnotes":""},"categories":[17],"tags":[],"class_list":{"0":"post-2488","1":"post","2":"type-post","3":"status-publish","4":"format-standard","6":"category-asd-sds-arcobaleno"},"_links":{"self":[{"href":"https:\/\/comunitapastoralecassina.org\/ver2\/wp-json\/wp\/v2\/posts\/2488","targetHints":{"allow":["GET"]}}],"collection":[{"href":"https:\/\/comunitapastoralecassina.org\/ver2\/wp-json\/wp\/v2\/posts"}],"about":[{"href":"https:\/\/comunitapastoralecassina.org\/ver2\/wp-json\/wp\/v2\/types\/post"}],"author":[{"embeddable":true,"href":"https:\/\/comunitapastoralecassina.org\/ver2\/wp-json\/wp\/v2\/users\/2"}],"replies":[{"embeddable":true,"href":"https:\/\/comunitapastoralecassina.org\/ver2\/wp-json\/wp\/v2\/comments?post=2488"}],"version-history":[{"count":9,"href":"https:\/\/comunitapastoralecassina.org\/ver2\/wp-json\/wp\/v2\/posts\/2488\/revisions"}],"predecessor-version":[{"id":5855,"href":"https:\/\/comunitapastoralecassina.org\/ver2\/wp-json\/wp\/v2\/posts\/2488\/revisions\/5855"}],"wp:attachment":[{"href":"https:\/\/comunitapastoralecassina.org\/ver2\/wp-json\/wp\/v2\/media?parent=2488"}],"wp:term":[{"taxonomy":"category","embeddable":true,"href":"https:\/\/comunitapastoralecassina.org\/ver2\/wp-json\/wp\/v2\/categories?post=2488"},{"taxonomy":"post_tag","embeddable":true,"href":"https:\/\/comunitapastoralecassina.org\/ver2\/wp-json\/wp\/v2\/tags?post=2488"}],"curies":[{"name":"wp","href":"https:\/\/api.w.org\/{rel}","templated":true}]}}