{"id":2497,"date":"2011-04-21T21:13:32","date_gmt":"2011-04-21T19:13:32","guid":{"rendered":"http:\/\/comunitapastoralecassina.org\/ver2\/?p=2497"},"modified":"2013-01-25T22:04:44","modified_gmt":"2013-01-25T21:04:44","slug":"la-novita-della-pasqua-cristiana","status":"publish","type":"post","link":"https:\/\/comunitapastoralecassina.org\/ver2\/2011\/04\/la-novita-della-pasqua-cristiana\/","title":{"rendered":"La novit\u00e0 della Pasqua cristiana"},"content":{"rendered":"<p>Carissimi,<\/p>\n<p>in questa domenica di Pasqua, quando l&#8217;intera Chiesa celebra con grande gioia e rinnova con intenso amore la sua fede nella risurrezione di Ges\u00f9 dai morti, mi risuona nell&#8217;animo una parola formidabile dell&#8217;apostolo Paolo, che mi esalta e insieme mi inquieta: &#8220;<em>Se Cristo non \u00e8 risuscitato<\/em> &#8211; dice ai cristiani di Corinto &#8211; <em>allora \u00e8 vana la nostra predicazione e vana anche la vostra fede<\/em>&#8221; (1 Corinzi 15, 14).<\/p>\n<p>La risurrezione di Ges\u00f9 \u00e8 fondamento e sta al cuore di tutta la predicazione della Chiesa, cos\u00ec come d\u00e0 contenuto e ragione a tutta la fede dei cristiani.<\/p>\n<p>Ma proprio questo fatto interpella tutti quanti noi cristiani, chiamati come siamo a chiederci seriamente se davvero Cristo risorto sta al centro della nostra fede.<\/p>\n<p>Il modo concreto con cui tanti battezzati vivono questo giorno di festa non pu\u00f2 non intristirci e non preoccuparci. La Pasqua, infatti, rischia d&#8217;essere una giornata festiva piuttosto generica, forse con qualche segno in pi\u00f9 di religiosit\u00e0 e di preghiera, e forse anche con la ricezione dei sacramenti della Confessione e della Comunione.<\/p>\n<p>Ma \u00e8 tutta qui la Pasqua cristiana?<\/p>\n<p>Quanto straordinaria e affascinante, invece, \u00e8 la liturgia della Chiesa, se compresa nella sua verit\u00e0 piena e vissuta nel suo significato autentico!<\/p>\n<p>La celebrazione liturgica ha la forza di aprirci al mistero ineffabile di Dio e del suo amore che salva, di farci incontrare con la persona viva di Ges\u00f9 raggiunto nell&#8217;evento stesso del suo risorgere da morte per la potenza del Padre.<\/p>\n<p>La liturgia, con le sue parole e con i suoi riti, ci d\u00e0 la certezza che solo Cristo risorto pu\u00f2 assicurare alla predicazione e alla fede quel contenuto solido ed incisivo di cui ha assoluto bisogno la nostra vita, perch\u00e9 sia ricca di verit\u00e0, di senso, di autentica libert\u00e0, di profonda gioia, certo secondo il disegno di Dio ma anche secondo le esigenze pi\u00f9 genuine del cuore umano.<\/p>\n<p>La liturgia, attraverso le letture bibliche del giorno di Pasqua, ci offre un aiuto a rinnovare in modo pi\u00f9 convinto e maturo la nostra confessione in Cristo risorto: \u00ab<em>Scimus Christum surrexisse a mortuis vere!<\/em> <em>S\u00ec, ne siamo certi: Cristo \u00e8 davvero risorto. Tu, Re vittorioso, portaci la tua salvezza<\/em>\u00bb (dalla sequenza &#8220;Victimae pachali&#8221;).\u00a0<\/p>\n<p><em>(Card. Dionigi Tettamanzi)<\/em><\/p>\n<p><em>\u00a0<\/em><\/p>\n<p><strong>\u00abHo visto il Signore!\u00bb <\/strong>&#8211; cos\u00ec Maria di Magdala corre ad annunciare ai discepoli. Anche per noi, nasce l&#8217;impegno di un&#8217;autentica testimonianza di fede pasquale.<strong><\/strong><\/p>\n","protected":false},"excerpt":{"rendered":"<p>Carissimi, in questa domenica di Pasqua, quando l&#8217;intera Chiesa celebra con grande gioia e rinnova con intenso amore la sua fede nella risurrezione di Ges\u00f9 dai morti, mi risuona nell&#8217;animo una parola formidabile dell&#8217;apostolo Paolo, che mi esalta e insieme mi inquieta: &#8220;Se Cristo non \u00e8 risuscitato &#8211; dice ai cristiani di Corinto &#8211; allora [&hellip;]<\/p>\n","protected":false},"author":2,"featured_media":0,"comment_status":"closed","ping_status":"open","sticky":false,"template":"","format":"standard","meta":{"footnotes":""},"categories":[19],"tags":[],"class_list":{"0":"post-2497","1":"post","2":"type-post","3":"status-publish","4":"format-standard","6":"category-prima-pagina"},"_links":{"self":[{"href":"https:\/\/comunitapastoralecassina.org\/ver2\/wp-json\/wp\/v2\/posts\/2497","targetHints":{"allow":["GET"]}}],"collection":[{"href":"https:\/\/comunitapastoralecassina.org\/ver2\/wp-json\/wp\/v2\/posts"}],"about":[{"href":"https:\/\/comunitapastoralecassina.org\/ver2\/wp-json\/wp\/v2\/types\/post"}],"author":[{"embeddable":true,"href":"https:\/\/comunitapastoralecassina.org\/ver2\/wp-json\/wp\/v2\/users\/2"}],"replies":[{"embeddable":true,"href":"https:\/\/comunitapastoralecassina.org\/ver2\/wp-json\/wp\/v2\/comments?post=2497"}],"version-history":[{"count":7,"href":"https:\/\/comunitapastoralecassina.org\/ver2\/wp-json\/wp\/v2\/posts\/2497\/revisions"}],"predecessor-version":[{"id":5854,"href":"https:\/\/comunitapastoralecassina.org\/ver2\/wp-json\/wp\/v2\/posts\/2497\/revisions\/5854"}],"wp:attachment":[{"href":"https:\/\/comunitapastoralecassina.org\/ver2\/wp-json\/wp\/v2\/media?parent=2497"}],"wp:term":[{"taxonomy":"category","embeddable":true,"href":"https:\/\/comunitapastoralecassina.org\/ver2\/wp-json\/wp\/v2\/categories?post=2497"},{"taxonomy":"post_tag","embeddable":true,"href":"https:\/\/comunitapastoralecassina.org\/ver2\/wp-json\/wp\/v2\/tags?post=2497"}],"curies":[{"name":"wp","href":"https:\/\/api.w.org\/{rel}","templated":true}]}}